{"id":10160,"date":"2022-12-25T10:00:24","date_gmt":"2022-12-25T14:00:24","guid":{"rendered":"https:\/\/mycapil.com\/?p=10160"},"modified":"2022-12-19T06:40:31","modified_gmt":"2022-12-19T10:40:31","slug":"comment-revitaliser-les-cheveux-apres-lete","status":"publish","type":"post","link":"https:\/\/mycapil.com\/fr\/comment-revitaliser-les-cheveux-apres-lete\/","title":{"rendered":"Comment revitaliser les cheveux apr\u00e8s l&#8217;\u00e9t\u00e9 ?"},"content":{"rendered":"<p class=\"p1\">Maintenant que l&#8217;\u00e9t\u00e9 est termin\u00e9, <strong>vous faites plus attention \u00e0 vos cheveux<\/strong>. Vous remarquez des<strong> pointes fourchues<\/strong>, des cheveux mous, de la s\u00e9cheresse et un manque g\u00e9n\u00e9ral de lustre. Ce sont tous des <strong>signes d&#8217;endommagement des cheveux<\/strong>. Et puisque l&#8217;\u00e9t\u00e9 vient de se terminer, nous en connaissons la cause. Dans cet article, nous allons explorer <strong>comment revitaliser les cheveux apr\u00e8s l&#8217;\u00e9t\u00e9 ?<\/strong><\/p>\n<p class=\"p1\">Ce n&#8217;est certainement un secret pour personne que certaines des meilleures activit\u00e9s estivales se d\u00e9roulent \u00e0 l&#8217;ext\u00e9rieur.\u00a0Nous pouvons faire un merveilleux pique-nique dans les bois, nager dans des piscines et des plans d&#8217;eau naturels, faire de la randonn\u00e9e et faire une panoplie d&#8217;activit\u00e9s amusantes.<\/p>\n<p class=\"p1\"><strong>La cr\u00e8me solaire<\/strong> devient un produit vital pour tout le monde en \u00e9t\u00e9, car le soleil d&#8217;\u00e9t\u00e9 est g\u00e9n\u00e9ralement plus intense que les autres saisons.\u00a0<strong>Les effets des coups de soleil<\/strong> sur votre visage ou votre corps rendent ce produit tr\u00e8s important.\u00a0Cependant, comme vous ne ressentirez souvent pas les effets douloureux des dommages caus\u00e9s par <strong>la chaleur sur vos cheveux et votre cuir chevelu<\/strong>, vous pouvez n\u00e9gliger <strong>la cr\u00e8me solaire pour les cheveux<\/strong>.\u00a0Ce sont des <strong>produits capillaires qui prot\u00e8gent les cheveux des rayons UV<\/strong>.<\/p>\n<h2 class=\"p1\">Comment revitaliser les cheveux apr\u00e8s l&#8217;\u00e9t\u00e9 ?<\/h2>\n<p class=\"p1\">Voici neuf fa\u00e7ons de<strong> revitaliser vos cheveux apr\u00e8s l&#8217;\u00e9t\u00e9<\/strong> :<\/p>\n<h3 class=\"p1\">Cr\u00e9ez une routine et respectez-la<\/h3>\n<p class=\"p1\">La chose la plus importante qui d\u00e9terminera le succ\u00e8s de ces adaptations de <strong>soins capillaires<\/strong> est votre coh\u00e9rence avec elles.\u00a0Ainsi, vous pouvez cr\u00e9er une <strong>routine pour vous laver les cheveux<\/strong>, appliquer votre <strong>apr\u00e8s-shampooing<\/strong>, votre <strong>s\u00e9rum capillaire<\/strong> et d&#8217;autres astuces que vous d\u00e9couvrirez bient\u00f4t. Continuez \u00e0 lire \u00ab\u00a0<strong>comment revitaliser les cheveux apr\u00e8s l&#8217;\u00e9t\u00e9 ?<\/strong>\u00a0\u00bb Pour en savoir plus<\/p>\n<h3 class=\"p1\">Utiliser un shampoing et un revitalisant<\/h3>\n<p class=\"p1\">Plus nos activit\u00e9s estivales sont intenses, plus nous sommes enclins de prendre plus fr\u00e9quemment une douche \u00e0 cause de la chaleur.\u00a0Cela peut entra\u00eener <strong>le lavage de vos cheveux<\/strong> plus souvent, la prise de plusieurs douches et d&#8217;autres modifications de votre mode de vie.<\/p>\n<p class=\"p1\">Oui, tout comme vous changez de v\u00eatements au gr\u00e9 des intemp\u00e9ries, vous devez \u00e9galement <strong>changer certains de vos produits capillaires<\/strong>.\u00a0Se laver les cheveux signifie souvent que vous utiliserez plus de shampoing, ce qui peut entra\u00eener une s\u00e9cheresse \u00e0 long terme.<\/p>\n<p class=\"p1\">Achetez-en un plus naturel pour l&#8217;\u00e9t\u00e9, avec moins de produits chimiques qui peuvent endommager vos follicules sensibles. Nous recommandons <strong>un shampoing<\/strong> con\u00e7u <strong>pour hydrater et r\u00e9g\u00e9n\u00e9rer les cheveux<\/strong> des hommes et des femmes.<\/p>\n<h3 class=\"p1\">Revitalisez vos cheveux en profondeur<\/h3>\n<p class=\"p1\"><strong>Revitalisez vos cheveux<\/strong> souvent est id\u00e9al, car cela les adoucit et les rend plus faciles \u00e0 coiffer.\u00a0Il cr\u00e9e \u00e9galement une couche protectrice au-dessus de chaque m\u00e8che de cheveux.\u00a0Aujourd&#8217;hui, les <strong>apr\u00e8s-shampoings revitalisant<\/strong> sont con\u00e7us pour une application sp\u00e9ciale. Votre <strong>apr\u00e8s-shampooing<\/strong> s&#8217;attaque aux probl\u00e8mes de <strong>votre type de cheveux<\/strong> et se concentre sur son am\u00e9lioration.<\/p>\n<p class=\"p1\">Cependant, si vous avez <strong>les cheveux gras<\/strong>, il est pr\u00e9f\u00e9rable de r\u00e9duire le nombre de fois que vous les <strong>revitalisez<\/strong>.\u00a0Apr\u00e8s votre lavage, vous pouvez appliquer <strong>des s\u00e9rums capillaires<\/strong> ou <strong>des huiles capillaires<\/strong> \u00e0 la place.<\/p>\n<h3 class=\"p1\">Utilisez des g\u00e9lules anti-chute<\/h3>\n<p class=\"p1\">Que votre \u00e9tat de <strong>perte de cheveux<\/strong> soit devenu perceptible ou non, vous pouvez utiliser des g\u00e9lules.\u00a0<strong>Les capsules de perte de cheveux<\/strong> ont \u00e9t\u00e9 d\u00e9velopp\u00e9es pour fournir une <strong>source constante de vitamines<\/strong> et d&#8217;autres <strong>nutriments<\/strong> manquant dans vos follicules pileux.<\/p>\n<p class=\"p1\">Ils sont diff\u00e9rents des m\u00e9dicaments conventionnels. Vous pouvez vous les procurer en pharmacie.\u00a0<strong>Ces capsules<\/strong> renouvellent vos bulbes capillaires, <strong>nourrissent votre cuir chevelu<\/strong> et vos m\u00e8ches, <strong>hydratent vos racines<\/strong> capillaires et <strong>revitalisent les follicules<\/strong> faibles.<\/p>\n<h3 class=\"p1\">Utilisez des s\u00e9rums capillaires<\/h3>\n<p class=\"p1\">Lorsque vous cherchez \u00e0 retrouver \u00e9lasticit\u00e9, fermet\u00e9 et r\u00e9sistance, vous pouvez envisager <a href=\"https:\/\/mycapil.com\/fr\/meilleur-serum-pour-cheveux\/\"><strong>des s\u00e9rums pour vos cheveux<\/strong><\/a>.\u00a0Ils <strong>augmentent le flux sanguin vers votre cuir chevelu<\/strong>, encouragent la production de m\u00e8ches plus pleines et plus longues et s\u00e9curisent l&#8217;humidit\u00e9 et les huiles des cheveux sur chaque m\u00e8che.<\/p>\n<h3 class=\"p1\">Buvez suffisamment d&#8217;eau<\/h3>\n<p class=\"p1\"><strong>Revitaliser vos cheveux<\/strong> est impossible si vous ne buvez pas assez d&#8217;eau.\u00a0L&#8217;eau offre \u00e0 vos cheveux de nombreux avantages, directs et indirects.\u00a0Les avantages directs incluent <strong>l&#8217;hydratation<\/strong> et l&#8217;augmentation de son \u00e9lasticit\u00e9.<\/p>\n<p class=\"p1\">Les effets indirects incluent l&#8217;<strong>augmentation de la circulation sanguine<\/strong> et la garantie qu&#8217;une quantit\u00e9 suffisante atteint <strong>votre cuir chevelu<\/strong> et vos follicules, fournissant ainsi les nutriments n\u00e9cessaires \u00e0 <strong>la croissance et \u00e0 la force de vos cheveux<\/strong>.<\/p>\n<h3 class=\"p1\">Lavez moins souvent<\/h3>\n<p class=\"p1\"><strong>\u00c0 quelle fr\u00e9quence vous lavez-vous les cheveux<\/strong> par semaine ? Nous parions que vous ne savez pas que les effets d&#8217;un lavage trop fr\u00e9quent des cheveux peuvent \u00e9galement \u00eatre nocifs. <strong>Les cheveux qui ont besoin d&#8217;\u00eatre revitalis\u00e9s<\/strong> ne doivent pas \u00eatre fr\u00e9quemment lav\u00e9s. Deux fois par semaine est l&#8217;id\u00e9al.<\/p>\n<p class=\"p1\">N&#8217;oubliez pas d&#8217;<strong>utiliser un bon shampoing<\/strong>, de pr\u00e9f\u00e9rence celui qui offre des avantages suppl\u00e9mentaires en plus de rendre <strong>vos cheveux brillants et volumineux<\/strong>.\u00a0Choisissez un shampoing qui contient des ingr\u00e9dients pour <strong>la croissance et la revitalisation des cheveux<\/strong>.<\/p>\n<h3 class=\"p1\">Surveillez vos habitudes capillaires<\/h3>\n<p><img loading=\"lazy\" decoding=\"async\" class=\"aligncenter wp-image-10166 size-medium\" src=\"https:\/\/mycapil.com\/wp-content\/uploads\/2022\/12\/Comment-revitaliser-les-cheveux-apres-lete-_-300x225.jpg\" alt=\"Comment revitaliser les cheveux apr\u00e8s l'\u00e9t\u00e9 ?\" width=\"300\" height=\"225\" srcset=\"https:\/\/mycapil.com\/wp-content\/uploads\/2022\/12\/Comment-revitaliser-les-cheveux-apres-lete-_-300x225.jpg 300w, https:\/\/mycapil.com\/wp-content\/uploads\/2022\/12\/Comment-revitaliser-les-cheveux-apres-lete-_-768x576.jpg 768w, https:\/\/mycapil.com\/wp-content\/uploads\/2022\/12\/Comment-revitaliser-les-cheveux-apres-lete-_-150x113.jpg 150w, https:\/\/mycapil.com\/wp-content\/uploads\/2022\/12\/Comment-revitaliser-les-cheveux-apres-lete-_-696x522.jpg 696w, https:\/\/mycapil.com\/wp-content\/uploads\/2022\/12\/Comment-revitaliser-les-cheveux-apres-lete-_-560x420.jpg 560w, https:\/\/mycapil.com\/wp-content\/uploads\/2022\/12\/Comment-revitaliser-les-cheveux-apres-lete-_-80x60.jpg 80w, https:\/\/mycapil.com\/wp-content\/uploads\/2022\/12\/Comment-revitaliser-les-cheveux-apres-lete-_-265x198.jpg 265w, https:\/\/mycapil.com\/wp-content\/uploads\/2022\/12\/Comment-revitaliser-les-cheveux-apres-lete-_.jpg 800w\" sizes=\"auto, (max-width: 300px) 100vw, 300px\" \/><\/p>\n<p class=\"p1\">Saviez-vous que <strong>certaines de vos habitudes capillaires<\/strong> peuvent \u00e9ventuellement <strong>endommager vos cheveux<\/strong> ?\u00a0Un exemple pertinent est celui des queues de cheval, qui sont redevenu \u00e0 la mode.\u00a0Elles peuvent entra\u00eener <strong>une alop\u00e9cie de traction<\/strong>, qui est une condition de <strong>perte de cheveux<\/strong> qui commence sur les bords de votre cuir chevelu.<\/p>\n<p class=\"p1\">Soumettre vos cheveux \u00e0 des options de coiffage \u00e0 chaleur constante peut \u00e9galement les affaiblir consid\u00e9rablement. C&#8217;est pourquoi vous devez r\u00e9duire votre exposition \u00e0 la chaleur ou utiliser <strong>des protecteurs capillaires thermique<\/strong>\u00a0 qui minimisent l&#8217;impact de la temp\u00e9rature \u00e9lev\u00e9e.<\/p>\n<p class=\"p1\">Maintenant, lorsque vous cherchez \u00e0<strong> revitaliser vos cheveux<\/strong>, vous devez consid\u00e9rer ces m\u00e8ches comme d\u00e9licates.\u00a0Par cons\u00e9quent, vous les traiterez aussi d\u00e9licatement que possible, ce qui signifie que vous devrez peut-\u00eatre recourir \u00e0 des queues de cheval plus l\u00e2ches et \u00e0 des traitements thermiques moins intenses.<\/p>\n<h3 class=\"p1\">Utilisez des huiles essentielles<\/h3>\n<p class=\"p1\">Si vous cherchez \u00e0 <strong>avoir des cheveux plus sains<\/strong>, vous devez ajouter des <strong>huiles capillaires \u00e0 votre routine de soins capillaires<\/strong>.\u00a0Il ne faut jamais sous-estimer l&#8217;essence des <strong>huiles essentielles<\/strong>.\u00a0Elles sont un rem\u00e8de complet pour un \u00e9ventail de conditions.<\/p>\n<p class=\"p1\">C&#8217;est aussi simple que de les appliquer au moment qui convient le mieux \u00e0 la texture de vos cheveux.\u00a0Par exemple, si vous avez <strong>les cheveux gras<\/strong>, vous pouvez utiliser les huiles avant d&#8217;aller au lit.\u00a0Le lendemain matin, vous le laverez en sachant qu&#8217;il a fait son travail sur vos cheveux.<\/p>\n<p class=\"p1\"><strong>Les huiles essentielles capillaires<\/strong> sont excellentes pour <strong>renforcer vos cheveux<\/strong> et <strong>r\u00e9parer les dommages caus\u00e9s par la chaleur<\/strong>.\u00a0Il existe diff\u00e9rents <strong>types d&#8217;huile capillaire<\/strong>.\u00a0Les plus courantes sont l&#8217;<strong>huile de romarin<\/strong>, l&#8217;<strong>huile de lavande<\/strong>, l&#8217;<strong>huile de noix de coco<\/strong>, l&#8217;<strong>huile de bois de c\u00e8dre<\/strong> et l&#8217;<strong>huile d&#8217;olive<\/strong>.<\/p>\n","protected":false},"excerpt":{"rendered":"<p>Maintenant que l&#8217;\u00e9t\u00e9 est termin\u00e9, vous faites plus attention \u00e0 vos cheveux. Vous remarquez des pointes fourchues, des cheveux mous, de la s\u00e9cheresse et un manque g\u00e9n\u00e9ral de lustre. Ce sont tous des signes d&#8217;endommagement des cheveux. Et puisque l&#8217;\u00e9t\u00e9 vient de se terminer, nous en connaissons la cause. Dans cet article, nous allons explorer [&hellip;]<\/p>\n","protected":false},"author":7,"featured_media":10161,"comment_status":"open","ping_status":"open","sticky":false,"template":"","format":"standard","meta":{"footnotes":""},"categories":[3],"tags":[],"class_list":{"0":"post-10160","1":"post","2":"type-post","3":"status-publish","4":"format-standard","5":"has-post-thumbnail","7":"category-nouvelles"},"yoast_head":"<!-- This site is optimized with the Yoast SEO plugin v25.9 - https:\/\/yoast.com\/wordpress\/plugins\/seo\/ -->\n<title>Comment revitaliser les cheveux apr\u00e8s l&#039;\u00e9t\u00e9 ? - MyCapil \u2714\ufe0f<\/title>\n<meta name=\"description\" content=\"Dans cet article nous abordont le sujet &quot;Comment revitaliser les cheveux apr\u00e8s l&#039;\u00e9t\u00e9 ?&quot; . Visitez notre blog pour en savoir plus.\" \/>\n<meta name=\"robots\" content=\"index, follow, max-snippet:-1, max-image-preview:large, max-video-preview:-1\" \/>\n<link rel=\"canonical\" href=\"https:\/\/mycapil.com\/fr\/comment-revitaliser-les-cheveux-apres-lete\/\" \/>\n<meta property=\"og:locale\" content=\"fr_FR\" \/>\n<meta property=\"og:type\" content=\"article\" \/>\n<meta property=\"og:title\" content=\"Comment revitaliser les cheveux apr\u00e8s l&#039;\u00e9t\u00e9 ? - MyCapil \u2714\ufe0f\" \/>\n<meta property=\"og:description\" content=\"Dans cet article nous abordont le sujet &quot;Comment revitaliser les cheveux apr\u00e8s l&#039;\u00e9t\u00e9 ?&quot; . Visitez notre blog pour en savoir plus.\" \/>\n<meta property=\"og:url\" content=\"https:\/\/mycapil.com\/fr\/comment-revitaliser-les-cheveux-apres-lete\/\" \/>\n<meta property=\"og:site_name\" content=\"MyCapil\" \/>\n<meta property=\"article:published_time\" content=\"2022-12-25T14:00:24+00:00\" \/>\n<meta property=\"og:image\" content=\"https:\/\/mycapil.com\/wp-content\/uploads\/2022\/12\/Comment-revitaliser-les-cheveux-apres-lete-.jpg\" \/>\n\t<meta property=\"og:image:width\" content=\"800\" \/>\n\t<meta property=\"og:image:height\" content=\"600\" \/>\n\t<meta property=\"og:image:type\" content=\"image\/jpeg\" \/>\n<meta name=\"author\" content=\"Jessica\" \/>\n<meta name=\"twitter:card\" content=\"summary_large_image\" \/>\n<meta name=\"twitter:label1\" content=\"Written by\" \/>\n\t<meta name=\"twitter:data1\" content=\"Jessica\" \/>\n\t<meta name=\"twitter:label2\" content=\"Est. reading time\" \/>\n\t<meta name=\"twitter:data2\" content=\"6 minutes\" \/>\n<script type=\"application\/ld+json\" class=\"yoast-schema-graph\">{\"@context\":\"https:\/\/schema.org\",\"@graph\":[{\"@type\":\"Article\",\"@id\":\"https:\/\/mycapil.com\/fr\/comment-revitaliser-les-cheveux-apres-lete\/#article\",\"isPartOf\":{\"@id\":\"https:\/\/mycapil.com\/fr\/comment-revitaliser-les-cheveux-apres-lete\/\"},\"author\":{\"name\":\"Jessica\",\"@id\":\"https:\/\/mycapil.com\/fr\/#\/schema\/person\/da336cc655461c88e3db7b3ad49eaba8\"},\"headline\":\"Comment revitaliser les cheveux apr\u00e8s l&#8217;\u00e9t\u00e9 ?\",\"datePublished\":\"2022-12-25T14:00:24+00:00\",\"mainEntityOfPage\":{\"@id\":\"https:\/\/mycapil.com\/fr\/comment-revitaliser-les-cheveux-apres-lete\/\"},\"wordCount\":1157,\"commentCount\":0,\"publisher\":{\"@id\":\"https:\/\/mycapil.com\/fr\/#organization\"},\"image\":{\"@id\":\"https:\/\/mycapil.com\/fr\/comment-revitaliser-les-cheveux-apres-lete\/#primaryimage\"},\"thumbnailUrl\":\"https:\/\/mycapil.com\/wp-content\/uploads\/2022\/12\/Comment-revitaliser-les-cheveux-apres-lete-.jpg\",\"articleSection\":[\"Nouvelles\"],\"inLanguage\":\"fr\",\"potentialAction\":[{\"@type\":\"CommentAction\",\"name\":\"Comment\",\"target\":[\"https:\/\/mycapil.com\/fr\/comment-revitaliser-les-cheveux-apres-lete\/#respond\"]}]},{\"@type\":\"WebPage\",\"@id\":\"https:\/\/mycapil.com\/fr\/comment-revitaliser-les-cheveux-apres-lete\/\",\"url\":\"https:\/\/mycapil.com\/fr\/comment-revitaliser-les-cheveux-apres-lete\/\",\"name\":\"Comment revitaliser les cheveux apr\u00e8s l'\u00e9t\u00e9 ? - MyCapil \u2714\ufe0f\",\"isPartOf\":{\"@id\":\"https:\/\/mycapil.com\/fr\/#website\"},\"primaryImageOfPage\":{\"@id\":\"https:\/\/mycapil.com\/fr\/comment-revitaliser-les-cheveux-apres-lete\/#primaryimage\"},\"image\":{\"@id\":\"https:\/\/mycapil.com\/fr\/comment-revitaliser-les-cheveux-apres-lete\/#primaryimage\"},\"thumbnailUrl\":\"https:\/\/mycapil.com\/wp-content\/uploads\/2022\/12\/Comment-revitaliser-les-cheveux-apres-lete-.jpg\",\"datePublished\":\"2022-12-25T14:00:24+00:00\",\"description\":\"Dans cet article nous abordont le sujet \\\"Comment revitaliser les cheveux apr\u00e8s l'\u00e9t\u00e9 ?\\\" . Visitez notre blog pour en savoir plus.\",\"breadcrumb\":{\"@id\":\"https:\/\/mycapil.com\/fr\/comment-revitaliser-les-cheveux-apres-lete\/#breadcrumb\"},\"inLanguage\":\"fr\",\"potentialAction\":[{\"@type\":\"ReadAction\",\"target\":[\"https:\/\/mycapil.com\/fr\/comment-revitaliser-les-cheveux-apres-lete\/\"]}]},{\"@type\":\"ImageObject\",\"inLanguage\":\"fr\",\"@id\":\"https:\/\/mycapil.com\/fr\/comment-revitaliser-les-cheveux-apres-lete\/#primaryimage\",\"url\":\"https:\/\/mycapil.com\/wp-content\/uploads\/2022\/12\/Comment-revitaliser-les-cheveux-apres-lete-.jpg\",\"contentUrl\":\"https:\/\/mycapil.com\/wp-content\/uploads\/2022\/12\/Comment-revitaliser-les-cheveux-apres-lete-.jpg\",\"width\":800,\"height\":600,\"caption\":\"Comment revitaliser les cheveux apr\u00e8s l'\u00e9t\u00e9 ?\"},{\"@type\":\"BreadcrumbList\",\"@id\":\"https:\/\/mycapil.com\/fr\/comment-revitaliser-les-cheveux-apres-lete\/#breadcrumb\",\"itemListElement\":[{\"@type\":\"ListItem\",\"position\":1,\"name\":\"Accueil\",\"item\":\"https:\/\/mycapil.com\/fr\/\"},{\"@type\":\"ListItem\",\"position\":2,\"name\":\"Comment revitaliser les cheveux apr\u00e8s l&#8217;\u00e9t\u00e9 ?\"}]},{\"@type\":\"WebSite\",\"@id\":\"https:\/\/mycapil.com\/fr\/#website\",\"url\":\"https:\/\/mycapil.com\/fr\/\",\"name\":\"MyCapil\",\"description\":\"Alop\u00e9cie, Chute de cheveux, capillaire\",\"publisher\":{\"@id\":\"https:\/\/mycapil.com\/fr\/#organization\"},\"potentialAction\":[{\"@type\":\"SearchAction\",\"target\":{\"@type\":\"EntryPoint\",\"urlTemplate\":\"https:\/\/mycapil.com\/fr\/?s={search_term_string}\"},\"query-input\":{\"@type\":\"PropertyValueSpecification\",\"valueRequired\":true,\"valueName\":\"search_term_string\"}}],\"inLanguage\":\"fr\"},{\"@type\":\"Organization\",\"@id\":\"https:\/\/mycapil.com\/fr\/#organization\",\"name\":\"MyCapil\",\"url\":\"https:\/\/mycapil.com\/fr\/\",\"logo\":{\"@type\":\"ImageObject\",\"inLanguage\":\"fr\",\"@id\":\"https:\/\/mycapil.com\/fr\/#\/schema\/logo\/image\/\",\"url\":\"https:\/\/mycapil.com\/wp-content\/uploads\/2020\/02\/Mycapil3.png\",\"contentUrl\":\"https:\/\/mycapil.com\/wp-content\/uploads\/2020\/02\/Mycapil3.png\",\"width\":339,\"height\":113,\"caption\":\"MyCapil\"},\"image\":{\"@id\":\"https:\/\/mycapil.com\/fr\/#\/schema\/logo\/image\/\"}},{\"@type\":\"Person\",\"@id\":\"https:\/\/mycapil.com\/fr\/#\/schema\/person\/da336cc655461c88e3db7b3ad49eaba8\",\"name\":\"Jessica\",\"image\":{\"@type\":\"ImageObject\",\"inLanguage\":\"fr\",\"@id\":\"https:\/\/mycapil.com\/fr\/#\/schema\/person\/image\/\",\"url\":\"https:\/\/secure.gravatar.com\/avatar\/fb884780093d4cd4e37d216f175cf5811ef132339af3c5423b01b9e434cce15f?s=96&d=mm&r=g\",\"contentUrl\":\"https:\/\/secure.gravatar.com\/avatar\/fb884780093d4cd4e37d216f175cf5811ef132339af3c5423b01b9e434cce15f?s=96&d=mm&r=g\",\"caption\":\"Jessica\"}}]}<\/script>\n<!-- \/ Yoast SEO plugin. -->","yoast_head_json":{"title":"Comment revitaliser les cheveux apr\u00e8s l'\u00e9t\u00e9 ? - MyCapil \u2714\ufe0f","description":"Dans cet article nous abordont le sujet \"Comment revitaliser les cheveux apr\u00e8s l'\u00e9t\u00e9 ?\" . Visitez notre blog pour en savoir plus.","robots":{"index":"index","follow":"follow","max-snippet":"max-snippet:-1","max-image-preview":"max-image-preview:large","max-video-preview":"max-video-preview:-1"},"canonical":"https:\/\/mycapil.com\/fr\/comment-revitaliser-les-cheveux-apres-lete\/","og_locale":"fr_FR","og_type":"article","og_title":"Comment revitaliser les cheveux apr\u00e8s l'\u00e9t\u00e9 ? - MyCapil \u2714\ufe0f","og_description":"Dans cet article nous abordont le sujet \"Comment revitaliser les cheveux apr\u00e8s l'\u00e9t\u00e9 ?\" . Visitez notre blog pour en savoir plus.","og_url":"https:\/\/mycapil.com\/fr\/comment-revitaliser-les-cheveux-apres-lete\/","og_site_name":"MyCapil","article_published_time":"2022-12-25T14:00:24+00:00","og_image":[{"width":800,"height":600,"url":"https:\/\/mycapil.com\/wp-content\/uploads\/2022\/12\/Comment-revitaliser-les-cheveux-apres-lete-.jpg","type":"image\/jpeg"}],"author":"Jessica","twitter_card":"summary_large_image","twitter_misc":{"Written by":"Jessica","Est. reading time":"6 minutes"},"schema":{"@context":"https:\/\/schema.org","@graph":[{"@type":"Article","@id":"https:\/\/mycapil.com\/fr\/comment-revitaliser-les-cheveux-apres-lete\/#article","isPartOf":{"@id":"https:\/\/mycapil.com\/fr\/comment-revitaliser-les-cheveux-apres-lete\/"},"author":{"name":"Jessica","@id":"https:\/\/mycapil.com\/fr\/#\/schema\/person\/da336cc655461c88e3db7b3ad49eaba8"},"headline":"Comment revitaliser les cheveux apr\u00e8s l&#8217;\u00e9t\u00e9 ?","datePublished":"2022-12-25T14:00:24+00:00","mainEntityOfPage":{"@id":"https:\/\/mycapil.com\/fr\/comment-revitaliser-les-cheveux-apres-lete\/"},"wordCount":1157,"commentCount":0,"publisher":{"@id":"https:\/\/mycapil.com\/fr\/#organization"},"image":{"@id":"https:\/\/mycapil.com\/fr\/comment-revitaliser-les-cheveux-apres-lete\/#primaryimage"},"thumbnailUrl":"https:\/\/mycapil.com\/wp-content\/uploads\/2022\/12\/Comment-revitaliser-les-cheveux-apres-lete-.jpg","articleSection":["Nouvelles"],"inLanguage":"fr","potentialAction":[{"@type":"CommentAction","name":"Comment","target":["https:\/\/mycapil.com\/fr\/comment-revitaliser-les-cheveux-apres-lete\/#respond"]}]},{"@type":"WebPage","@id":"https:\/\/mycapil.com\/fr\/comment-revitaliser-les-cheveux-apres-lete\/","url":"https:\/\/mycapil.com\/fr\/comment-revitaliser-les-cheveux-apres-lete\/","name":"Comment revitaliser les cheveux apr\u00e8s l'\u00e9t\u00e9 ? - MyCapil \u2714\ufe0f","isPartOf":{"@id":"https:\/\/mycapil.com\/fr\/#website"},"primaryImageOfPage":{"@id":"https:\/\/mycapil.com\/fr\/comment-revitaliser-les-cheveux-apres-lete\/#primaryimage"},"image":{"@id":"https:\/\/mycapil.com\/fr\/comment-revitaliser-les-cheveux-apres-lete\/#primaryimage"},"thumbnailUrl":"https:\/\/mycapil.com\/wp-content\/uploads\/2022\/12\/Comment-revitaliser-les-cheveux-apres-lete-.jpg","datePublished":"2022-12-25T14:00:24+00:00","description":"Dans cet article nous abordont le sujet \"Comment revitaliser les cheveux apr\u00e8s l'\u00e9t\u00e9 ?\" . Visitez notre blog pour en savoir plus.","breadcrumb":{"@id":"https:\/\/mycapil.com\/fr\/comment-revitaliser-les-cheveux-apres-lete\/#breadcrumb"},"inLanguage":"fr","potentialAction":[{"@type":"ReadAction","target":["https:\/\/mycapil.com\/fr\/comment-revitaliser-les-cheveux-apres-lete\/"]}]},{"@type":"ImageObject","inLanguage":"fr","@id":"https:\/\/mycapil.com\/fr\/comment-revitaliser-les-cheveux-apres-lete\/#primaryimage","url":"https:\/\/mycapil.com\/wp-content\/uploads\/2022\/12\/Comment-revitaliser-les-cheveux-apres-lete-.jpg","contentUrl":"https:\/\/mycapil.com\/wp-content\/uploads\/2022\/12\/Comment-revitaliser-les-cheveux-apres-lete-.jpg","width":800,"height":600,"caption":"Comment revitaliser les cheveux apr\u00e8s l'\u00e9t\u00e9 ?"},{"@type":"BreadcrumbList","@id":"https:\/\/mycapil.com\/fr\/comment-revitaliser-les-cheveux-apres-lete\/#breadcrumb","itemListElement":[{"@type":"ListItem","position":1,"name":"Accueil","item":"https:\/\/mycapil.com\/fr\/"},{"@type":"ListItem","position":2,"name":"Comment revitaliser les cheveux apr\u00e8s l&#8217;\u00e9t\u00e9 ?"}]},{"@type":"WebSite","@id":"https:\/\/mycapil.com\/fr\/#website","url":"https:\/\/mycapil.com\/fr\/","name":"MyCapil","description":"Alop\u00e9cie, Chute de cheveux, capillaire","publisher":{"@id":"https:\/\/mycapil.com\/fr\/#organization"},"potentialAction":[{"@type":"SearchAction","target":{"@type":"EntryPoint","urlTemplate":"https:\/\/mycapil.com\/fr\/?s={search_term_string}"},"query-input":{"@type":"PropertyValueSpecification","valueRequired":true,"valueName":"search_term_string"}}],"inLanguage":"fr"},{"@type":"Organization","@id":"https:\/\/mycapil.com\/fr\/#organization","name":"MyCapil","url":"https:\/\/mycapil.com\/fr\/","logo":{"@type":"ImageObject","inLanguage":"fr","@id":"https:\/\/mycapil.com\/fr\/#\/schema\/logo\/image\/","url":"https:\/\/mycapil.com\/wp-content\/uploads\/2020\/02\/Mycapil3.png","contentUrl":"https:\/\/mycapil.com\/wp-content\/uploads\/2020\/02\/Mycapil3.png","width":339,"height":113,"caption":"MyCapil"},"image":{"@id":"https:\/\/mycapil.com\/fr\/#\/schema\/logo\/image\/"}},{"@type":"Person","@id":"https:\/\/mycapil.com\/fr\/#\/schema\/person\/da336cc655461c88e3db7b3ad49eaba8","name":"Jessica","image":{"@type":"ImageObject","inLanguage":"fr","@id":"https:\/\/mycapil.com\/fr\/#\/schema\/person\/image\/","url":"https:\/\/secure.gravatar.com\/avatar\/fb884780093d4cd4e37d216f175cf5811ef132339af3c5423b01b9e434cce15f?s=96&d=mm&r=g","contentUrl":"https:\/\/secure.gravatar.com\/avatar\/fb884780093d4cd4e37d216f175cf5811ef132339af3c5423b01b9e434cce15f?s=96&d=mm&r=g","caption":"Jessica"}}]}},"_links":{"self":[{"href":"https:\/\/mycapil.com\/fr\/wp-json\/wp\/v2\/posts\/10160","targetHints":{"allow":["GET"]}}],"collection":[{"href":"https:\/\/mycapil.com\/fr\/wp-json\/wp\/v2\/posts"}],"about":[{"href":"https:\/\/mycapil.com\/fr\/wp-json\/wp\/v2\/types\/post"}],"author":[{"embeddable":true,"href":"https:\/\/mycapil.com\/fr\/wp-json\/wp\/v2\/users\/7"}],"replies":[{"embeddable":true,"href":"https:\/\/mycapil.com\/fr\/wp-json\/wp\/v2\/comments?post=10160"}],"version-history":[{"count":2,"href":"https:\/\/mycapil.com\/fr\/wp-json\/wp\/v2\/posts\/10160\/revisions"}],"predecessor-version":[{"id":10177,"href":"https:\/\/mycapil.com\/fr\/wp-json\/wp\/v2\/posts\/10160\/revisions\/10177"}],"wp:featuredmedia":[{"embeddable":true,"href":"https:\/\/mycapil.com\/fr\/wp-json\/wp\/v2\/media\/10161"}],"wp:attachment":[{"href":"https:\/\/mycapil.com\/fr\/wp-json\/wp\/v2\/media?parent=10160"}],"wp:term":[{"taxonomy":"category","embeddable":true,"href":"https:\/\/mycapil.com\/fr\/wp-json\/wp\/v2\/categories?post=10160"},{"taxonomy":"post_tag","embeddable":true,"href":"https:\/\/mycapil.com\/fr\/wp-json\/wp\/v2\/tags?post=10160"}],"curies":[{"name":"wp","href":"https:\/\/api.w.org\/{rel}","templated":true}]}}