{"id":12106,"date":"2023-03-25T10:00:08","date_gmt":"2023-03-25T14:00:08","guid":{"rendered":"https:\/\/mycapil.com\/?p=12106"},"modified":"2023-03-22T10:49:14","modified_gmt":"2023-03-22T14:49:14","slug":"la-pollution-affecte-t-elle-la-chute-des-cheveux","status":"publish","type":"post","link":"https:\/\/mycapil.com\/fr\/la-pollution-affecte-t-elle-la-chute-des-cheveux\/","title":{"rendered":"La pollution affecte-t-elle la chute des cheveux ?"},"content":{"rendered":"<p class=\"p1\"><b>La chute des cheveux<\/b> est un probl\u00e8me courant chez les hommes et les femmes, et de nombreuses causes peuvent y contribuer. <b>La pollution est l&#8217;un des facteurs qui peuvent influencer la chute des cheveux<\/b>. Les particules fines et les substances chimiques pr\u00e9sentes dans l&#8217;air peuvent avoir des <b>effets n\u00e9fastes sur la sant\u00e9 du cuir chevelu et des cheveux<\/b>. Dans cet article, nous allons examiner <b>comment la pollution affecte-elle la chute des cheveux<\/b>.<\/p>\n<h2 class=\"p1\"><b>La pollution affecte-t-elle la chute des cheveux ?<\/b><\/h2>\n<p class=\"p1\"><b>La pollution atmosph\u00e9rique<\/b> est l&#8217;un des <b>facteurs qui peuvent contribuer \u00e0 la chute des cheveux<\/b>. Les particules fines et les substances chimiques pr\u00e9sentes dans l&#8217;air peuvent p\u00e9n\u00e9trer dans les pores de la peau et s&#8217;accumuler sur le cuir chevelu, perturbant ainsi l&#8217;\u00e9quilibre naturel du cuir chevelu et des cheveux. Ces particules peuvent obstruer les pores, entra\u00eenant une <b>inflammation du cuir chevelu<\/b> et <b>endommageant les follicules pileux<\/b>, ce qui peut <b>entra\u00eener une perte de cheveux<\/b>.<\/p>\n<p class=\"p1\">En outre, <b>les substances chimiques pr\u00e9sentes dans l&#8217;air<\/b> peuvent \u00e9galement <b>contribuer \u00e0 la chute des cheveux<\/b>. Les \u00e9missions industrielles, les gaz d&#8217;\u00e9chappement des v\u00e9hicules et les produits chimiques pr\u00e9sents dans les produits de beaut\u00e9 peuvent tous contenir des <b>produits chimiques qui peuvent endommager les cheveux<\/b>. Ces substances chimiques peuvent <b>rendre les cheveux plus fragiles<\/b>, <b>les faire tomber pr\u00e9matur\u00e9ment et r\u00e9duire la densit\u00e9 des cheveux<\/b>.<\/p>\n<p class=\"p1\">L&#8217;<b>exposition \u00e0 la pollution<\/b> peut \u00e9galement <b>affecter la production de s\u00e9bum du cuir chevelu<\/b>. <b>Le s\u00e9bum<\/b> est une substance naturelle produite par le cuir chevelu qui aide \u00e0 <b>prot\u00e9ger les cheveux<\/b>. Lorsque <b>le cuir chevelu est expos\u00e9 \u00e0 la pollution<\/b>, la <b>production de s\u00e9bum peut \u00eatre perturb\u00e9e<\/b>, ce qui peut entra\u00eener <b>une s\u00e9cheresse du cuir chevelu et des cheveux cassants<\/b>.<\/p>\n<p class=\"p1\">Pour <b>prot\u00e9ger les cheveux de la pollution<\/b>, il est important de prendre des mesures.<\/p>\n<p><img loading=\"lazy\" decoding=\"async\" class=\"aligncenter wp-image-12112 size-full\" src=\"https:\/\/mycapil.com\/wp-content\/uploads\/2023\/03\/La-pollution-affecte-t-elle-la-chute-des-cheveux-_-.jpg\" alt=\"La pollution affecte-t-elle la chute des cheveux ?\" width=\"800\" height=\"600\" srcset=\"https:\/\/mycapil.com\/wp-content\/uploads\/2023\/03\/La-pollution-affecte-t-elle-la-chute-des-cheveux-_-.jpg 800w, https:\/\/mycapil.com\/wp-content\/uploads\/2023\/03\/La-pollution-affecte-t-elle-la-chute-des-cheveux-_--300x225.jpg 300w, https:\/\/mycapil.com\/wp-content\/uploads\/2023\/03\/La-pollution-affecte-t-elle-la-chute-des-cheveux-_--768x576.jpg 768w, https:\/\/mycapil.com\/wp-content\/uploads\/2023\/03\/La-pollution-affecte-t-elle-la-chute-des-cheveux-_--150x113.jpg 150w, https:\/\/mycapil.com\/wp-content\/uploads\/2023\/03\/La-pollution-affecte-t-elle-la-chute-des-cheveux-_--696x522.jpg 696w, https:\/\/mycapil.com\/wp-content\/uploads\/2023\/03\/La-pollution-affecte-t-elle-la-chute-des-cheveux-_--560x420.jpg 560w, https:\/\/mycapil.com\/wp-content\/uploads\/2023\/03\/La-pollution-affecte-t-elle-la-chute-des-cheveux-_--80x60.jpg 80w, https:\/\/mycapil.com\/wp-content\/uploads\/2023\/03\/La-pollution-affecte-t-elle-la-chute-des-cheveux-_--265x198.jpg 265w\" sizes=\"auto, (max-width: 800px) 100vw, 800px\" \/><\/p>\n<h2 class=\"p1\"><b>Comment prot\u00e9ger les cheveux de la pollution ?<\/b><\/h2>\n<p class=\"p1\"><b>La pollution de l&#8217;air est un facteur qui peut contribuer \u00e0 la chute des cheveux<\/b>. Heureusement, <b>il existe des mesures que l&#8217;on peut prendre pour prot\u00e9ger les cheveux de la pollution<\/b>. Voici quelques conseils :<\/p>\n<h3 class=\"p5\"><b>Lavage<\/b><\/h3>\n<p class=\"p1\"><b>Se laver les cheveux r\u00e9guli\u00e8rement<\/b> : Le lavage r\u00e9gulier des cheveux est important pour <b>\u00e9liminer les particules de pollution<\/b> qui se sont accumul\u00e9es sur le cuir chevelu. Il est recommand\u00e9 de se <b>laver les cheveux tous les deux jours<\/b> environ pour <b>maintenir une bonne hygi\u00e8ne capillaire<\/b>.<\/p>\n<h3 class=\"p5\"><b>Produits capillaires naturels<\/b><\/h3>\n<p class=\"p1\"><b>Utiliser des produits capillaires naturels<\/b> : <b>Les produits capillaires contenant des produits chimiques peuvent aggraver les effets de la pollution sur les cheveux<\/b>. Utiliser des<b> produits naturels et doux<\/b> pour les cheveux peut <b>aider \u00e0 r\u00e9duire les effets de la pollution<\/b>. Les produits \u00e0 base d&#8217;ingr\u00e9dients naturels comme <b>l&#8217;huile d&#8217;argan<\/b>, <b>le miel<\/b> ou <b>la camomille<\/b> peuvent <b>aider \u00e0 hydrater les cheveux et \u00e0 les prot\u00e9ger de la pollution<\/b>.<\/p>\n<h3 class=\"p1\"><b>Couvrir les cheveux<\/b><\/h3>\n<p class=\"p1\"><b>Porter un chapeau ou un foulard<\/b> : Porter un chapeau ou un foulard pour couvrir les cheveux lorsque vous \u00eates \u00e0 l&#8217;ext\u00e9rieur <b>peut aider \u00e0 prot\u00e9ger les cheveux de la pollution<\/b>. Cela peut <b>aider \u00e0 r\u00e9duire l&#8217;exposition des cheveux aux particules de pollution<\/b> pr\u00e9sentes dans l\u2019air.<\/p>\n<p class=\"p1\"><b>\u00c9viter de fumer et de s&#8217;exposer \u00e0 la fum\u00e9e secondaire<\/b> : <b><a href=\"https:\/\/mycapil.com\/fr\/fumer-augmente-t-il-la-chute-des-cheveux\/\">La fum\u00e9e de cigarette<\/a> contient des produits chimiques qui peuvent endommager les cheveux<\/b>. \u00c9viter de fumer et de s&#8217;exposer \u00e0 la fum\u00e9e secondaire peut <b>aider \u00e0 r\u00e9duire les effets de la pollution<\/b> sur les cheveux.<\/p>\n<h3 class=\"p5\"><b>Purificateur d\u2019air<\/b><\/h3>\n<p class=\"p1\"><b>Utiliser un purificateur d&#8217;air<\/b> : Utiliser un purificateur d&#8217;air pour <b>r\u00e9duire la quantit\u00e9 de pollution pr\u00e9sente dans l&#8217;air int\u00e9rieur<\/b> peut <b>aider \u00e0 prot\u00e9ger les cheveux de la pollution<\/b>. Cela peut aider \u00e0 r\u00e9duire l&#8217;exposition des cheveux aux particules de pollution pr\u00e9sentes dans l&#8217;air int\u00e9rieur.<\/p>\n<p class=\"p1\">En suivant ces <b>conseils simples<\/b>, il est possible de <b>prot\u00e9ger les cheveux de la pollution<\/b>. Il est important de <b>prendre soin de ses cheveux pour maintenir leur sant\u00e9 et leur beaut\u00e9<\/b>.<\/p>\n<h2 class=\"p1\"><b>Routine capillaire anti-pollution<span class=\"Apple-converted-space\">\u00a0<\/span><\/b><\/h2>\n<p class=\"p1\">Pour <b>prot\u00e9ger vos cheveux de la pollution<\/b>, il est important de <b>suivre une routine capillaire anti-pollution<\/b>.<span class=\"Apple-converted-space\">\u00a0<\/span><\/p>\n<ul>\n<li class=\"p1\"><b>Utilisez un shampoing clarifiant<span class=\"Apple-converted-space\">\u00a0<\/span><\/b><\/li>\n<\/ul>\n<p class=\"p1\">Utilisez <b>un shampoing clarifiant<\/b> une fois par semaine pour <b>\u00e9liminer les particules de pollution<\/b> qui se sont accumul\u00e9es sur votre cuir chevelu et vos cheveux. <b>Le shampoing clarifiant<\/b> aidera \u00e0 <b>\u00e9liminer les impuret\u00e9s et \u00e0 nettoyer en profondeur votre cuir chevelu<\/b>.<\/p>\n<ul>\n<li class=\"p1\"><b>Hydratez vos cheveux<span class=\"Apple-converted-space\">\u00a0<\/span><\/b><\/li>\n<\/ul>\n<p class=\"p1\"><b>Hydratez vos cheveux en profondeur<\/b> en utilisant un apr\u00e8s-shampoing ou <b>un masque hydratant<\/b>. Les cheveux hydrat\u00e9s sont plus r\u00e9sistants \u00e0 la pollution. Les ingr\u00e9dients tels que<b> l&#8217;huile d&#8217;argan<\/b>, <b>l&#8217;huile de coco<\/b>, <b>l&#8217;huile d&#8217;avocat<\/b> ou <b>la glyc\u00e9rine<\/b> sont excellents pour <b>hydrater les cheveux<\/b>.<\/p>\n<ul>\n<li class=\"p1\"><b>Utilisez un s\u00e9rum capillaire anti-pollution<span class=\"Apple-converted-space\">\u00a0<\/span><\/b><\/li>\n<\/ul>\n<p class=\"p1\">Utilisez <b>un s\u00e9rum capillaire anti-pollution<\/b> pour <b>prot\u00e9ger vos cheveux des effets n\u00e9fastes de la pollution<\/b>. Les <b>s\u00e9rums capillaires<\/b> contenant des ingr\u00e9dients naturels tels que <b>la vitamine E<\/b>, <b>l&#8217;huile d&#8217;argan<\/b> et l<b>&#8216;extrait de th\u00e9 vert<\/b> peuvent aider \u00e0 <b>prot\u00e9ger les cheveux de la pollution<\/b>.<\/p>\n<ul>\n<li class=\"p1\"><b>\u00c9vitez les produits capillaires contenant des produits chimiques<span class=\"Apple-converted-space\">\u00a0<\/span><\/b><\/li>\n<\/ul>\n<p class=\"p1\">\u00c9vitez les produits capillaires contenant des produits chimiques tels que <a href=\"https:\/\/www.lasaharienne.fr\/eviter-shampoings-sulfates-silicones-parabenes\/\"><b>les sulfates, les parab\u00e8nes et les silicones<\/b><\/a>. Ces produits peuvent endommager vos cheveux et les rendre plus vuln\u00e9rables \u00e0 la pollution.<\/p>\n<ul>\n<li class=\"p1\"><b>Prot\u00e9gez vos cheveux avec un chapeau ou un foulard<span class=\"Apple-converted-space\">\u00a0<\/span><\/b><\/li>\n<\/ul>\n<p class=\"p1\">Prot\u00e9gez vos cheveux de la pollution en portant un chapeau ou un foulard lorsque vous \u00eates \u00e0 l&#8217;ext\u00e9rieur. Cela aidera \u00e0 <b>r\u00e9duire l&#8217;exposition de vos cheveux aux particules de pollution<\/b> pr\u00e9sentes dans l\u2019air.<\/p>\n<ul>\n<li class=\"p1\"><b>Lavez vos cheveux r\u00e9guli\u00e8rement<span class=\"Apple-converted-space\">\u00a0<\/span><\/b><\/li>\n<\/ul>\n<p class=\"p1\">Lavez vos cheveux r\u00e9guli\u00e8rement pour <b>\u00e9liminer les particules de pollution qui se sont accumul\u00e9es sur votre cuir chevelu et vos cheveux<\/b>. Il est recommand\u00e9 de se laver les cheveux tous les deux jours environ pour maintenir une bonne hygi\u00e8ne capillaire.<\/p>\n<h2 class=\"p1\"><b>Conclusion<\/b><\/h2>\n<p class=\"p1\"><b>La pollution<\/b> est un probl\u00e8me mondial qui <b>affecte<\/b> notre environnement, notre sant\u00e9 et m\u00eame notre apparence physique, y compris <b>nos cheveux<\/b>. Les particules de pollution peuvent s&#8217;accumuler sur nos cheveux, provoquant <b>une inflammation et une irritation du cuir chevelu<\/b>. Cela peut entra\u00eener <b>une diminution de la densit\u00e9 des cheveux<\/b> et <b>une chute pr\u00e9matur\u00e9e<\/b>. Il est donc important de<b> prendre des mesures pour prot\u00e9ger nos cheveux de la pollution<\/b> en suivant <b>une routine capillaire anti-pollution<\/b>. Cela aidera \u00e0 <b>maintenir la sant\u00e9 et la beaut\u00e9 de nos cheveux<\/b> tout en <b>r\u00e9duisant les effets n\u00e9fastes de la pollution sur notre corps<\/b>.<\/p>\n","protected":false},"excerpt":{"rendered":"<p>La chute des cheveux est un probl\u00e8me courant chez les hommes et les femmes, et de nombreuses causes peuvent y contribuer. La pollution est l&#8217;un des facteurs qui peuvent influencer la chute des cheveux. Les particules fines et les substances chimiques pr\u00e9sentes dans l&#8217;air peuvent avoir des effets n\u00e9fastes sur la sant\u00e9 du cuir chevelu [&hellip;]<\/p>\n","protected":false},"author":7,"featured_media":12107,"comment_status":"open","ping_status":"open","sticky":false,"template":"","format":"standard","meta":{"footnotes":""},"categories":[64],"tags":[],"class_list":{"0":"post-12106","1":"post","2":"type-post","3":"status-publish","4":"format-standard","5":"has-post-thumbnail","7":"category-perte-de-cheveux"},"yoast_head":"<!-- This site is optimized with the Yoast SEO plugin v25.9 - https:\/\/yoast.com\/wordpress\/plugins\/seo\/ -->\n<title>La pollution affecte-t-elle la chute des cheveux ? - MyCapil \u2714\ufe0f<\/title>\n<meta name=\"description\" content=\"La pollution est un des facteurs qui peuvent influencer la chute des cheveux. Mais comment La pollution affecte-t-elle la chute des cheveux ?\" \/>\n<meta name=\"robots\" content=\"index, follow, max-snippet:-1, max-image-preview:large, max-video-preview:-1\" \/>\n<link rel=\"canonical\" href=\"https:\/\/mycapil.com\/fr\/la-pollution-affecte-t-elle-la-chute-des-cheveux\/\" \/>\n<meta property=\"og:locale\" content=\"fr_FR\" \/>\n<meta property=\"og:type\" content=\"article\" \/>\n<meta property=\"og:title\" content=\"La pollution affecte-t-elle la chute des cheveux ? - MyCapil \u2714\ufe0f\" \/>\n<meta property=\"og:description\" content=\"La pollution est un des facteurs qui peuvent influencer la chute des cheveux. Mais comment La pollution affecte-t-elle la chute des cheveux ?\" \/>\n<meta property=\"og:url\" content=\"https:\/\/mycapil.com\/fr\/la-pollution-affecte-t-elle-la-chute-des-cheveux\/\" \/>\n<meta property=\"og:site_name\" content=\"MyCapil\" \/>\n<meta property=\"article:published_time\" content=\"2023-03-25T14:00:08+00:00\" \/>\n<meta property=\"og:image\" content=\"https:\/\/mycapil.com\/wp-content\/uploads\/2023\/03\/La-pollution-affecte-t-elle-la-chute-des-cheveux-_-1.jpg\" \/>\n\t<meta property=\"og:image:width\" content=\"800\" \/>\n\t<meta property=\"og:image:height\" content=\"600\" \/>\n\t<meta property=\"og:image:type\" content=\"image\/jpeg\" \/>\n<meta name=\"author\" content=\"Jessica\" \/>\n<meta name=\"twitter:card\" content=\"summary_large_image\" \/>\n<meta name=\"twitter:label1\" content=\"Written by\" \/>\n\t<meta name=\"twitter:data1\" content=\"Jessica\" \/>\n\t<meta name=\"twitter:label2\" content=\"Est. reading time\" \/>\n\t<meta name=\"twitter:data2\" content=\"5 minutes\" \/>\n<script type=\"application\/ld+json\" class=\"yoast-schema-graph\">{\"@context\":\"https:\/\/schema.org\",\"@graph\":[{\"@type\":\"Article\",\"@id\":\"https:\/\/mycapil.com\/fr\/la-pollution-affecte-t-elle-la-chute-des-cheveux\/#article\",\"isPartOf\":{\"@id\":\"https:\/\/mycapil.com\/fr\/la-pollution-affecte-t-elle-la-chute-des-cheveux\/\"},\"author\":{\"name\":\"Jessica\",\"@id\":\"https:\/\/mycapil.com\/fr\/#\/schema\/person\/da336cc655461c88e3db7b3ad49eaba8\"},\"headline\":\"La pollution affecte-t-elle la chute des cheveux ?\",\"datePublished\":\"2023-03-25T14:00:08+00:00\",\"mainEntityOfPage\":{\"@id\":\"https:\/\/mycapil.com\/fr\/la-pollution-affecte-t-elle-la-chute-des-cheveux\/\"},\"wordCount\":1069,\"commentCount\":0,\"publisher\":{\"@id\":\"https:\/\/mycapil.com\/fr\/#organization\"},\"image\":{\"@id\":\"https:\/\/mycapil.com\/fr\/la-pollution-affecte-t-elle-la-chute-des-cheveux\/#primaryimage\"},\"thumbnailUrl\":\"https:\/\/mycapil.com\/wp-content\/uploads\/2023\/03\/La-pollution-affecte-t-elle-la-chute-des-cheveux-_-1.jpg\",\"articleSection\":[\"Perte de cheveux\"],\"inLanguage\":\"fr\",\"potentialAction\":[{\"@type\":\"CommentAction\",\"name\":\"Comment\",\"target\":[\"https:\/\/mycapil.com\/fr\/la-pollution-affecte-t-elle-la-chute-des-cheveux\/#respond\"]}]},{\"@type\":\"WebPage\",\"@id\":\"https:\/\/mycapil.com\/fr\/la-pollution-affecte-t-elle-la-chute-des-cheveux\/\",\"url\":\"https:\/\/mycapil.com\/fr\/la-pollution-affecte-t-elle-la-chute-des-cheveux\/\",\"name\":\"La pollution affecte-t-elle la chute des cheveux ? - MyCapil \u2714\ufe0f\",\"isPartOf\":{\"@id\":\"https:\/\/mycapil.com\/fr\/#website\"},\"primaryImageOfPage\":{\"@id\":\"https:\/\/mycapil.com\/fr\/la-pollution-affecte-t-elle-la-chute-des-cheveux\/#primaryimage\"},\"image\":{\"@id\":\"https:\/\/mycapil.com\/fr\/la-pollution-affecte-t-elle-la-chute-des-cheveux\/#primaryimage\"},\"thumbnailUrl\":\"https:\/\/mycapil.com\/wp-content\/uploads\/2023\/03\/La-pollution-affecte-t-elle-la-chute-des-cheveux-_-1.jpg\",\"datePublished\":\"2023-03-25T14:00:08+00:00\",\"description\":\"La pollution est un des facteurs qui peuvent influencer la chute des cheveux. Mais comment La pollution affecte-t-elle la chute des cheveux ?\",\"breadcrumb\":{\"@id\":\"https:\/\/mycapil.com\/fr\/la-pollution-affecte-t-elle-la-chute-des-cheveux\/#breadcrumb\"},\"inLanguage\":\"fr\",\"potentialAction\":[{\"@type\":\"ReadAction\",\"target\":[\"https:\/\/mycapil.com\/fr\/la-pollution-affecte-t-elle-la-chute-des-cheveux\/\"]}]},{\"@type\":\"ImageObject\",\"inLanguage\":\"fr\",\"@id\":\"https:\/\/mycapil.com\/fr\/la-pollution-affecte-t-elle-la-chute-des-cheveux\/#primaryimage\",\"url\":\"https:\/\/mycapil.com\/wp-content\/uploads\/2023\/03\/La-pollution-affecte-t-elle-la-chute-des-cheveux-_-1.jpg\",\"contentUrl\":\"https:\/\/mycapil.com\/wp-content\/uploads\/2023\/03\/La-pollution-affecte-t-elle-la-chute-des-cheveux-_-1.jpg\",\"width\":800,\"height\":600,\"caption\":\"La pollution affecte-t-elle la chute des cheveux ?\"},{\"@type\":\"BreadcrumbList\",\"@id\":\"https:\/\/mycapil.com\/fr\/la-pollution-affecte-t-elle-la-chute-des-cheveux\/#breadcrumb\",\"itemListElement\":[{\"@type\":\"ListItem\",\"position\":1,\"name\":\"Accueil\",\"item\":\"https:\/\/mycapil.com\/fr\/\"},{\"@type\":\"ListItem\",\"position\":2,\"name\":\"La pollution affecte-t-elle la chute des cheveux ?\"}]},{\"@type\":\"WebSite\",\"@id\":\"https:\/\/mycapil.com\/fr\/#website\",\"url\":\"https:\/\/mycapil.com\/fr\/\",\"name\":\"MyCapil\",\"description\":\"Alop\u00e9cie, Chute de cheveux, capillaire\",\"publisher\":{\"@id\":\"https:\/\/mycapil.com\/fr\/#organization\"},\"potentialAction\":[{\"@type\":\"SearchAction\",\"target\":{\"@type\":\"EntryPoint\",\"urlTemplate\":\"https:\/\/mycapil.com\/fr\/?s={search_term_string}\"},\"query-input\":{\"@type\":\"PropertyValueSpecification\",\"valueRequired\":true,\"valueName\":\"search_term_string\"}}],\"inLanguage\":\"fr\"},{\"@type\":\"Organization\",\"@id\":\"https:\/\/mycapil.com\/fr\/#organization\",\"name\":\"MyCapil\",\"url\":\"https:\/\/mycapil.com\/fr\/\",\"logo\":{\"@type\":\"ImageObject\",\"inLanguage\":\"fr\",\"@id\":\"https:\/\/mycapil.com\/fr\/#\/schema\/logo\/image\/\",\"url\":\"https:\/\/mycapil.com\/wp-content\/uploads\/2020\/02\/Mycapil3.png\",\"contentUrl\":\"https:\/\/mycapil.com\/wp-content\/uploads\/2020\/02\/Mycapil3.png\",\"width\":339,\"height\":113,\"caption\":\"MyCapil\"},\"image\":{\"@id\":\"https:\/\/mycapil.com\/fr\/#\/schema\/logo\/image\/\"}},{\"@type\":\"Person\",\"@id\":\"https:\/\/mycapil.com\/fr\/#\/schema\/person\/da336cc655461c88e3db7b3ad49eaba8\",\"name\":\"Jessica\",\"image\":{\"@type\":\"ImageObject\",\"inLanguage\":\"fr\",\"@id\":\"https:\/\/mycapil.com\/fr\/#\/schema\/person\/image\/\",\"url\":\"https:\/\/secure.gravatar.com\/avatar\/fb884780093d4cd4e37d216f175cf5811ef132339af3c5423b01b9e434cce15f?s=96&d=mm&r=g\",\"contentUrl\":\"https:\/\/secure.gravatar.com\/avatar\/fb884780093d4cd4e37d216f175cf5811ef132339af3c5423b01b9e434cce15f?s=96&d=mm&r=g\",\"caption\":\"Jessica\"}}]}<\/script>\n<!-- \/ Yoast SEO plugin. -->","yoast_head_json":{"title":"La pollution affecte-t-elle la chute des cheveux ? - MyCapil \u2714\ufe0f","description":"La pollution est un des facteurs qui peuvent influencer la chute des cheveux. Mais comment La pollution affecte-t-elle la chute des cheveux ?","robots":{"index":"index","follow":"follow","max-snippet":"max-snippet:-1","max-image-preview":"max-image-preview:large","max-video-preview":"max-video-preview:-1"},"canonical":"https:\/\/mycapil.com\/fr\/la-pollution-affecte-t-elle-la-chute-des-cheveux\/","og_locale":"fr_FR","og_type":"article","og_title":"La pollution affecte-t-elle la chute des cheveux ? - MyCapil \u2714\ufe0f","og_description":"La pollution est un des facteurs qui peuvent influencer la chute des cheveux. Mais comment La pollution affecte-t-elle la chute des cheveux ?","og_url":"https:\/\/mycapil.com\/fr\/la-pollution-affecte-t-elle-la-chute-des-cheveux\/","og_site_name":"MyCapil","article_published_time":"2023-03-25T14:00:08+00:00","og_image":[{"width":800,"height":600,"url":"https:\/\/mycapil.com\/wp-content\/uploads\/2023\/03\/La-pollution-affecte-t-elle-la-chute-des-cheveux-_-1.jpg","type":"image\/jpeg"}],"author":"Jessica","twitter_card":"summary_large_image","twitter_misc":{"Written by":"Jessica","Est. reading time":"5 minutes"},"schema":{"@context":"https:\/\/schema.org","@graph":[{"@type":"Article","@id":"https:\/\/mycapil.com\/fr\/la-pollution-affecte-t-elle-la-chute-des-cheveux\/#article","isPartOf":{"@id":"https:\/\/mycapil.com\/fr\/la-pollution-affecte-t-elle-la-chute-des-cheveux\/"},"author":{"name":"Jessica","@id":"https:\/\/mycapil.com\/fr\/#\/schema\/person\/da336cc655461c88e3db7b3ad49eaba8"},"headline":"La pollution affecte-t-elle la chute des cheveux ?","datePublished":"2023-03-25T14:00:08+00:00","mainEntityOfPage":{"@id":"https:\/\/mycapil.com\/fr\/la-pollution-affecte-t-elle-la-chute-des-cheveux\/"},"wordCount":1069,"commentCount":0,"publisher":{"@id":"https:\/\/mycapil.com\/fr\/#organization"},"image":{"@id":"https:\/\/mycapil.com\/fr\/la-pollution-affecte-t-elle-la-chute-des-cheveux\/#primaryimage"},"thumbnailUrl":"https:\/\/mycapil.com\/wp-content\/uploads\/2023\/03\/La-pollution-affecte-t-elle-la-chute-des-cheveux-_-1.jpg","articleSection":["Perte de cheveux"],"inLanguage":"fr","potentialAction":[{"@type":"CommentAction","name":"Comment","target":["https:\/\/mycapil.com\/fr\/la-pollution-affecte-t-elle-la-chute-des-cheveux\/#respond"]}]},{"@type":"WebPage","@id":"https:\/\/mycapil.com\/fr\/la-pollution-affecte-t-elle-la-chute-des-cheveux\/","url":"https:\/\/mycapil.com\/fr\/la-pollution-affecte-t-elle-la-chute-des-cheveux\/","name":"La pollution affecte-t-elle la chute des cheveux ? - MyCapil \u2714\ufe0f","isPartOf":{"@id":"https:\/\/mycapil.com\/fr\/#website"},"primaryImageOfPage":{"@id":"https:\/\/mycapil.com\/fr\/la-pollution-affecte-t-elle-la-chute-des-cheveux\/#primaryimage"},"image":{"@id":"https:\/\/mycapil.com\/fr\/la-pollution-affecte-t-elle-la-chute-des-cheveux\/#primaryimage"},"thumbnailUrl":"https:\/\/mycapil.com\/wp-content\/uploads\/2023\/03\/La-pollution-affecte-t-elle-la-chute-des-cheveux-_-1.jpg","datePublished":"2023-03-25T14:00:08+00:00","description":"La pollution est un des facteurs qui peuvent influencer la chute des cheveux. Mais comment La pollution affecte-t-elle la chute des cheveux ?","breadcrumb":{"@id":"https:\/\/mycapil.com\/fr\/la-pollution-affecte-t-elle-la-chute-des-cheveux\/#breadcrumb"},"inLanguage":"fr","potentialAction":[{"@type":"ReadAction","target":["https:\/\/mycapil.com\/fr\/la-pollution-affecte-t-elle-la-chute-des-cheveux\/"]}]},{"@type":"ImageObject","inLanguage":"fr","@id":"https:\/\/mycapil.com\/fr\/la-pollution-affecte-t-elle-la-chute-des-cheveux\/#primaryimage","url":"https:\/\/mycapil.com\/wp-content\/uploads\/2023\/03\/La-pollution-affecte-t-elle-la-chute-des-cheveux-_-1.jpg","contentUrl":"https:\/\/mycapil.com\/wp-content\/uploads\/2023\/03\/La-pollution-affecte-t-elle-la-chute-des-cheveux-_-1.jpg","width":800,"height":600,"caption":"La pollution affecte-t-elle la chute des cheveux ?"},{"@type":"BreadcrumbList","@id":"https:\/\/mycapil.com\/fr\/la-pollution-affecte-t-elle-la-chute-des-cheveux\/#breadcrumb","itemListElement":[{"@type":"ListItem","position":1,"name":"Accueil","item":"https:\/\/mycapil.com\/fr\/"},{"@type":"ListItem","position":2,"name":"La pollution affecte-t-elle la chute des cheveux ?"}]},{"@type":"WebSite","@id":"https:\/\/mycapil.com\/fr\/#website","url":"https:\/\/mycapil.com\/fr\/","name":"MyCapil","description":"Alop\u00e9cie, Chute de cheveux, capillaire","publisher":{"@id":"https:\/\/mycapil.com\/fr\/#organization"},"potentialAction":[{"@type":"SearchAction","target":{"@type":"EntryPoint","urlTemplate":"https:\/\/mycapil.com\/fr\/?s={search_term_string}"},"query-input":{"@type":"PropertyValueSpecification","valueRequired":true,"valueName":"search_term_string"}}],"inLanguage":"fr"},{"@type":"Organization","@id":"https:\/\/mycapil.com\/fr\/#organization","name":"MyCapil","url":"https:\/\/mycapil.com\/fr\/","logo":{"@type":"ImageObject","inLanguage":"fr","@id":"https:\/\/mycapil.com\/fr\/#\/schema\/logo\/image\/","url":"https:\/\/mycapil.com\/wp-content\/uploads\/2020\/02\/Mycapil3.png","contentUrl":"https:\/\/mycapil.com\/wp-content\/uploads\/2020\/02\/Mycapil3.png","width":339,"height":113,"caption":"MyCapil"},"image":{"@id":"https:\/\/mycapil.com\/fr\/#\/schema\/logo\/image\/"}},{"@type":"Person","@id":"https:\/\/mycapil.com\/fr\/#\/schema\/person\/da336cc655461c88e3db7b3ad49eaba8","name":"Jessica","image":{"@type":"ImageObject","inLanguage":"fr","@id":"https:\/\/mycapil.com\/fr\/#\/schema\/person\/image\/","url":"https:\/\/secure.gravatar.com\/avatar\/fb884780093d4cd4e37d216f175cf5811ef132339af3c5423b01b9e434cce15f?s=96&d=mm&r=g","contentUrl":"https:\/\/secure.gravatar.com\/avatar\/fb884780093d4cd4e37d216f175cf5811ef132339af3c5423b01b9e434cce15f?s=96&d=mm&r=g","caption":"Jessica"}}]}},"_links":{"self":[{"href":"https:\/\/mycapil.com\/fr\/wp-json\/wp\/v2\/posts\/12106","targetHints":{"allow":["GET"]}}],"collection":[{"href":"https:\/\/mycapil.com\/fr\/wp-json\/wp\/v2\/posts"}],"about":[{"href":"https:\/\/mycapil.com\/fr\/wp-json\/wp\/v2\/types\/post"}],"author":[{"embeddable":true,"href":"https:\/\/mycapil.com\/fr\/wp-json\/wp\/v2\/users\/7"}],"replies":[{"embeddable":true,"href":"https:\/\/mycapil.com\/fr\/wp-json\/wp\/v2\/comments?post=12106"}],"version-history":[{"count":1,"href":"https:\/\/mycapil.com\/fr\/wp-json\/wp\/v2\/posts\/12106\/revisions"}],"predecessor-version":[{"id":12117,"href":"https:\/\/mycapil.com\/fr\/wp-json\/wp\/v2\/posts\/12106\/revisions\/12117"}],"wp:featuredmedia":[{"embeddable":true,"href":"https:\/\/mycapil.com\/fr\/wp-json\/wp\/v2\/media\/12107"}],"wp:attachment":[{"href":"https:\/\/mycapil.com\/fr\/wp-json\/wp\/v2\/media?parent=12106"}],"wp:term":[{"taxonomy":"category","embeddable":true,"href":"https:\/\/mycapil.com\/fr\/wp-json\/wp\/v2\/categories?post=12106"},{"taxonomy":"post_tag","embeddable":true,"href":"https:\/\/mycapil.com\/fr\/wp-json\/wp\/v2\/tags?post=12106"}],"curies":[{"name":"wp","href":"https:\/\/api.w.org\/{rel}","templated":true}]}}