{"id":12264,"date":"2023-04-09T10:00:56","date_gmt":"2023-04-09T14:00:56","guid":{"rendered":"https:\/\/mycapil.com\/?p=12264"},"modified":"2023-03-28T08:11:22","modified_gmt":"2023-03-28T12:11:22","slug":"une-greffe-de-cheveux-peut-elle-etre-reparee","status":"publish","type":"post","link":"https:\/\/mycapil.com\/fr\/une-greffe-de-cheveux-peut-elle-etre-reparee\/","title":{"rendered":"Une greffe de cheveux peut-elle \u00eatre r\u00e9par\u00e9e ?\u00a0"},"content":{"rendered":"<p class=\"p1\"><b>La greffe de cheveux<\/b> est une proc\u00e9dure esth\u00e9tique populaire utilis\u00e9e pour <b>restaurer les cheveux<\/b> sur les zones chauves ou clairsem\u00e9es du cuir chevelu. Bien que <b>la plupart des greffes de cheveux soient r\u00e9ussies<\/b>, il peut arriver que des complications surviennent. Cela qui peut <b>n\u00e9cessiter une r\u00e9paration ou une correction de la greffe de cheveux<\/b>.<\/p>\n<h2 class=\"p1\"><b>qu&#8217;est-ce qu&#8217;une greffe de cheveux<\/b><\/h2>\n<p class=\"p1\"><b>Une greffe de cheveux est une proc\u00e9dure chirurgicale esth\u00e9tique<\/b> qui consiste \u00e0 <b>pr\u00e9lever des follicules pileux<\/b> d&#8217;une <b>zone donneuse<\/b>, g\u00e9n\u00e9ralement situ\u00e9e \u00e0 l&#8217;arri\u00e8re de la t\u00eate, pour les <b>transplanter sur une zone chauve<\/b> ou clairsem\u00e9e du cuir chevelu. Les follicules pileux pr\u00e9lev\u00e9s sont souvent <b>r\u00e9sistants \u00e0 la calvitie<\/b>. Ce qui signifie qu&#8217;ils ont une plus grande probabilit\u00e9 de croissance et de d\u00e9veloppement dans la nouvelle zone transplant\u00e9e.<\/p>\n<p class=\"p1\"><b>La technique de greffe de cheveux<\/b> la plus courante est la technique de <b>transplantation folliculaire<\/b> (<b>FUT<\/b>). Elle implique la cr\u00e9ation d&#8217;une bandelette de cuir chevelu pr\u00e9lev\u00e9e de la zone donneuse, suivie de la dissection des follicules pileux individuels pour transplantation. Une autre <b>technique courante est la technique<\/b> de l&#8217;<b>extraction d&#8217;unit\u00e9s folliculaires<\/b> (<a href=\"https:\/\/mycapil.com\/fr\/avantages-greffe-de-cheveux-fue\/\"><b>FUE<\/b><\/a>), qui implique la prise de follicules pileux individuels directement \u00e0 partir de la zone donneuse.<\/p>\n<p class=\"p1\"><b>La greffe de cheveux<\/b> est g\u00e9n\u00e9ralement utilis\u00e9e pour <b>traiter la calvitie chez les hommes et les femmes<\/b>, mais elle peut \u00e9galement \u00eatre utilis\u00e9e pour <b>traiter d&#8217;autres probl\u00e8mes capillaires<\/b>, tels que <b>les cicatrices ou les br\u00fblures.<\/b><\/p>\n<h2 class=\"p1\"><b>les complications possibles d&#8217;une greffe de cheveux<\/b><\/h2>\n<p class=\"p1\">Bien que <b>la greffe de cheveux<\/b> soit g\u00e9n\u00e9ralement consid\u00e9r\u00e9e comme une <b>proc\u00e9dure s\u00fbre et efficace<\/b>, elle peut parfois entra\u00eener des complications. Voici quelques-unes des <b>complications possibles de la greffe de cheveux<\/b> :<\/p>\n<ul>\n<li class=\"p1\"><b>Infection<span class=\"Apple-converted-space\">\u00a0<\/span><\/b><\/li>\n<\/ul>\n<p class=\"p1\">Une <b>infection de la zone donneuse ou de la zone transplant\u00e9e<\/b> peut se produire. Cela peut entra\u00eener une <b>douleur<\/b>, une <b>rougeur<\/b>, un <b>gonflement<\/b> et une <b>inflammation<\/b>.<\/p>\n<ul>\n<li class=\"p1\"><b>Mauvaise croissance des follicules pileux greff\u00e9s<span class=\"Apple-converted-space\">\u00a0<\/span><\/b><\/li>\n<\/ul>\n<p class=\"p1\">Dans certains cas, <b>les follicules pileux greff\u00e9s peuvent ne pas se d\u00e9velopper correctement<\/b>. Ce qui peut entra\u00eener une apparence in\u00e9gale ou un manque de densit\u00e9 dans la zone transplant\u00e9e.<\/p>\n<ul>\n<li class=\"p1\"><b>Cicatrisation inappropri\u00e9e<span class=\"Apple-converted-space\">\u00a0<\/span><\/b><\/li>\n<\/ul>\n<p class=\"p1\">Si la zone donneuse n&#8217;est pas correctement referm\u00e9e ou si la zone transplant\u00e9e ne gu\u00e9rit pas correctement, cela peut entra\u00eener des cicatrices visibles.<\/p>\n<ul>\n<li class=\"p1\"><b>Asym\u00e9trie<span class=\"Apple-converted-space\">\u00a0<\/span><\/b><\/li>\n<\/ul>\n<p class=\"p1\">Dans le cas ou <b>les follicules pileux sont transplant\u00e9s de mani\u00e8re in\u00e9gale<\/b> ou si <b>la ligne des cheveux est mal con\u00e7ue<\/b>, cela peut entra\u00eener une asym\u00e9trie dans l&#8217;apparence des cheveux.<\/p>\n<ul>\n<li class=\"p1\"><b>Densit\u00e9 insuffisante ou excessive<span class=\"Apple-converted-space\">\u00a0<\/span><\/b><\/li>\n<\/ul>\n<p class=\"p1\">Si <b>la densit\u00e9 des follicules pileux transplant\u00e9s est insuffisante<\/b>, cela peut ne pas donner l&#8217;aspect souhait\u00e9. Tandis qu&#8217;<b>une densit\u00e9 excessive<\/b> peut donner un aspect peu naturel.<\/p>\n<ul>\n<li class=\"p1\"><b>Ligne de cheveux artificielle<span class=\"Apple-converted-space\">\u00a0<\/span><\/b><\/li>\n<\/ul>\n<p class=\"p1\">Si <b>la ligne de cheveux est plac\u00e9e trop haut<\/b> sur le front ou n&#8217;est pas con\u00e7ue de mani\u00e8re naturelle, cela peut <b>donner un aspect artificiel aux cheveux transplant\u00e9s<\/b>.<\/p>\n<p class=\"p1\">Il est important de noter que <b>la plupart de ces complications sont rares<\/b> et peuvent \u00eatre \u00e9vit\u00e9es . Une s\u00e9lection appropri\u00e9e des patients et une technique chirurgicale doit \u00eatre\u00a0 soigneusement ex\u00e9cut\u00e9e.<\/p>\n<h2 class=\"p1\"><b>Une greffe de cheveux peut-elle \u00eatre r\u00e9par\u00e9e ?<span class=\"Apple-converted-space\">\u00a0<\/span><\/b><\/h2>\n<p><img loading=\"lazy\" decoding=\"async\" class=\"aligncenter wp-image-12265 size-full\" src=\"https:\/\/mycapil.com\/wp-content\/uploads\/2023\/03\/Une-greffe-de-cheveux-peut-elle-etre-reparee-_-1.jpg\" alt=\"Une greffe de cheveux peut-elle \u00eatre r\u00e9par\u00e9e ? \" width=\"800\" height=\"600\" srcset=\"https:\/\/mycapil.com\/wp-content\/uploads\/2023\/03\/Une-greffe-de-cheveux-peut-elle-etre-reparee-_-1.jpg 800w, https:\/\/mycapil.com\/wp-content\/uploads\/2023\/03\/Une-greffe-de-cheveux-peut-elle-etre-reparee-_-1-300x225.jpg 300w, https:\/\/mycapil.com\/wp-content\/uploads\/2023\/03\/Une-greffe-de-cheveux-peut-elle-etre-reparee-_-1-768x576.jpg 768w, https:\/\/mycapil.com\/wp-content\/uploads\/2023\/03\/Une-greffe-de-cheveux-peut-elle-etre-reparee-_-1-150x113.jpg 150w, https:\/\/mycapil.com\/wp-content\/uploads\/2023\/03\/Une-greffe-de-cheveux-peut-elle-etre-reparee-_-1-696x522.jpg 696w, https:\/\/mycapil.com\/wp-content\/uploads\/2023\/03\/Une-greffe-de-cheveux-peut-elle-etre-reparee-_-1-560x420.jpg 560w, https:\/\/mycapil.com\/wp-content\/uploads\/2023\/03\/Une-greffe-de-cheveux-peut-elle-etre-reparee-_-1-80x60.jpg 80w, https:\/\/mycapil.com\/wp-content\/uploads\/2023\/03\/Une-greffe-de-cheveux-peut-elle-etre-reparee-_-1-265x198.jpg 265w\" sizes=\"auto, (max-width: 800px) 100vw, 800px\" \/><\/p>\n<h3 class=\"p1\"><b>Une greffe de cheveux peut-elle \u00eatre r\u00e9par\u00e9e ?<span class=\"Apple-converted-space\">\u00a0<\/span><\/b><\/h3>\n<p class=\"p1\">Oui, <b>une greffe de cheveux peut \u00eatre r\u00e9par\u00e9e<\/b> dans certains cas. Si des <b>complications<\/b> surviennent <b>apr\u00e8s une greffe de cheveux<\/b>, telles qu&#8217;une <b>mauvaise croissance des follicules pileux<\/b> greff\u00e9s, une <b>cicatrisation inappropri\u00e9e<\/b>, une <b>asym\u00e9trie<\/b>, une <b>densit\u00e9 insuffisante ou excessive<\/b>, ou une <b>ligne de cheveux artificielle<\/b>, une <b>proc\u00e9dure de r\u00e9paration peut \u00eatre envisag\u00e9e<\/b> pour corriger ces probl\u00e8mes.<\/p>\n<p class=\"p1\"><b>La proc\u00e9dure de r\u00e9paration<\/b> d\u00e9pendra de la nature et de la gravit\u00e9 des complications. Dans certains cas, <b>une greffe de cheveux<\/b> suppl\u00e9mentaire peut \u00eatre n\u00e9cessaire pour corriger les zones clairsem\u00e9es ou asym\u00e9triques. Dans d&#8217;autres cas, une <b>correction chirurgicale ou non chirurgicale<\/b> peut \u00eatre utilis\u00e9e. Cela afin d&#8217;<b>ajuster la ligne de cheveux<\/b>, <b>r\u00e9duire les cicatrices<\/b> ou <b>am\u00e9liorer la densit\u00e9 des cheveux<\/b> transplant\u00e9s.<\/p>\n<p class=\"p1\">Il est important de noter que <b>la proc\u00e9dure de r\u00e9paration de la greffe de cheveux<\/b> peut \u00eatre plus complexe. Par cons\u00e9quent cela peut n\u00e9cessiter plus de temps que la proc\u00e9dure initiale, et les r\u00e9sultats ne sont pas toujours garantis. I<b>l est essentiel de travailler avec un chirurgien esth\u00e9tique exp\u00e9riment\u00e9 et qualifi\u00e9<\/b> pour l<b>a proc\u00e9dure de r\u00e9paration de la greffe de cheveux<\/b>. Cela afin de maximiser les chances de succ\u00e8s et d&#8217;obtenir les r\u00e9sultats souhait\u00e9s.<\/p>\n<h3 class=\"p1\"><b>Comment r\u00e9parer une greffe de cheveux ?<\/b><\/h3>\n<p class=\"p1\"><b>La proc\u00e9dure de r\u00e9paration d&#8217;une greffe de cheveux<\/b> d\u00e9pendra de la nature et de la gravit\u00e9 des complications rencontr\u00e9es. Voici quelques-unes des techniques couramment utilis\u00e9es pour <b>r\u00e9parer une greffe de cheveux<\/b> :<\/p>\n<ul>\n<li class=\"p1\"><b>Correction de la ligne des cheveux<span class=\"Apple-converted-space\">\u00a0<\/span><\/b><\/li>\n<\/ul>\n<p class=\"p1\">La ligne des cheveux n&#8217;a pas \u00e9t\u00e9 correctement plac\u00e9e lors de <b>la greffe de cheveux<\/b> initiale, une correction chirurgicale peut \u00eatre effectu\u00e9e. Cela afin de <b>r\u00e9duire la hauteur de la ligne des cheveux<\/b> et <b>la rendre plus naturelle<\/b>. Cette proc\u00e9dure implique souvent la <b>suppression de follicules pileux suppl\u00e9mentaires<\/b> et la <b>r\u00e9implantation de ces follicules pileux <\/b>\u00e0 un niveau plus bas de la ligne des cheveux.<\/p>\n<ul>\n<li class=\"p1\"><b>Correction de l&#8217;asym\u00e9trie<span class=\"Apple-converted-space\">\u00a0<\/span><\/b><\/li>\n<\/ul>\n<p class=\"p1\">Les follicules pileux ont \u00e9t\u00e9 transplant\u00e9s de mani\u00e8re in\u00e9gale ou si la ligne des cheveux n&#8217;est pas sym\u00e9trique, <b>une correction chirurgicale<\/b> peut \u00eatre effectu\u00e9e. Cela afin d&#8217;<b>ajuster la r\u00e9partition des follicules pileux<\/b> et <b>r\u00e9tablir une apparence sym\u00e9trique<\/b>. Cette proc\u00e9dure peut impliquer la suppression et la r\u00e9implantation de follicules pileux suppl\u00e9mentaires dans la zone transplant\u00e9e.<\/p>\n<ul>\n<li class=\"p1\"><b>Greffe de cheveux suppl\u00e9mentaire<span class=\"Apple-converted-space\">\u00a0<\/span><\/b><\/li>\n<\/ul>\n<p class=\"p1\">La <b>densit\u00e9 des cheveux transplant\u00e9s est insuffisante<\/b> ou si <b>la croissance des follicules pileux transplant\u00e9s n&#8217;a pas \u00e9t\u00e9 satisfaisante<\/b>, <b>une greffe de cheveux suppl\u00e9mentaire<\/b> peut \u00eatre effectu\u00e9e. Cela afin d&#8217;<b>am\u00e9liorer la densit\u00e9 des cheveux<\/b> dans la zone transplant\u00e9e. Cette proc\u00e9dure implique souvent la transplantation de follicules pileux suppl\u00e9mentaires \u00e0 partir de la zone donneuse \u00e0 la zone transplant\u00e9e.<\/p>\n<ul>\n<li class=\"p1\"><b>Camouflage des cicatrices<span class=\"Apple-converted-space\">\u00a0<\/span><\/b><\/li>\n<\/ul>\n<p class=\"p1\">Si <b>des cicatrices sont visibles dans la zone donneuse<\/b> ou la zone transplant\u00e9e, des <b>techniques de camouflage<\/b> peuvent \u00eatre utilis\u00e9es pour r\u00e9duire leur visibilit\u00e9. <b>Les techniques de camouflage<\/b> incluent souvent l&#8217;<b>utilisation de poudres pour cheveux<\/b>, de <b>fibres capillaires<\/b>, ou encore de <b>tatouages capillaires<\/b> pour <b>simuler la croissance des cheveux<\/b>.<\/p>\n<h2 class=\"p1\"><b>conclusion<\/b><\/h2>\n<p class=\"p1\">En conclusion, <b>une greffe de cheveux peut \u00eatre r\u00e9par\u00e9e<\/b> si des complications surviennent. Comme par exemple une <b>mauvaise croissance des follicules pileux<\/b> greff\u00e9s, une <b>cicatrisation inappropri\u00e9<\/b>e, une <b>asym\u00e9trie<\/b>, une <b>densit\u00e9 insuffisante ou excessive<\/b>, ou une <b>ligne de cheveux artificielle<\/b>. <b>La proc\u00e9dure de r\u00e9paration<\/b> d\u00e9pendra de la nature et de la gravit\u00e9 des complications. Cela peut inclure la <b>correction de la ligne des cheveux<\/b>, la <b>correction de l&#8217;asym\u00e9trie<\/b>, la <b>greffe de cheveux suppl\u00e9mentair<\/b>e, ou encore le <b>camouflage des cicatrices<\/b>.<span class=\"Apple-converted-space\">\u00a0<\/span><\/p>\n<p class=\"p1\"><b>Il est essentiel de travailler avec un <a href=\"https:\/\/www.csa-tmo.fr\/meilleures-cliniques-chirurgiens-greffe-cheveux-turquie\/\">chirurgien esth\u00e9tique qualifi\u00e9 et exp\u00e9riment\u00e9 <\/a><\/b>pour \u00e9valuer les <b>options de r\u00e9paration de la greffe de cheveux<\/b> et planifier une proc\u00e9dure adapt\u00e9e \u00e0 chaque cas.<\/p>\n","protected":false},"excerpt":{"rendered":"<p>La greffe de cheveux est une proc\u00e9dure esth\u00e9tique populaire utilis\u00e9e pour restaurer les cheveux sur les zones chauves ou clairsem\u00e9es du cuir chevelu. Bien que la plupart des greffes de cheveux soient r\u00e9ussies, il peut arriver que des complications surviennent. Cela qui peut n\u00e9cessiter une r\u00e9paration ou une correction de la greffe de cheveux. qu&#8217;est-ce [&hellip;]<\/p>\n","protected":false},"author":7,"featured_media":12270,"comment_status":"open","ping_status":"open","sticky":false,"template":"","format":"standard","meta":{"footnotes":""},"categories":[64,61],"tags":[],"class_list":{"0":"post-12264","1":"post","2":"type-post","3":"status-publish","4":"format-standard","5":"has-post-thumbnail","7":"category-perte-de-cheveux","8":"category-traitements-alopecie"},"yoast_head":"<!-- This site is optimized with the Yoast SEO plugin v25.9 - https:\/\/yoast.com\/wordpress\/plugins\/seo\/ -->\n<title>Une greffe de cheveux peut-elle \u00eatre r\u00e9par\u00e9e ?\u00a0 - MyCapil \u2714\ufe0f<\/title>\n<meta name=\"description\" content=\"Vous avez subi une mauvaise greffe de cheveux ? Lisez notre article &quot;Une greffe de cheveux peut-elle \u00eatre r\u00e9par\u00e9e ?\u00a0&quot;\" \/>\n<meta name=\"robots\" content=\"index, follow, max-snippet:-1, max-image-preview:large, max-video-preview:-1\" \/>\n<link rel=\"canonical\" href=\"https:\/\/mycapil.com\/fr\/une-greffe-de-cheveux-peut-elle-etre-reparee\/\" \/>\n<meta property=\"og:locale\" content=\"fr_FR\" \/>\n<meta property=\"og:type\" content=\"article\" \/>\n<meta property=\"og:title\" content=\"Une greffe de cheveux peut-elle \u00eatre r\u00e9par\u00e9e ?\u00a0 - MyCapil \u2714\ufe0f\" \/>\n<meta property=\"og:description\" content=\"Vous avez subi une mauvaise greffe de cheveux ? Lisez notre article &quot;Une greffe de cheveux peut-elle \u00eatre r\u00e9par\u00e9e ?\u00a0&quot;\" \/>\n<meta property=\"og:url\" content=\"https:\/\/mycapil.com\/fr\/une-greffe-de-cheveux-peut-elle-etre-reparee\/\" \/>\n<meta property=\"og:site_name\" content=\"MyCapil\" \/>\n<meta property=\"article:published_time\" content=\"2023-04-09T14:00:56+00:00\" \/>\n<meta property=\"og:image\" content=\"https:\/\/mycapil.com\/wp-content\/uploads\/2023\/03\/Une-greffe-de-cheveux-peut-elle-etre-reparee-_-.jpg\" \/>\n\t<meta property=\"og:image:width\" content=\"800\" \/>\n\t<meta property=\"og:image:height\" content=\"600\" \/>\n\t<meta property=\"og:image:type\" content=\"image\/jpeg\" \/>\n<meta name=\"author\" content=\"Jessica\" \/>\n<meta name=\"twitter:card\" content=\"summary_large_image\" \/>\n<meta name=\"twitter:label1\" content=\"Written by\" \/>\n\t<meta name=\"twitter:data1\" content=\"Jessica\" \/>\n\t<meta name=\"twitter:label2\" content=\"Est. reading time\" \/>\n\t<meta name=\"twitter:data2\" content=\"6 minutes\" \/>\n<script type=\"application\/ld+json\" class=\"yoast-schema-graph\">{\"@context\":\"https:\/\/schema.org\",\"@graph\":[{\"@type\":\"Article\",\"@id\":\"https:\/\/mycapil.com\/fr\/une-greffe-de-cheveux-peut-elle-etre-reparee\/#article\",\"isPartOf\":{\"@id\":\"https:\/\/mycapil.com\/fr\/une-greffe-de-cheveux-peut-elle-etre-reparee\/\"},\"author\":{\"name\":\"Jessica\",\"@id\":\"https:\/\/mycapil.com\/fr\/#\/schema\/person\/da336cc655461c88e3db7b3ad49eaba8\"},\"headline\":\"Une greffe de cheveux peut-elle \u00eatre r\u00e9par\u00e9e ?\u00a0\",\"datePublished\":\"2023-04-09T14:00:56+00:00\",\"mainEntityOfPage\":{\"@id\":\"https:\/\/mycapil.com\/fr\/une-greffe-de-cheveux-peut-elle-etre-reparee\/\"},\"wordCount\":1230,\"commentCount\":0,\"publisher\":{\"@id\":\"https:\/\/mycapil.com\/fr\/#organization\"},\"image\":{\"@id\":\"https:\/\/mycapil.com\/fr\/une-greffe-de-cheveux-peut-elle-etre-reparee\/#primaryimage\"},\"thumbnailUrl\":\"https:\/\/mycapil.com\/wp-content\/uploads\/2023\/03\/Une-greffe-de-cheveux-peut-elle-etre-reparee-_-.jpg\",\"articleSection\":[\"Perte de cheveux\",\"Traitements alop\u00e9cie\"],\"inLanguage\":\"fr\",\"potentialAction\":[{\"@type\":\"CommentAction\",\"name\":\"Comment\",\"target\":[\"https:\/\/mycapil.com\/fr\/une-greffe-de-cheveux-peut-elle-etre-reparee\/#respond\"]}]},{\"@type\":\"WebPage\",\"@id\":\"https:\/\/mycapil.com\/fr\/une-greffe-de-cheveux-peut-elle-etre-reparee\/\",\"url\":\"https:\/\/mycapil.com\/fr\/une-greffe-de-cheveux-peut-elle-etre-reparee\/\",\"name\":\"Une greffe de cheveux peut-elle \u00eatre r\u00e9par\u00e9e ?\u00a0 - MyCapil \u2714\ufe0f\",\"isPartOf\":{\"@id\":\"https:\/\/mycapil.com\/fr\/#website\"},\"primaryImageOfPage\":{\"@id\":\"https:\/\/mycapil.com\/fr\/une-greffe-de-cheveux-peut-elle-etre-reparee\/#primaryimage\"},\"image\":{\"@id\":\"https:\/\/mycapil.com\/fr\/une-greffe-de-cheveux-peut-elle-etre-reparee\/#primaryimage\"},\"thumbnailUrl\":\"https:\/\/mycapil.com\/wp-content\/uploads\/2023\/03\/Une-greffe-de-cheveux-peut-elle-etre-reparee-_-.jpg\",\"datePublished\":\"2023-04-09T14:00:56+00:00\",\"description\":\"Vous avez subi une mauvaise greffe de cheveux ? Lisez notre article \\\"Une greffe de cheveux peut-elle \u00eatre r\u00e9par\u00e9e ?\u00a0\\\"\",\"breadcrumb\":{\"@id\":\"https:\/\/mycapil.com\/fr\/une-greffe-de-cheveux-peut-elle-etre-reparee\/#breadcrumb\"},\"inLanguage\":\"fr\",\"potentialAction\":[{\"@type\":\"ReadAction\",\"target\":[\"https:\/\/mycapil.com\/fr\/une-greffe-de-cheveux-peut-elle-etre-reparee\/\"]}]},{\"@type\":\"ImageObject\",\"inLanguage\":\"fr\",\"@id\":\"https:\/\/mycapil.com\/fr\/une-greffe-de-cheveux-peut-elle-etre-reparee\/#primaryimage\",\"url\":\"https:\/\/mycapil.com\/wp-content\/uploads\/2023\/03\/Une-greffe-de-cheveux-peut-elle-etre-reparee-_-.jpg\",\"contentUrl\":\"https:\/\/mycapil.com\/wp-content\/uploads\/2023\/03\/Une-greffe-de-cheveux-peut-elle-etre-reparee-_-.jpg\",\"width\":800,\"height\":600,\"caption\":\"Une greffe de cheveux peut-elle \u00eatre r\u00e9par\u00e9e ?\"},{\"@type\":\"BreadcrumbList\",\"@id\":\"https:\/\/mycapil.com\/fr\/une-greffe-de-cheveux-peut-elle-etre-reparee\/#breadcrumb\",\"itemListElement\":[{\"@type\":\"ListItem\",\"position\":1,\"name\":\"Accueil\",\"item\":\"https:\/\/mycapil.com\/fr\/\"},{\"@type\":\"ListItem\",\"position\":2,\"name\":\"Une greffe de cheveux peut-elle \u00eatre r\u00e9par\u00e9e ?\u00a0\"}]},{\"@type\":\"WebSite\",\"@id\":\"https:\/\/mycapil.com\/fr\/#website\",\"url\":\"https:\/\/mycapil.com\/fr\/\",\"name\":\"MyCapil\",\"description\":\"Alop\u00e9cie, Chute de cheveux, capillaire\",\"publisher\":{\"@id\":\"https:\/\/mycapil.com\/fr\/#organization\"},\"potentialAction\":[{\"@type\":\"SearchAction\",\"target\":{\"@type\":\"EntryPoint\",\"urlTemplate\":\"https:\/\/mycapil.com\/fr\/?s={search_term_string}\"},\"query-input\":{\"@type\":\"PropertyValueSpecification\",\"valueRequired\":true,\"valueName\":\"search_term_string\"}}],\"inLanguage\":\"fr\"},{\"@type\":\"Organization\",\"@id\":\"https:\/\/mycapil.com\/fr\/#organization\",\"name\":\"MyCapil\",\"url\":\"https:\/\/mycapil.com\/fr\/\",\"logo\":{\"@type\":\"ImageObject\",\"inLanguage\":\"fr\",\"@id\":\"https:\/\/mycapil.com\/fr\/#\/schema\/logo\/image\/\",\"url\":\"https:\/\/mycapil.com\/wp-content\/uploads\/2020\/02\/Mycapil3.png\",\"contentUrl\":\"https:\/\/mycapil.com\/wp-content\/uploads\/2020\/02\/Mycapil3.png\",\"width\":339,\"height\":113,\"caption\":\"MyCapil\"},\"image\":{\"@id\":\"https:\/\/mycapil.com\/fr\/#\/schema\/logo\/image\/\"}},{\"@type\":\"Person\",\"@id\":\"https:\/\/mycapil.com\/fr\/#\/schema\/person\/da336cc655461c88e3db7b3ad49eaba8\",\"name\":\"Jessica\",\"image\":{\"@type\":\"ImageObject\",\"inLanguage\":\"fr\",\"@id\":\"https:\/\/mycapil.com\/fr\/#\/schema\/person\/image\/\",\"url\":\"https:\/\/secure.gravatar.com\/avatar\/fb884780093d4cd4e37d216f175cf5811ef132339af3c5423b01b9e434cce15f?s=96&d=mm&r=g\",\"contentUrl\":\"https:\/\/secure.gravatar.com\/avatar\/fb884780093d4cd4e37d216f175cf5811ef132339af3c5423b01b9e434cce15f?s=96&d=mm&r=g\",\"caption\":\"Jessica\"}}]}<\/script>\n<!-- \/ Yoast SEO plugin. -->","yoast_head_json":{"title":"Une greffe de cheveux peut-elle \u00eatre r\u00e9par\u00e9e ?\u00a0 - MyCapil \u2714\ufe0f","description":"Vous avez subi une mauvaise greffe de cheveux ? Lisez notre article \"Une greffe de cheveux peut-elle \u00eatre r\u00e9par\u00e9e ?\u00a0\"","robots":{"index":"index","follow":"follow","max-snippet":"max-snippet:-1","max-image-preview":"max-image-preview:large","max-video-preview":"max-video-preview:-1"},"canonical":"https:\/\/mycapil.com\/fr\/une-greffe-de-cheveux-peut-elle-etre-reparee\/","og_locale":"fr_FR","og_type":"article","og_title":"Une greffe de cheveux peut-elle \u00eatre r\u00e9par\u00e9e ?\u00a0 - MyCapil \u2714\ufe0f","og_description":"Vous avez subi une mauvaise greffe de cheveux ? Lisez notre article \"Une greffe de cheveux peut-elle \u00eatre r\u00e9par\u00e9e ?\u00a0\"","og_url":"https:\/\/mycapil.com\/fr\/une-greffe-de-cheveux-peut-elle-etre-reparee\/","og_site_name":"MyCapil","article_published_time":"2023-04-09T14:00:56+00:00","og_image":[{"width":800,"height":600,"url":"https:\/\/mycapil.com\/wp-content\/uploads\/2023\/03\/Une-greffe-de-cheveux-peut-elle-etre-reparee-_-.jpg","type":"image\/jpeg"}],"author":"Jessica","twitter_card":"summary_large_image","twitter_misc":{"Written by":"Jessica","Est. reading time":"6 minutes"},"schema":{"@context":"https:\/\/schema.org","@graph":[{"@type":"Article","@id":"https:\/\/mycapil.com\/fr\/une-greffe-de-cheveux-peut-elle-etre-reparee\/#article","isPartOf":{"@id":"https:\/\/mycapil.com\/fr\/une-greffe-de-cheveux-peut-elle-etre-reparee\/"},"author":{"name":"Jessica","@id":"https:\/\/mycapil.com\/fr\/#\/schema\/person\/da336cc655461c88e3db7b3ad49eaba8"},"headline":"Une greffe de cheveux peut-elle \u00eatre r\u00e9par\u00e9e ?\u00a0","datePublished":"2023-04-09T14:00:56+00:00","mainEntityOfPage":{"@id":"https:\/\/mycapil.com\/fr\/une-greffe-de-cheveux-peut-elle-etre-reparee\/"},"wordCount":1230,"commentCount":0,"publisher":{"@id":"https:\/\/mycapil.com\/fr\/#organization"},"image":{"@id":"https:\/\/mycapil.com\/fr\/une-greffe-de-cheveux-peut-elle-etre-reparee\/#primaryimage"},"thumbnailUrl":"https:\/\/mycapil.com\/wp-content\/uploads\/2023\/03\/Une-greffe-de-cheveux-peut-elle-etre-reparee-_-.jpg","articleSection":["Perte de cheveux","Traitements alop\u00e9cie"],"inLanguage":"fr","potentialAction":[{"@type":"CommentAction","name":"Comment","target":["https:\/\/mycapil.com\/fr\/une-greffe-de-cheveux-peut-elle-etre-reparee\/#respond"]}]},{"@type":"WebPage","@id":"https:\/\/mycapil.com\/fr\/une-greffe-de-cheveux-peut-elle-etre-reparee\/","url":"https:\/\/mycapil.com\/fr\/une-greffe-de-cheveux-peut-elle-etre-reparee\/","name":"Une greffe de cheveux peut-elle \u00eatre r\u00e9par\u00e9e ?\u00a0 - MyCapil \u2714\ufe0f","isPartOf":{"@id":"https:\/\/mycapil.com\/fr\/#website"},"primaryImageOfPage":{"@id":"https:\/\/mycapil.com\/fr\/une-greffe-de-cheveux-peut-elle-etre-reparee\/#primaryimage"},"image":{"@id":"https:\/\/mycapil.com\/fr\/une-greffe-de-cheveux-peut-elle-etre-reparee\/#primaryimage"},"thumbnailUrl":"https:\/\/mycapil.com\/wp-content\/uploads\/2023\/03\/Une-greffe-de-cheveux-peut-elle-etre-reparee-_-.jpg","datePublished":"2023-04-09T14:00:56+00:00","description":"Vous avez subi une mauvaise greffe de cheveux ? Lisez notre article \"Une greffe de cheveux peut-elle \u00eatre r\u00e9par\u00e9e ?\u00a0\"","breadcrumb":{"@id":"https:\/\/mycapil.com\/fr\/une-greffe-de-cheveux-peut-elle-etre-reparee\/#breadcrumb"},"inLanguage":"fr","potentialAction":[{"@type":"ReadAction","target":["https:\/\/mycapil.com\/fr\/une-greffe-de-cheveux-peut-elle-etre-reparee\/"]}]},{"@type":"ImageObject","inLanguage":"fr","@id":"https:\/\/mycapil.com\/fr\/une-greffe-de-cheveux-peut-elle-etre-reparee\/#primaryimage","url":"https:\/\/mycapil.com\/wp-content\/uploads\/2023\/03\/Une-greffe-de-cheveux-peut-elle-etre-reparee-_-.jpg","contentUrl":"https:\/\/mycapil.com\/wp-content\/uploads\/2023\/03\/Une-greffe-de-cheveux-peut-elle-etre-reparee-_-.jpg","width":800,"height":600,"caption":"Une greffe de cheveux peut-elle \u00eatre r\u00e9par\u00e9e ?"},{"@type":"BreadcrumbList","@id":"https:\/\/mycapil.com\/fr\/une-greffe-de-cheveux-peut-elle-etre-reparee\/#breadcrumb","itemListElement":[{"@type":"ListItem","position":1,"name":"Accueil","item":"https:\/\/mycapil.com\/fr\/"},{"@type":"ListItem","position":2,"name":"Une greffe de cheveux peut-elle \u00eatre r\u00e9par\u00e9e ?\u00a0"}]},{"@type":"WebSite","@id":"https:\/\/mycapil.com\/fr\/#website","url":"https:\/\/mycapil.com\/fr\/","name":"MyCapil","description":"Alop\u00e9cie, Chute de cheveux, capillaire","publisher":{"@id":"https:\/\/mycapil.com\/fr\/#organization"},"potentialAction":[{"@type":"SearchAction","target":{"@type":"EntryPoint","urlTemplate":"https:\/\/mycapil.com\/fr\/?s={search_term_string}"},"query-input":{"@type":"PropertyValueSpecification","valueRequired":true,"valueName":"search_term_string"}}],"inLanguage":"fr"},{"@type":"Organization","@id":"https:\/\/mycapil.com\/fr\/#organization","name":"MyCapil","url":"https:\/\/mycapil.com\/fr\/","logo":{"@type":"ImageObject","inLanguage":"fr","@id":"https:\/\/mycapil.com\/fr\/#\/schema\/logo\/image\/","url":"https:\/\/mycapil.com\/wp-content\/uploads\/2020\/02\/Mycapil3.png","contentUrl":"https:\/\/mycapil.com\/wp-content\/uploads\/2020\/02\/Mycapil3.png","width":339,"height":113,"caption":"MyCapil"},"image":{"@id":"https:\/\/mycapil.com\/fr\/#\/schema\/logo\/image\/"}},{"@type":"Person","@id":"https:\/\/mycapil.com\/fr\/#\/schema\/person\/da336cc655461c88e3db7b3ad49eaba8","name":"Jessica","image":{"@type":"ImageObject","inLanguage":"fr","@id":"https:\/\/mycapil.com\/fr\/#\/schema\/person\/image\/","url":"https:\/\/secure.gravatar.com\/avatar\/fb884780093d4cd4e37d216f175cf5811ef132339af3c5423b01b9e434cce15f?s=96&d=mm&r=g","contentUrl":"https:\/\/secure.gravatar.com\/avatar\/fb884780093d4cd4e37d216f175cf5811ef132339af3c5423b01b9e434cce15f?s=96&d=mm&r=g","caption":"Jessica"}}]}},"_links":{"self":[{"href":"https:\/\/mycapil.com\/fr\/wp-json\/wp\/v2\/posts\/12264","targetHints":{"allow":["GET"]}}],"collection":[{"href":"https:\/\/mycapil.com\/fr\/wp-json\/wp\/v2\/posts"}],"about":[{"href":"https:\/\/mycapil.com\/fr\/wp-json\/wp\/v2\/types\/post"}],"author":[{"embeddable":true,"href":"https:\/\/mycapil.com\/fr\/wp-json\/wp\/v2\/users\/7"}],"replies":[{"embeddable":true,"href":"https:\/\/mycapil.com\/fr\/wp-json\/wp\/v2\/comments?post=12264"}],"version-history":[{"count":1,"href":"https:\/\/mycapil.com\/fr\/wp-json\/wp\/v2\/posts\/12264\/revisions"}],"predecessor-version":[{"id":12275,"href":"https:\/\/mycapil.com\/fr\/wp-json\/wp\/v2\/posts\/12264\/revisions\/12275"}],"wp:featuredmedia":[{"embeddable":true,"href":"https:\/\/mycapil.com\/fr\/wp-json\/wp\/v2\/media\/12270"}],"wp:attachment":[{"href":"https:\/\/mycapil.com\/fr\/wp-json\/wp\/v2\/media?parent=12264"}],"wp:term":[{"taxonomy":"category","embeddable":true,"href":"https:\/\/mycapil.com\/fr\/wp-json\/wp\/v2\/categories?post=12264"},{"taxonomy":"post_tag","embeddable":true,"href":"https:\/\/mycapil.com\/fr\/wp-json\/wp\/v2\/tags?post=12264"}],"curies":[{"name":"wp","href":"https:\/\/api.w.org\/{rel}","templated":true}]}}