{"id":12581,"date":"2023-05-03T10:00:26","date_gmt":"2023-05-03T14:00:26","guid":{"rendered":"https:\/\/mycapil.com\/?p=12581"},"modified":"2023-04-19T10:28:15","modified_gmt":"2023-04-19T14:28:15","slug":"medicament-olumiant-pour-la-pelade","status":"publish","type":"post","link":"https:\/\/mycapil.com\/fr\/medicament-olumiant-pour-la-pelade\/","title":{"rendered":"M\u00e9dicament Olumiant pour la pelade"},"content":{"rendered":"<p><strong>La pelade est une maladie auto-immune<\/strong> qui affecte le cuir chevelu et les autres parties du corps, entra\u00eenant la <strong>perte de cheveux en plaques<\/strong>. Les traitements disponibles pour cette maladie sont limit\u00e9s et peu efficaces. Cependant, un nouveau m\u00e9dicament appel\u00e9 <strong>Olumiant pour la pelade<\/strong> a montr\u00e9 des r\u00e9sultats prometteurs dans le traitement de la pelade. Dans cet article, nous allons examiner l&#8217;efficacit\u00e9 de ce m\u00e9dicament et comment il fonctionne.<\/p>\n<h2 class=\"p1\"><b>Qu\u2019est-ce que la pelade<\/b><\/h2>\n<p class=\"p1\"><strong>La pelade<\/strong>, \u00e9galement connue sous le nom d&#8217;<a href=\"https:\/\/mycapil.com\/fr\/287-genes-causent-lalopecie\/\"><strong>alop\u00e9cie areata<\/strong><\/a>, est une <strong>maladie auto-immune<\/strong> qui <strong>affecte les follicules pileux<\/strong>. Elle se caract\u00e9rise par une <strong>perte de cheveux en plaques<\/strong>, g\u00e9n\u00e9ralement <strong>sur le cuir chevelu<\/strong>, mais aussi <strong>sur d&#8217;autres parties du corps<\/strong>, comme les <strong>sourcils<\/strong>, les <strong>cils<\/strong> et les <strong>poils du visage<\/strong>. Les zones touch\u00e9es peuvent \u00eatre rondes ou ovales et sont souvent asym\u00e9triques.<\/p>\n<p class=\"p1\"><strong>La pelade<\/strong> est caus\u00e9e par une <strong>r\u00e9action auto-immune<\/strong> dans laquelle le syst\u00e8me immunitaire du corps attaque les follicules pileux. Les <strong>causes exactes de cette r\u00e9action auto-immune ne sont pas claires<\/strong>, mais des <strong>facteurs g\u00e9n\u00e9tiques<\/strong> et <strong>environnementaux<\/strong> peuvent jouer un r\u00f4le.<\/p>\n<p class=\"p1\">La maladie peut toucher les personnes de tous \u00e2ges et de tous sexes, mais elle est <strong>plus fr\u00e9quente chez les jeunes adultes et les enfants<\/strong>. Il n&#8217;existe pas de rem\u00e8de pour la pelade, mais <strong>certains traitements peuvent aider \u00e0 r\u00e9duire les sympt\u00f4mes<\/strong> et \u00e0 <strong>stimuler la repousse des cheveux<\/strong>.<\/p>\n<h2 class=\"p1\"><b>M\u00e9dicament Olumiant pour la pelade<\/b><\/h2>\n<h3 class=\"p1\"><b>Comment fonctionne le m\u00e9dicament Olumiant<\/b><\/h3>\n<p class=\"p1\"><strong>Olumiant<\/strong> est un <strong>m\u00e9dicament inhibiteur de Janus kinase<\/strong> (JAK), qui agit en bloquant l&#8217;activit\u00e9 des JAK1 et JAK2, <strong>deux enzyme<\/strong>s impliqu\u00e9es dans l&#8217;<strong>inflammation et la signalisation cellulaire<\/strong>. L&#8217;inhibition de ces enzymes r\u00e9duit l&#8217;activit\u00e9 du syst\u00e8me immunitaire, qui est souvent suractif chez les personnes atteintes de pelade.<\/p>\n<p class=\"p1\">Le m\u00e9dicament est administr\u00e9 par <strong>voie orale<\/strong> sous forme de comprim\u00e9s et doit \u00eatre pris une fois par jour. Les r\u00e9sultats de <strong>plusieurs \u00e9tudes<\/strong> <strong>ont montr\u00e9 que l&#8217;Olumiant peut entra\u00eener une repousse significative des cheveux<\/strong> chez les personnes atteintes de pelade.<\/p>\n<h2 class=\"p1\"><b>Les r\u00e9sultats des \u00e9tudes cliniques<\/b><\/h2>\n<p><img loading=\"lazy\" decoding=\"async\" class=\"aligncenter wp-image-12583 size-full\" src=\"https:\/\/mycapil.com\/wp-content\/uploads\/2023\/04\/Medicament-Olumiant-pour-la-pelade-1.jpg\" alt=\"M\u00e9dicament Olumiant pour la pelade\" width=\"800\" height=\"600\" srcset=\"https:\/\/mycapil.com\/wp-content\/uploads\/2023\/04\/Medicament-Olumiant-pour-la-pelade-1.jpg 800w, https:\/\/mycapil.com\/wp-content\/uploads\/2023\/04\/Medicament-Olumiant-pour-la-pelade-1-300x225.jpg 300w, https:\/\/mycapil.com\/wp-content\/uploads\/2023\/04\/Medicament-Olumiant-pour-la-pelade-1-768x576.jpg 768w, https:\/\/mycapil.com\/wp-content\/uploads\/2023\/04\/Medicament-Olumiant-pour-la-pelade-1-150x113.jpg 150w, https:\/\/mycapil.com\/wp-content\/uploads\/2023\/04\/Medicament-Olumiant-pour-la-pelade-1-696x522.jpg 696w, https:\/\/mycapil.com\/wp-content\/uploads\/2023\/04\/Medicament-Olumiant-pour-la-pelade-1-560x420.jpg 560w, https:\/\/mycapil.com\/wp-content\/uploads\/2023\/04\/Medicament-Olumiant-pour-la-pelade-1-80x60.jpg 80w, https:\/\/mycapil.com\/wp-content\/uploads\/2023\/04\/Medicament-Olumiant-pour-la-pelade-1-265x198.jpg 265w\" sizes=\"auto, (max-width: 800px) 100vw, 800px\" \/><\/p>\n<h3 class=\"p1\"><b>R\u00e9sultats de l&#8217;\u00e9tude de phase IIb<\/b><\/h3>\n<p class=\"p1\"><strong>Une \u00e9tude de phase IIb<\/strong> a \u00e9t\u00e9 men\u00e9e pour <strong>\u00e9valuer l&#8217;efficacit\u00e9 de l&#8217;Olumiant<\/strong> chez les patients atteints de <strong>pelade<\/strong>. Les participants ont \u00e9t\u00e9 divis\u00e9s en trois groupes, recevant chacun une dose diff\u00e9rente de l&#8217;Olumiant ou un placebo pendant 24 semaines. Les r\u00e9sultats ont montr\u00e9 que <strong>les patients ayant re\u00e7u<\/strong> la dose la plus \u00e9lev\u00e9e d&#8217;<strong>Olumiant<\/strong> avaient <strong>une repousse significative des cheveux<\/strong>, avec une r\u00e9duction de la surface de la pelade de 50% ou plus chez 77% des patients.<\/p>\n<h3 class=\"p1\"><b>R\u00e9sultats de l&#8217;\u00e9tude de phase III<\/b><\/h3>\n<p class=\"p1\"><strong>Une \u00e9tude de phase III<\/strong> a \u00e9galement \u00e9t\u00e9 men\u00e9e pour <strong>\u00e9valuer l&#8217;efficacit\u00e9 et la s\u00e9curit\u00e9 de l&#8217;Olumiant<\/strong> chez les patients atteints de pelade. Les participants ont \u00e9t\u00e9 divis\u00e9s en deux groupes, recevant soit l&#8217;Olumiant, soit un placebo pendant 52 semaines. Les r\u00e9sultats ont montr\u00e9 que <strong>les patients ayant re\u00e7u l&#8217;Olumiant avaient une repousse significative des cheveux<\/strong>, avec une r\u00e9duction de la surface de la pelade de 50% ou plus chez 35,6% des patients, contre 14,9% pour le groupe placebo.<\/p>\n<h2 class=\"p1\"><b>Effets secondaires et pr\u00e9cautions \u00e0 prendre<\/b><\/h2>\n<h3 class=\"p1\"><b>Effets secondaires<\/b><\/h3>\n<p class=\"p1\"><strong>Comme tous les m\u00e9dicaments<\/strong>, <strong>l&#8217;Olumiant<\/strong> <strong>peut avoir des effets secondaires<\/strong>. Les effets secondaires les plus courants sont:<\/p>\n<ul>\n<li class=\"p1\">Les infections des voies respiratoires sup\u00e9rieures<\/li>\n<li class=\"p1\">Les maux de t\u00eate<\/li>\n<li class=\"p1\">Les naus\u00e9es.<\/li>\n<li class=\"p1\">R\u00e9actions allergiques<\/li>\n<li class=\"p1\">Infections graves<\/li>\n<li class=\"p1\">Probl\u00e8mes h\u00e9patiques.<\/li>\n<\/ul>\n<p>Il est important de discuter de ces effets secondaires avec votre m\u00e9decin avant de prendre ce m\u00e9dicament.<\/p>\n<p class=\"p1\"><b>Pr\u00e9cautions \u00e0 prendre<\/b><\/p>\n<p class=\"p1\">Il est \u00e9galement important de noter que <strong>l&#8217;Olumiant peut augmenter le risque d&#8217;infections<\/strong>, en particulier chez les personnes ayant des <strong>ant\u00e9c\u00e9dents d&#8217;infections chroniques<\/strong>. Les personnes prenant ce m\u00e9dicament doivent \u00eatre surveill\u00e9es de pr\u00e8s pour les signes d&#8217;infection et doivent signaler tout sympt\u00f4me \u00e0 leur m\u00e9decin imm\u00e9diatement.<\/p>\n<p class=\"p1\">De plus, <strong>l&#8217;Olumiant peut affecter le syst\u00e8me immunitaire<\/strong> et <strong>augmenter le risque de d\u00e9velopper certains types de cancer<\/strong>, notamment le <strong>lymphome<\/strong>. Il est donc important que les patients discutent de leur historique m\u00e9dical avec leur m\u00e9decin avant de prendre ce m\u00e9dicament.<\/p>\n<h2 class=\"p1\"><b>Les diff\u00e9rents traitements de la pelade<\/b><\/h2>\n<p class=\"p1\">Il existe plusieurs traitements qui peuvent aider \u00e0 r\u00e9duire les sympt\u00f4mes et stimuler la repousse des cheveux. Voici quelques-uns des traitements les plus couramment utilis\u00e9s pour la pelade :<\/p>\n<ul class=\"ol1\">\n<li class=\"li1\">\n<h3><strong>Corticost\u00e9ro\u00efdes topiques<\/strong><\/h3>\n<\/li>\n<\/ul>\n<p><strong>Les cr\u00e8mes ou les lotions<\/strong> de corticost\u00e9ro\u00efdes peuvent \u00eatre <strong>appliqu\u00e9es<\/strong> directement <strong>sur les plaques de pelade<\/strong> pour <strong>r\u00e9duire l&#8217;inflammation<\/strong> et <strong>stimuler la repousse des cheveux<\/strong>.<\/p>\n<ul class=\"ol1\">\n<li class=\"li1\">\n<h3><strong>Corticost\u00e9ro\u00efdes intra-l\u00e9sionnels<\/strong><\/h3>\n<\/li>\n<\/ul>\n<p>Les injections de corticost\u00e9ro\u00efdes directement dans les zones touch\u00e9es peuvent <strong>aider \u00e0 r\u00e9duire l&#8217;inflammation<\/strong> et <strong>favoriser la repousse des cheveux<\/strong>.<\/p>\n<ul class=\"ol1\">\n<li class=\"li1\">\n<h3><strong>Immunoth\u00e9rapie<\/strong><\/h3>\n<\/li>\n<\/ul>\n<p>Cette m\u00e9thode consiste \u00e0 <strong>appliquer une substance irritante<\/strong> sur la peau <strong>pour stimuler le syst\u00e8me immunitaire<\/strong> et <strong>attirer les cellules immunitaires<\/strong> vers les follicules pileux. Cela peut <strong>aider \u00e0 stimuler la repousse des cheveux<\/strong>.<\/p>\n<ul class=\"ol1\">\n<li class=\"li1\">\n<h3><strong>Phototh\u00e9rapie<\/strong><\/h3>\n<\/li>\n<\/ul>\n<p><img loading=\"lazy\" decoding=\"async\" class=\"aligncenter wp-image-12588 size-full\" src=\"https:\/\/mycapil.com\/wp-content\/uploads\/2023\/04\/Medicament-Olumiant-pour-la-pelade-2.jpg\" alt=\"M\u00e9dicament Olumiant pour la pelade\" width=\"800\" height=\"600\" srcset=\"https:\/\/mycapil.com\/wp-content\/uploads\/2023\/04\/Medicament-Olumiant-pour-la-pelade-2.jpg 800w, https:\/\/mycapil.com\/wp-content\/uploads\/2023\/04\/Medicament-Olumiant-pour-la-pelade-2-300x225.jpg 300w, https:\/\/mycapil.com\/wp-content\/uploads\/2023\/04\/Medicament-Olumiant-pour-la-pelade-2-768x576.jpg 768w, https:\/\/mycapil.com\/wp-content\/uploads\/2023\/04\/Medicament-Olumiant-pour-la-pelade-2-150x113.jpg 150w, https:\/\/mycapil.com\/wp-content\/uploads\/2023\/04\/Medicament-Olumiant-pour-la-pelade-2-696x522.jpg 696w, https:\/\/mycapil.com\/wp-content\/uploads\/2023\/04\/Medicament-Olumiant-pour-la-pelade-2-560x420.jpg 560w, https:\/\/mycapil.com\/wp-content\/uploads\/2023\/04\/Medicament-Olumiant-pour-la-pelade-2-80x60.jpg 80w, https:\/\/mycapil.com\/wp-content\/uploads\/2023\/04\/Medicament-Olumiant-pour-la-pelade-2-265x198.jpg 265w\" sizes=\"auto, (max-width: 800px) 100vw, 800px\" \/><\/p>\n<p><strong>L&#8217;exposition \u00e0 la lumi\u00e8re UVB<\/strong> peut <strong>aider \u00e0 r\u00e9duire l&#8217;inflammation<\/strong> et <strong>favoriser la repousse des cheveux<\/strong> chez les personnes atteintes de pelade.<\/p>\n<ul class=\"ol1\">\n<li class=\"li1\">\n<h3><strong>M\u00e9dicaments immunosuppresseurs<\/strong><\/h3>\n<\/li>\n<\/ul>\n<p>Les m\u00e9dicaments immunosuppresseurs tels que <strong>le cyclosporine<\/strong> peuvent \u00eatre utilis\u00e9s pour <strong>r\u00e9duire la r\u00e9action auto-immune<\/strong> et <strong>favoriser la repousse des cheveux<\/strong>.<\/p>\n<ul class=\"ol1\">\n<li class=\"li1\">\n<h3><strong>M\u00e9dicaments biologiques<\/strong><\/h3>\n<\/li>\n<\/ul>\n<p>Les m\u00e9dicaments biologiques tels que <strong>l&#8217;Olumiant<\/strong> peuvent \u00e9galement \u00eatre utilis\u00e9s pour <strong>r\u00e9duire l&#8217;inflammation<\/strong> et <strong>stimuler la repousse des cheveux<\/strong> chez les personnes atteintes de pelade.<\/p>\n<p class=\"p1\">Il est important de noter que chaque personne peut r\u00e9agir diff\u00e9remment \u00e0 chaque traitement et qu&#8217;il peut \u00eatre n\u00e9cessaire d&#8217;essayer plusieurs options avant de trouver celle qui convient le mieux. Les patients atteints de pelade doivent discuter des options de traitement avec leur m\u00e9decin ou leur dermatologue pour d\u00e9terminer la meilleure strat\u00e9gie pour leur situation particuli\u00e8re.<\/p>\n<h2 class=\"p1\"><b>Conclusion<\/b><\/h2>\n<p class=\"p1\">En conclusion, <strong>l&#8217;Olumiant pour la pelade est un m\u00e9dicament prometteur dans le traitement de la pelade<\/strong>. Les \u00e9tudes cliniques ont montr\u00e9 que <strong>ce m\u00e9dicament peut entra\u00eener une repousse significative des cheveux<\/strong> chez les patients atteints de pelade, <strong>avec des r\u00e9sultats positifs<\/strong> observ\u00e9s dans les deux \u00e9tudes de phase IIb et III.<\/p>\n<p class=\"p1\">Cependant, comme avec tout m\u00e9dicament, il y a des effets secondaires et des pr\u00e9cautions \u00e0 prendre. <strong>Il est important que les patients discutent des risques et des avantages de ce m\u00e9dicament avec leur m\u00e9decin<\/strong> avant de prendre ce m\u00e9dicament. En fin de compte, <strong>l&#8217;Olumiant<\/strong> repr\u00e9sente une <strong>nouvelle option de traitement<\/strong> pour les patients atteints de <strong>pelade<\/strong> et peut <strong>aider \u00e0 am\u00e9liorer leur qualit\u00e9 de vie<\/strong>.<\/p>\n","protected":false},"excerpt":{"rendered":"<p>La pelade est une maladie auto-immune qui affecte le cuir chevelu et les autres parties du corps, entra\u00eenant la perte de cheveux en plaques. Les traitements disponibles pour cette maladie sont limit\u00e9s et peu efficaces. Cependant, un nouveau m\u00e9dicament appel\u00e9 Olumiant pour la pelade a montr\u00e9 des r\u00e9sultats prometteurs dans le traitement de la pelade. [&hellip;]<\/p>\n","protected":false},"author":7,"featured_media":12593,"comment_status":"open","ping_status":"open","sticky":false,"template":"","format":"standard","meta":{"footnotes":""},"categories":[61],"tags":[],"class_list":{"0":"post-12581","1":"post","2":"type-post","3":"status-publish","4":"format-standard","5":"has-post-thumbnail","7":"category-traitements-alopecie"},"yoast_head":"<!-- This site is optimized with the Yoast SEO plugin v25.9 - https:\/\/yoast.com\/wordpress\/plugins\/seo\/ -->\n<title>M\u00e9dicament Olumiant pour la pelade - MyCapil \u2714\ufe0f<\/title>\n<meta name=\"description\" content=\"Dans cet article, nous allons examiner l&#039;efficacit\u00e9 de ce m\u00e9dicament, l&#039;olumant pour la pelade et comment il fonctionne.\" \/>\n<meta name=\"robots\" content=\"index, follow, max-snippet:-1, max-image-preview:large, max-video-preview:-1\" \/>\n<link rel=\"canonical\" href=\"https:\/\/mycapil.com\/fr\/medicament-olumiant-pour-la-pelade\/\" \/>\n<meta property=\"og:locale\" content=\"fr_FR\" \/>\n<meta property=\"og:type\" content=\"article\" \/>\n<meta property=\"og:title\" content=\"M\u00e9dicament Olumiant pour la pelade - MyCapil \u2714\ufe0f\" \/>\n<meta property=\"og:description\" content=\"Dans cet article, nous allons examiner l&#039;efficacit\u00e9 de ce m\u00e9dicament, l&#039;olumant pour la pelade et comment il fonctionne.\" \/>\n<meta property=\"og:url\" content=\"https:\/\/mycapil.com\/fr\/medicament-olumiant-pour-la-pelade\/\" \/>\n<meta property=\"og:site_name\" content=\"MyCapil\" \/>\n<meta property=\"article:published_time\" content=\"2023-05-03T14:00:26+00:00\" \/>\n<meta property=\"og:image\" content=\"https:\/\/mycapil.com\/wp-content\/uploads\/2023\/04\/Medicament-Olumiant-pour-la-pelade-.jpg\" \/>\n\t<meta property=\"og:image:width\" content=\"800\" \/>\n\t<meta property=\"og:image:height\" content=\"600\" \/>\n\t<meta property=\"og:image:type\" content=\"image\/jpeg\" \/>\n<meta name=\"author\" content=\"Jessica\" \/>\n<meta name=\"twitter:card\" content=\"summary_large_image\" \/>\n<meta name=\"twitter:label1\" content=\"Written by\" \/>\n\t<meta name=\"twitter:data1\" content=\"Jessica\" \/>\n\t<meta name=\"twitter:label2\" content=\"Est. reading time\" \/>\n\t<meta name=\"twitter:data2\" content=\"6 minutes\" \/>\n<script type=\"application\/ld+json\" class=\"yoast-schema-graph\">{\"@context\":\"https:\/\/schema.org\",\"@graph\":[{\"@type\":\"Article\",\"@id\":\"https:\/\/mycapil.com\/fr\/medicament-olumiant-pour-la-pelade\/#article\",\"isPartOf\":{\"@id\":\"https:\/\/mycapil.com\/fr\/medicament-olumiant-pour-la-pelade\/\"},\"author\":{\"name\":\"Jessica\",\"@id\":\"https:\/\/mycapil.com\/fr\/#\/schema\/person\/da336cc655461c88e3db7b3ad49eaba8\"},\"headline\":\"M\u00e9dicament Olumiant pour la pelade\",\"datePublished\":\"2023-05-03T14:00:26+00:00\",\"mainEntityOfPage\":{\"@id\":\"https:\/\/mycapil.com\/fr\/medicament-olumiant-pour-la-pelade\/\"},\"wordCount\":1122,\"commentCount\":0,\"publisher\":{\"@id\":\"https:\/\/mycapil.com\/fr\/#organization\"},\"image\":{\"@id\":\"https:\/\/mycapil.com\/fr\/medicament-olumiant-pour-la-pelade\/#primaryimage\"},\"thumbnailUrl\":\"https:\/\/mycapil.com\/wp-content\/uploads\/2023\/04\/Medicament-Olumiant-pour-la-pelade-.jpg\",\"articleSection\":[\"Traitements alop\u00e9cie\"],\"inLanguage\":\"fr\",\"potentialAction\":[{\"@type\":\"CommentAction\",\"name\":\"Comment\",\"target\":[\"https:\/\/mycapil.com\/fr\/medicament-olumiant-pour-la-pelade\/#respond\"]}]},{\"@type\":\"WebPage\",\"@id\":\"https:\/\/mycapil.com\/fr\/medicament-olumiant-pour-la-pelade\/\",\"url\":\"https:\/\/mycapil.com\/fr\/medicament-olumiant-pour-la-pelade\/\",\"name\":\"M\u00e9dicament Olumiant pour la pelade - MyCapil \u2714\ufe0f\",\"isPartOf\":{\"@id\":\"https:\/\/mycapil.com\/fr\/#website\"},\"primaryImageOfPage\":{\"@id\":\"https:\/\/mycapil.com\/fr\/medicament-olumiant-pour-la-pelade\/#primaryimage\"},\"image\":{\"@id\":\"https:\/\/mycapil.com\/fr\/medicament-olumiant-pour-la-pelade\/#primaryimage\"},\"thumbnailUrl\":\"https:\/\/mycapil.com\/wp-content\/uploads\/2023\/04\/Medicament-Olumiant-pour-la-pelade-.jpg\",\"datePublished\":\"2023-05-03T14:00:26+00:00\",\"description\":\"Dans cet article, nous allons examiner l'efficacit\u00e9 de ce m\u00e9dicament, l'olumant pour la pelade et comment il fonctionne.\",\"breadcrumb\":{\"@id\":\"https:\/\/mycapil.com\/fr\/medicament-olumiant-pour-la-pelade\/#breadcrumb\"},\"inLanguage\":\"fr\",\"potentialAction\":[{\"@type\":\"ReadAction\",\"target\":[\"https:\/\/mycapil.com\/fr\/medicament-olumiant-pour-la-pelade\/\"]}]},{\"@type\":\"ImageObject\",\"inLanguage\":\"fr\",\"@id\":\"https:\/\/mycapil.com\/fr\/medicament-olumiant-pour-la-pelade\/#primaryimage\",\"url\":\"https:\/\/mycapil.com\/wp-content\/uploads\/2023\/04\/Medicament-Olumiant-pour-la-pelade-.jpg\",\"contentUrl\":\"https:\/\/mycapil.com\/wp-content\/uploads\/2023\/04\/Medicament-Olumiant-pour-la-pelade-.jpg\",\"width\":800,\"height\":600,\"caption\":\"M\u00e9dicament Olumiant pour la pelade\"},{\"@type\":\"BreadcrumbList\",\"@id\":\"https:\/\/mycapil.com\/fr\/medicament-olumiant-pour-la-pelade\/#breadcrumb\",\"itemListElement\":[{\"@type\":\"ListItem\",\"position\":1,\"name\":\"Accueil\",\"item\":\"https:\/\/mycapil.com\/fr\/\"},{\"@type\":\"ListItem\",\"position\":2,\"name\":\"M\u00e9dicament Olumiant pour la pelade\"}]},{\"@type\":\"WebSite\",\"@id\":\"https:\/\/mycapil.com\/fr\/#website\",\"url\":\"https:\/\/mycapil.com\/fr\/\",\"name\":\"MyCapil\",\"description\":\"Alop\u00e9cie, Chute de cheveux, capillaire\",\"publisher\":{\"@id\":\"https:\/\/mycapil.com\/fr\/#organization\"},\"potentialAction\":[{\"@type\":\"SearchAction\",\"target\":{\"@type\":\"EntryPoint\",\"urlTemplate\":\"https:\/\/mycapil.com\/fr\/?s={search_term_string}\"},\"query-input\":{\"@type\":\"PropertyValueSpecification\",\"valueRequired\":true,\"valueName\":\"search_term_string\"}}],\"inLanguage\":\"fr\"},{\"@type\":\"Organization\",\"@id\":\"https:\/\/mycapil.com\/fr\/#organization\",\"name\":\"MyCapil\",\"url\":\"https:\/\/mycapil.com\/fr\/\",\"logo\":{\"@type\":\"ImageObject\",\"inLanguage\":\"fr\",\"@id\":\"https:\/\/mycapil.com\/fr\/#\/schema\/logo\/image\/\",\"url\":\"https:\/\/mycapil.com\/wp-content\/uploads\/2020\/02\/Mycapil3.png\",\"contentUrl\":\"https:\/\/mycapil.com\/wp-content\/uploads\/2020\/02\/Mycapil3.png\",\"width\":339,\"height\":113,\"caption\":\"MyCapil\"},\"image\":{\"@id\":\"https:\/\/mycapil.com\/fr\/#\/schema\/logo\/image\/\"}},{\"@type\":\"Person\",\"@id\":\"https:\/\/mycapil.com\/fr\/#\/schema\/person\/da336cc655461c88e3db7b3ad49eaba8\",\"name\":\"Jessica\",\"image\":{\"@type\":\"ImageObject\",\"inLanguage\":\"fr\",\"@id\":\"https:\/\/mycapil.com\/fr\/#\/schema\/person\/image\/\",\"url\":\"https:\/\/secure.gravatar.com\/avatar\/fb884780093d4cd4e37d216f175cf5811ef132339af3c5423b01b9e434cce15f?s=96&d=mm&r=g\",\"contentUrl\":\"https:\/\/secure.gravatar.com\/avatar\/fb884780093d4cd4e37d216f175cf5811ef132339af3c5423b01b9e434cce15f?s=96&d=mm&r=g\",\"caption\":\"Jessica\"}}]}<\/script>\n<!-- \/ Yoast SEO plugin. -->","yoast_head_json":{"title":"M\u00e9dicament Olumiant pour la pelade - MyCapil \u2714\ufe0f","description":"Dans cet article, nous allons examiner l'efficacit\u00e9 de ce m\u00e9dicament, l'olumant pour la pelade et comment il fonctionne.","robots":{"index":"index","follow":"follow","max-snippet":"max-snippet:-1","max-image-preview":"max-image-preview:large","max-video-preview":"max-video-preview:-1"},"canonical":"https:\/\/mycapil.com\/fr\/medicament-olumiant-pour-la-pelade\/","og_locale":"fr_FR","og_type":"article","og_title":"M\u00e9dicament Olumiant pour la pelade - MyCapil \u2714\ufe0f","og_description":"Dans cet article, nous allons examiner l'efficacit\u00e9 de ce m\u00e9dicament, l'olumant pour la pelade et comment il fonctionne.","og_url":"https:\/\/mycapil.com\/fr\/medicament-olumiant-pour-la-pelade\/","og_site_name":"MyCapil","article_published_time":"2023-05-03T14:00:26+00:00","og_image":[{"width":800,"height":600,"url":"https:\/\/mycapil.com\/wp-content\/uploads\/2023\/04\/Medicament-Olumiant-pour-la-pelade-.jpg","type":"image\/jpeg"}],"author":"Jessica","twitter_card":"summary_large_image","twitter_misc":{"Written by":"Jessica","Est. reading time":"6 minutes"},"schema":{"@context":"https:\/\/schema.org","@graph":[{"@type":"Article","@id":"https:\/\/mycapil.com\/fr\/medicament-olumiant-pour-la-pelade\/#article","isPartOf":{"@id":"https:\/\/mycapil.com\/fr\/medicament-olumiant-pour-la-pelade\/"},"author":{"name":"Jessica","@id":"https:\/\/mycapil.com\/fr\/#\/schema\/person\/da336cc655461c88e3db7b3ad49eaba8"},"headline":"M\u00e9dicament Olumiant pour la pelade","datePublished":"2023-05-03T14:00:26+00:00","mainEntityOfPage":{"@id":"https:\/\/mycapil.com\/fr\/medicament-olumiant-pour-la-pelade\/"},"wordCount":1122,"commentCount":0,"publisher":{"@id":"https:\/\/mycapil.com\/fr\/#organization"},"image":{"@id":"https:\/\/mycapil.com\/fr\/medicament-olumiant-pour-la-pelade\/#primaryimage"},"thumbnailUrl":"https:\/\/mycapil.com\/wp-content\/uploads\/2023\/04\/Medicament-Olumiant-pour-la-pelade-.jpg","articleSection":["Traitements alop\u00e9cie"],"inLanguage":"fr","potentialAction":[{"@type":"CommentAction","name":"Comment","target":["https:\/\/mycapil.com\/fr\/medicament-olumiant-pour-la-pelade\/#respond"]}]},{"@type":"WebPage","@id":"https:\/\/mycapil.com\/fr\/medicament-olumiant-pour-la-pelade\/","url":"https:\/\/mycapil.com\/fr\/medicament-olumiant-pour-la-pelade\/","name":"M\u00e9dicament Olumiant pour la pelade - MyCapil \u2714\ufe0f","isPartOf":{"@id":"https:\/\/mycapil.com\/fr\/#website"},"primaryImageOfPage":{"@id":"https:\/\/mycapil.com\/fr\/medicament-olumiant-pour-la-pelade\/#primaryimage"},"image":{"@id":"https:\/\/mycapil.com\/fr\/medicament-olumiant-pour-la-pelade\/#primaryimage"},"thumbnailUrl":"https:\/\/mycapil.com\/wp-content\/uploads\/2023\/04\/Medicament-Olumiant-pour-la-pelade-.jpg","datePublished":"2023-05-03T14:00:26+00:00","description":"Dans cet article, nous allons examiner l'efficacit\u00e9 de ce m\u00e9dicament, l'olumant pour la pelade et comment il fonctionne.","breadcrumb":{"@id":"https:\/\/mycapil.com\/fr\/medicament-olumiant-pour-la-pelade\/#breadcrumb"},"inLanguage":"fr","potentialAction":[{"@type":"ReadAction","target":["https:\/\/mycapil.com\/fr\/medicament-olumiant-pour-la-pelade\/"]}]},{"@type":"ImageObject","inLanguage":"fr","@id":"https:\/\/mycapil.com\/fr\/medicament-olumiant-pour-la-pelade\/#primaryimage","url":"https:\/\/mycapil.com\/wp-content\/uploads\/2023\/04\/Medicament-Olumiant-pour-la-pelade-.jpg","contentUrl":"https:\/\/mycapil.com\/wp-content\/uploads\/2023\/04\/Medicament-Olumiant-pour-la-pelade-.jpg","width":800,"height":600,"caption":"M\u00e9dicament Olumiant pour la pelade"},{"@type":"BreadcrumbList","@id":"https:\/\/mycapil.com\/fr\/medicament-olumiant-pour-la-pelade\/#breadcrumb","itemListElement":[{"@type":"ListItem","position":1,"name":"Accueil","item":"https:\/\/mycapil.com\/fr\/"},{"@type":"ListItem","position":2,"name":"M\u00e9dicament Olumiant pour la pelade"}]},{"@type":"WebSite","@id":"https:\/\/mycapil.com\/fr\/#website","url":"https:\/\/mycapil.com\/fr\/","name":"MyCapil","description":"Alop\u00e9cie, Chute de cheveux, capillaire","publisher":{"@id":"https:\/\/mycapil.com\/fr\/#organization"},"potentialAction":[{"@type":"SearchAction","target":{"@type":"EntryPoint","urlTemplate":"https:\/\/mycapil.com\/fr\/?s={search_term_string}"},"query-input":{"@type":"PropertyValueSpecification","valueRequired":true,"valueName":"search_term_string"}}],"inLanguage":"fr"},{"@type":"Organization","@id":"https:\/\/mycapil.com\/fr\/#organization","name":"MyCapil","url":"https:\/\/mycapil.com\/fr\/","logo":{"@type":"ImageObject","inLanguage":"fr","@id":"https:\/\/mycapil.com\/fr\/#\/schema\/logo\/image\/","url":"https:\/\/mycapil.com\/wp-content\/uploads\/2020\/02\/Mycapil3.png","contentUrl":"https:\/\/mycapil.com\/wp-content\/uploads\/2020\/02\/Mycapil3.png","width":339,"height":113,"caption":"MyCapil"},"image":{"@id":"https:\/\/mycapil.com\/fr\/#\/schema\/logo\/image\/"}},{"@type":"Person","@id":"https:\/\/mycapil.com\/fr\/#\/schema\/person\/da336cc655461c88e3db7b3ad49eaba8","name":"Jessica","image":{"@type":"ImageObject","inLanguage":"fr","@id":"https:\/\/mycapil.com\/fr\/#\/schema\/person\/image\/","url":"https:\/\/secure.gravatar.com\/avatar\/fb884780093d4cd4e37d216f175cf5811ef132339af3c5423b01b9e434cce15f?s=96&d=mm&r=g","contentUrl":"https:\/\/secure.gravatar.com\/avatar\/fb884780093d4cd4e37d216f175cf5811ef132339af3c5423b01b9e434cce15f?s=96&d=mm&r=g","caption":"Jessica"}}]}},"_links":{"self":[{"href":"https:\/\/mycapil.com\/fr\/wp-json\/wp\/v2\/posts\/12581","targetHints":{"allow":["GET"]}}],"collection":[{"href":"https:\/\/mycapil.com\/fr\/wp-json\/wp\/v2\/posts"}],"about":[{"href":"https:\/\/mycapil.com\/fr\/wp-json\/wp\/v2\/types\/post"}],"author":[{"embeddable":true,"href":"https:\/\/mycapil.com\/fr\/wp-json\/wp\/v2\/users\/7"}],"replies":[{"embeddable":true,"href":"https:\/\/mycapil.com\/fr\/wp-json\/wp\/v2\/comments?post=12581"}],"version-history":[{"count":3,"href":"https:\/\/mycapil.com\/fr\/wp-json\/wp\/v2\/posts\/12581\/revisions"}],"predecessor-version":[{"id":12599,"href":"https:\/\/mycapil.com\/fr\/wp-json\/wp\/v2\/posts\/12581\/revisions\/12599"}],"wp:featuredmedia":[{"embeddable":true,"href":"https:\/\/mycapil.com\/fr\/wp-json\/wp\/v2\/media\/12593"}],"wp:attachment":[{"href":"https:\/\/mycapil.com\/fr\/wp-json\/wp\/v2\/media?parent=12581"}],"wp:term":[{"taxonomy":"category","embeddable":true,"href":"https:\/\/mycapil.com\/fr\/wp-json\/wp\/v2\/categories?post=12581"},{"taxonomy":"post_tag","embeddable":true,"href":"https:\/\/mycapil.com\/fr\/wp-json\/wp\/v2\/tags?post=12581"}],"curies":[{"name":"wp","href":"https:\/\/api.w.org\/{rel}","templated":true}]}}