{"id":12612,"date":"2023-05-09T10:00:55","date_gmt":"2023-05-09T14:00:55","guid":{"rendered":"https:\/\/mycapil.com\/?p=12612"},"modified":"2023-04-19T11:38:23","modified_gmt":"2023-04-19T15:38:23","slug":"comment-prendre-soin-des-cheveux-gris","status":"publish","type":"post","link":"https:\/\/mycapil.com\/fr\/comment-prendre-soin-des-cheveux-gris\/","title":{"rendered":"Comment prendre soin des cheveux gris"},"content":{"rendered":"<p><b>Les cheveux gris<\/b> peuvent \u00eatre <b>beaux et \u00e9l\u00e9gants<\/b>, mais <b>ils n\u00e9cessitent<\/b> \u00e9galement <b>des soins sp\u00e9cifiques<\/b> pour <b>rester sains et brillants<\/b>. <b>Les cheveux gris<\/b> peuvent \u00eatre plus fragiles et plus secs que les cheveux plus jeunes, et ils ont tendance \u00e0 se ternir plus rapidement. Heureusement, il existe des moyens simples de <b>prendre soin de vos cheveux gris<\/b> et de <b>les maintenir en bonne sant\u00e9<\/b>. Dans cet article &#8220;<strong>c<\/strong><b style=\"font-family: Verdana, BlinkMacSystemFont, -apple-system, 'Segoe UI', Roboto, Oxygen, Ubuntu, Cantarell, 'Open Sans', 'Helvetica Neue', sans-serif\">omment prendre soin des cheveux gris&#8221;<\/b>, nous allons examiner quelques astuces pour <b>prendre soin de vos cheveux gris<\/b> et <b>les garder beaux et brillants<\/b>.<\/p>\n<h2 class=\"p1\"><b>Pourquoi \u00e0-t-on les cheveux gris<\/b><\/h2>\n<p class=\"p1\"><b>Les cheveux gris sont caus\u00e9s par la diminution progressive de la production de m\u00e9lanine<\/b>, un pigment naturel qui donne aux cheveux leur couleur. <b>Avec l&#8217;\u00e2ge<\/b>, les follicules pileux produisent moins de m\u00e9lanine, ce qui entra\u00eene l&#8217;<b>apparition de cheveux gris ou blancs<\/b>. <b>D&#8217;autres facteurs<\/b> peuvent \u00e9galement jouer un r\u00f4le:<span class=\"Apple-converted-space\">\u00a0<\/span><\/p>\n<ul>\n<li class=\"p1\">Le <b>stress<\/b><\/li>\n<li class=\"p1\">Les <b>maladies auto-immunes<\/b><\/li>\n<li class=\"p1\">Les <b>carences nutritionnelles<\/b><\/li>\n<li class=\"p1\">Les <b>traitements m\u00e9dicamenteux<\/b><\/li>\n<li class=\"p1\">L<b>es hormones<\/b><span class=\"Apple-converted-space\">\u00a0<\/span><\/li>\n<li class=\"p1\">L<b>a g\u00e9n\u00e9tique<\/b><\/li>\n<\/ul>\n<p class=\"p1\"><b>Les cheveux gris<\/b> peuvent \u00eatre consid\u00e9r\u00e9s comme un <b>signe de vieillissement<\/b>, mais ils peuvent aussi \u00eatre per\u00e7us comme une <b>expression de beaut\u00e9 naturelle et de maturit\u00e9<\/b>.<\/p>\n<h2 class=\"p1\"><b>Comment prendre soin des cheveux gris<\/b><\/h2>\n<p><b><img loading=\"lazy\" decoding=\"async\" class=\"aligncenter wp-image-12613 size-full\" src=\"https:\/\/mycapil.com\/wp-content\/uploads\/2023\/04\/Comment-prendre-soin-des-cheveux-gris-1.jpg\" alt=\"Comment prendre soin des cheveux gris\" width=\"800\" height=\"600\" srcset=\"https:\/\/mycapil.com\/wp-content\/uploads\/2023\/04\/Comment-prendre-soin-des-cheveux-gris-1.jpg 800w, https:\/\/mycapil.com\/wp-content\/uploads\/2023\/04\/Comment-prendre-soin-des-cheveux-gris-1-300x225.jpg 300w, https:\/\/mycapil.com\/wp-content\/uploads\/2023\/04\/Comment-prendre-soin-des-cheveux-gris-1-768x576.jpg 768w, https:\/\/mycapil.com\/wp-content\/uploads\/2023\/04\/Comment-prendre-soin-des-cheveux-gris-1-150x113.jpg 150w, https:\/\/mycapil.com\/wp-content\/uploads\/2023\/04\/Comment-prendre-soin-des-cheveux-gris-1-696x522.jpg 696w, https:\/\/mycapil.com\/wp-content\/uploads\/2023\/04\/Comment-prendre-soin-des-cheveux-gris-1-560x420.jpg 560w, https:\/\/mycapil.com\/wp-content\/uploads\/2023\/04\/Comment-prendre-soin-des-cheveux-gris-1-80x60.jpg 80w, https:\/\/mycapil.com\/wp-content\/uploads\/2023\/04\/Comment-prendre-soin-des-cheveux-gris-1-265x198.jpg 265w\" sizes=\"auto, (max-width: 800px) 100vw, 800px\" \/><\/b><\/p>\n<h3 class=\"p1\"><b>Comment prendre soin des cheveux gris<\/b><\/h3>\n<ul>\n<li class=\"p1\">\n<h3><b>Hydrater r\u00e9guli\u00e8rement les cheveux<\/b><\/h3>\n<\/li>\n<\/ul>\n<p class=\"p1\">L&#8217;une des <b>principales pr\u00e9occupations pour les cheveux gris<\/b> est leur tendance \u00e0 <b>devenir plus secs et cassants<\/b>. Pour \u00e9viter cela, il est important de <b>maintenir une bonne hydratation de vos cheveux<\/b>. <b>Utilisez un shampoing et un revitalisant sp\u00e9cialement con\u00e7us pour les cheveux gris<\/b>, qui contiennent souvent des <b>ingr\u00e9dients hydratants<\/b> comme <b>l&#8217;huile d&#8217;argan<\/b> ou <b>le beurre de karit\u00e9<\/b>. <a href=\"https:\/\/mycapil.com\/fr\/eviter-shampoings-sulfates-silicones-parabenes\/\"><span class=\"s1\">\u00c9vitez les shampoings contenant des sulfates<\/span><\/a>, car ils peuvent ass\u00e9cher les cheveux et les rendre plus cassants.<\/p>\n<p class=\"p1\">En outre, <b>utilisez un traitement hydratant profond<\/b> une fois par semaine pour <b>nourrir et hydrater vos cheveux<\/b> en profondeur. Vous pouvez \u00e9galement <b>utiliser un spray hydratant<\/b> entre les lavages pour <b>garder vos cheveux hydrat\u00e9s et souples<\/b>.<\/p>\n<ul>\n<li class=\"p1\">\n<h3><b>Utiliser un revitalisant sans rin\u00e7age<\/b><\/h3>\n<\/li>\n<\/ul>\n<p class=\"p1\">Un <b>revitalisant sans rin\u00e7age<\/b> est un <b>excellent moyen de garder vos cheveux gris hydrat\u00e9s et doux<\/b>. Il est \u00e9galement facile \u00e0 utiliser et ne prend que quelques secondes \u00e0 appliquer. <b>Utilisez un revitalisant sans rin\u00e7age<\/b> sur vos cheveux humides apr\u00e8s la douche ou le bain <b>pour les hydrater<\/b> et <b>les prot\u00e9ger contre les dommages<\/b> caus\u00e9s par le coiffage et les \u00e9l\u00e9ments ext\u00e9rieurs.<\/p>\n<ul>\n<li class=\"p1\"><b>Prot\u00e9ger les cheveux des dommages caus\u00e9s par la chaleur<\/b><\/li>\n<\/ul>\n<p class=\"p1\"><b>Les cheveux gris<\/b> sont souvent plus fragiles que les cheveux plus jeunes et sont plus susceptibles de se casser ou de se dess\u00e9cher lorsqu&#8217;ils sont expos\u00e9s \u00e0 la chaleur. Pour \u00e9viter cela, <b>utilisez un protecteur thermique <\/b>avant d&#8217;utiliser des outils de coiffage chauds comme un s\u00e8che-cheveux ou un fer \u00e0 friser. <b>\u00c9vitez \u00e9galement d&#8217;utiliser des outils de coiffage chauds trop souvent<\/b>, car cela peut endommager les cheveux \u00e0 long terme.<\/p>\n<ul>\n<li class=\"p1\">\n<h3><b>Utiliser des produits de coiffage doux<\/b><\/h3>\n<\/li>\n<\/ul>\n<p class=\"p1\"><b>Les produits de coiffage<\/b> peuvent \u00eatre <b>utiles pour cr\u00e9er le look<\/b> que vous voulez, mais <b>certains peuvent \u00eatre trop agressifs pour les cheveux gris<\/b>. <b>\u00c9vitez les produits contenant de l&#8217;alcool<\/b>, car ils peuvent ass\u00e9cher les cheveux. Utilisez plut\u00f4t des produits de coiffage doux comme les mousses ou les gels pour aider \u00e0 fixer votre coiffure.<\/p>\n<ul>\n<li class=\"p1\">\n<h3><b>\u00c9viter les colorations fr\u00e9quentes<\/b><\/h3>\n<\/li>\n<\/ul>\n<p class=\"p1\"><b>Si vous avez des cheveux gris<\/b>, vous pouvez <b>choisir de les colore<\/b>r pour masquer les cheveux gris. Cependant,<b> les colorations fr\u00e9quentes peuvent endommager vos cheveux<\/b> et les rendre plus fragiles. Si vous d\u00e9cidez de colorer vos cheveux, <b>choisissez une couleur douce<\/b> et <b>utilisez des produits de coloration sans ammoniaque<\/b>. <b>\u00c9vitez \u00e9galement les colorations permanentes<\/b> et <b>pr\u00e9f\u00e9rez les colorations semi-permanentes<\/b> qui durent moins longtemps et sont moins agressives pour les cheveux.<\/p>\n<h2 class=\"p1\"><b>Conseils et soins pour les cheveux gris<\/b><\/h2>\n<h3 class=\"p1\"><b>Conseils<\/b><\/h3>\n<ul class=\"ol1\">\n<li class=\"li1\"><b>Utilisez un shampoing et un revitalisant hydratan<\/b>t <b>sp\u00e9cialement con\u00e7us pour les cheveux gris<\/b>. \u00c9vitez les produits contenant des sulfates, qui peuvent ass\u00e9cher les cheveux.<\/li>\n<li class=\"li1\"><b>Utilisez un traitement hydratant profond<\/b> une fois par semaine pour nourrir et hydrater vos cheveux en profondeur.<\/li>\n<li class=\"li1\"><b>Utilisez un revitalisant sans rin\u00e7age<\/b> pour garder vos cheveux hydrat\u00e9s et doux.<\/li>\n<li class=\"li1\"><b>Utilisez un protecteur thermique<\/b> avant d&#8217;utiliser des outils de coiffage chauds.<\/li>\n<li class=\"li1\"><b>\u00c9vitez les produits de coiffage contenant de l&#8217;alcool<\/b>, qui peuvent ass\u00e9cher les cheveux.<\/li>\n<li class=\"li1\"><b>\u00c9vitez les colorations permanentes<\/b> et utilisez des colorations semi-permanentes douces.<\/li>\n<li class=\"li1\"><b>\u00c9vitez les expositions prolong\u00e9es au soleil<\/b>, qui peuvent ternir et ass\u00e9cher les cheveux.<\/li>\n<li class=\"li1\"><b>Brossez d\u00e9licatement vos cheveux<\/b> avec une brosse douce pour \u00e9viter de les casser.<\/li>\n<li class=\"li1\"><b>\u00c9vitez de frotter vos cheveux vigoureusement<\/b> avec une serviette pour les s\u00e9cher. Utilisez plut\u00f4t une serviette en microfibres pour absorber l&#8217;exc\u00e8s d&#8217;eau.<\/li>\n<li class=\"li1\"><b>Mangez une alimentation saine et \u00e9quilibr\u00e9e<\/b> pour favoriser la sant\u00e9 de vos cheveux et de votre cuir chevelu. Les aliments riches en vitamines B, C et E, ainsi qu&#8217;en acides gras om\u00e9ga-3, sont particuli\u00e8rement b\u00e9n\u00e9fiques pour les cheveux.<\/li>\n<\/ul>\n<h3 class=\"p1\"><span class=\"s2\"><b>S<\/b><\/span><b>oins capillaire pour prendre soin des cheveux gris<\/b><\/h3>\n<ul class=\"ol1\">\n<li class=\"li1\"><b>Klorane<\/b> : cette marque propose une gamme de <b>produits sp\u00e9cialement con\u00e7us pour les cheveux gris<\/b>, \u00e0 base de centaur\u00e9e, une plante qui <b>aide \u00e0 pr\u00e9server la brillance et la couleur des cheveux gri<\/b>s.<\/li>\n<li class=\"li1\"><b>Phyto<\/b> : cette marque propose des produits capillaires naturels \u00e0 base de plantes, notamment une <b>gamme pour les cheveux blancs et gris<\/b>, qui <b>aide \u00e0 pr\u00e9server la couleur et la brillance des cheveux<\/b>.<\/li>\n<li class=\"li1\"><b>Leonor Greyl<\/b> : cette marque propose une <b>gamme de soins capillaires haut de gamme<\/b>, y compris des produits sp\u00e9cialement <b>con\u00e7us pour les cheveux gris<\/b> et blancs, qui <b>aident \u00e0 nourrir et \u00e0 hydrater les cheveux en profondeur<\/b>.<\/li>\n<li class=\"li1\"><b>Rene Furterer<\/b> : cette marque propose une <b>gamme de produits capillaires \u00e0 base d&#8217;huiles essentielles et de plantes<\/b>, y compris une <b>gamme pour les cheveux gris<\/b>, qui <b>aide \u00e0 pr\u00e9server la brillance et la texture des cheveux<\/b>.<\/li>\n<li class=\"li1\"><b>La Biosthetique<\/b> : cette marque propose des <b>produits capillaires professionnels<\/b>, y compris une <b>gamme de soins pour les cheveux gris et blancs<\/b>, qui <b>aide \u00e0 hydrater<\/b>, \u00e0 <b>nourrir<\/b> et \u00e0 <b>pr\u00e9server la brillanc<\/b>e et <b>la couleur des cheveu<\/b>x.<\/li>\n<\/ul>\n<p class=\"p1\">Ces marques proposent des <b>produits de qualit\u00e9 pour prendre soin des cheveux gris<\/b>, mais il en existe bien d&#8217;autres sur le march\u00e9. N&#8217;h\u00e9sitez pas \u00e0<b> consulter un coiffeur professionnel pour obtenir des recommandations sp\u00e9cifiques \u00e0 vos besoins capillaires<\/b>.<\/p>\n<h2 class=\"p1\"><b>Conclusion<\/b><\/h2>\n<p class=\"p1\"><b>Les cheveux gris<\/b> n\u00e9cessitent des <b>soins sp\u00e9cifiques pour rester beaux et sains<\/b>. En hydratant r\u00e9guli\u00e8rement vos cheveux, en utilisant des produits de coiffage doux et en \u00e9vitant les dommages caus\u00e9s par la chaleur, vous pouvez <b>aider \u00e0 pr\u00e9server la brillance et la texture de vos cheveux gris<\/b>. Si vous d\u00e9cidez de colorer vos cheveux, choisissez une couleur douce et \u00e9vitez les colorations permanentes. En suivant ces conseils simples, vous pouvez <b>prendre soin de vos cheveux gris<\/b> et <b>les garder en bonne sant\u00e9<\/b> et beaux pour les ann\u00e9es \u00e0 venir.<\/p>\n","protected":false},"excerpt":{"rendered":"<p>Les cheveux gris peuvent \u00eatre beaux et \u00e9l\u00e9gants, mais ils n\u00e9cessitent \u00e9galement des soins sp\u00e9cifiques pour rester sains et brillants. Les cheveux gris peuvent \u00eatre plus fragiles et plus secs que les cheveux plus jeunes, et ils ont tendance \u00e0 se ternir plus rapidement. Heureusement, il existe des moyens simples de prendre soin de vos [&hellip;]<\/p>\n","protected":false},"author":7,"featured_media":12618,"comment_status":"open","ping_status":"open","sticky":false,"template":"","format":"standard","meta":{"footnotes":""},"categories":[3],"tags":[],"class_list":{"0":"post-12612","1":"post","2":"type-post","3":"status-publish","4":"format-standard","5":"has-post-thumbnail","7":"category-nouvelles"},"yoast_head":"<!-- This site is optimized with the Yoast SEO plugin v25.9 - https:\/\/yoast.com\/wordpress\/plugins\/seo\/ -->\n<title>Comment prendre soin des cheveux gris - MyCapil \u2714\ufe0f<\/title>\n<meta name=\"description\" content=\"Comment prendre soin des cheveux gris. Nous allons examiner quelques astuces pour les garder beaux et brillants.\" \/>\n<meta name=\"robots\" content=\"index, follow, max-snippet:-1, max-image-preview:large, max-video-preview:-1\" \/>\n<link rel=\"canonical\" href=\"https:\/\/mycapil.com\/fr\/comment-prendre-soin-des-cheveux-gris\/\" \/>\n<meta property=\"og:locale\" content=\"fr_FR\" \/>\n<meta property=\"og:type\" content=\"article\" \/>\n<meta property=\"og:title\" content=\"Comment prendre soin des cheveux gris - MyCapil \u2714\ufe0f\" \/>\n<meta property=\"og:description\" content=\"Comment prendre soin des cheveux gris. Nous allons examiner quelques astuces pour les garder beaux et brillants.\" \/>\n<meta property=\"og:url\" content=\"https:\/\/mycapil.com\/fr\/comment-prendre-soin-des-cheveux-gris\/\" \/>\n<meta property=\"og:site_name\" content=\"MyCapil\" \/>\n<meta property=\"article:published_time\" content=\"2023-05-09T14:00:55+00:00\" \/>\n<meta property=\"og:image\" content=\"https:\/\/mycapil.com\/wp-content\/uploads\/2023\/04\/Comment-prendre-soin-des-cheveux-gris-.jpg\" \/>\n\t<meta property=\"og:image:width\" content=\"800\" \/>\n\t<meta property=\"og:image:height\" content=\"600\" \/>\n\t<meta property=\"og:image:type\" content=\"image\/jpeg\" \/>\n<meta name=\"author\" content=\"Jessica\" \/>\n<meta name=\"twitter:card\" content=\"summary_large_image\" \/>\n<meta name=\"twitter:label1\" content=\"Written by\" \/>\n\t<meta name=\"twitter:data1\" content=\"Jessica\" \/>\n\t<meta name=\"twitter:label2\" content=\"Est. reading time\" \/>\n\t<meta name=\"twitter:data2\" content=\"6 minutes\" \/>\n<script type=\"application\/ld+json\" class=\"yoast-schema-graph\">{\"@context\":\"https:\/\/schema.org\",\"@graph\":[{\"@type\":\"Article\",\"@id\":\"https:\/\/mycapil.com\/fr\/comment-prendre-soin-des-cheveux-gris\/#article\",\"isPartOf\":{\"@id\":\"https:\/\/mycapil.com\/fr\/comment-prendre-soin-des-cheveux-gris\/\"},\"author\":{\"name\":\"Jessica\",\"@id\":\"https:\/\/mycapil.com\/fr\/#\/schema\/person\/da336cc655461c88e3db7b3ad49eaba8\"},\"headline\":\"Comment prendre soin des cheveux gris\",\"datePublished\":\"2023-05-09T14:00:55+00:00\",\"mainEntityOfPage\":{\"@id\":\"https:\/\/mycapil.com\/fr\/comment-prendre-soin-des-cheveux-gris\/\"},\"wordCount\":1148,\"commentCount\":0,\"publisher\":{\"@id\":\"https:\/\/mycapil.com\/fr\/#organization\"},\"image\":{\"@id\":\"https:\/\/mycapil.com\/fr\/comment-prendre-soin-des-cheveux-gris\/#primaryimage\"},\"thumbnailUrl\":\"https:\/\/mycapil.com\/wp-content\/uploads\/2023\/04\/Comment-prendre-soin-des-cheveux-gris-.jpg\",\"articleSection\":[\"Nouvelles\"],\"inLanguage\":\"fr\",\"potentialAction\":[{\"@type\":\"CommentAction\",\"name\":\"Comment\",\"target\":[\"https:\/\/mycapil.com\/fr\/comment-prendre-soin-des-cheveux-gris\/#respond\"]}]},{\"@type\":\"WebPage\",\"@id\":\"https:\/\/mycapil.com\/fr\/comment-prendre-soin-des-cheveux-gris\/\",\"url\":\"https:\/\/mycapil.com\/fr\/comment-prendre-soin-des-cheveux-gris\/\",\"name\":\"Comment prendre soin des cheveux gris - MyCapil \u2714\ufe0f\",\"isPartOf\":{\"@id\":\"https:\/\/mycapil.com\/fr\/#website\"},\"primaryImageOfPage\":{\"@id\":\"https:\/\/mycapil.com\/fr\/comment-prendre-soin-des-cheveux-gris\/#primaryimage\"},\"image\":{\"@id\":\"https:\/\/mycapil.com\/fr\/comment-prendre-soin-des-cheveux-gris\/#primaryimage\"},\"thumbnailUrl\":\"https:\/\/mycapil.com\/wp-content\/uploads\/2023\/04\/Comment-prendre-soin-des-cheveux-gris-.jpg\",\"datePublished\":\"2023-05-09T14:00:55+00:00\",\"description\":\"Comment prendre soin des cheveux gris. Nous allons examiner quelques astuces pour les garder beaux et brillants.\",\"breadcrumb\":{\"@id\":\"https:\/\/mycapil.com\/fr\/comment-prendre-soin-des-cheveux-gris\/#breadcrumb\"},\"inLanguage\":\"fr\",\"potentialAction\":[{\"@type\":\"ReadAction\",\"target\":[\"https:\/\/mycapil.com\/fr\/comment-prendre-soin-des-cheveux-gris\/\"]}]},{\"@type\":\"ImageObject\",\"inLanguage\":\"fr\",\"@id\":\"https:\/\/mycapil.com\/fr\/comment-prendre-soin-des-cheveux-gris\/#primaryimage\",\"url\":\"https:\/\/mycapil.com\/wp-content\/uploads\/2023\/04\/Comment-prendre-soin-des-cheveux-gris-.jpg\",\"contentUrl\":\"https:\/\/mycapil.com\/wp-content\/uploads\/2023\/04\/Comment-prendre-soin-des-cheveux-gris-.jpg\",\"width\":800,\"height\":600,\"caption\":\"Comment prendre soin des cheveux gris\"},{\"@type\":\"BreadcrumbList\",\"@id\":\"https:\/\/mycapil.com\/fr\/comment-prendre-soin-des-cheveux-gris\/#breadcrumb\",\"itemListElement\":[{\"@type\":\"ListItem\",\"position\":1,\"name\":\"Accueil\",\"item\":\"https:\/\/mycapil.com\/fr\/\"},{\"@type\":\"ListItem\",\"position\":2,\"name\":\"Comment prendre soin des cheveux gris\"}]},{\"@type\":\"WebSite\",\"@id\":\"https:\/\/mycapil.com\/fr\/#website\",\"url\":\"https:\/\/mycapil.com\/fr\/\",\"name\":\"MyCapil\",\"description\":\"Alop\u00e9cie, Chute de cheveux, capillaire\",\"publisher\":{\"@id\":\"https:\/\/mycapil.com\/fr\/#organization\"},\"potentialAction\":[{\"@type\":\"SearchAction\",\"target\":{\"@type\":\"EntryPoint\",\"urlTemplate\":\"https:\/\/mycapil.com\/fr\/?s={search_term_string}\"},\"query-input\":{\"@type\":\"PropertyValueSpecification\",\"valueRequired\":true,\"valueName\":\"search_term_string\"}}],\"inLanguage\":\"fr\"},{\"@type\":\"Organization\",\"@id\":\"https:\/\/mycapil.com\/fr\/#organization\",\"name\":\"MyCapil\",\"url\":\"https:\/\/mycapil.com\/fr\/\",\"logo\":{\"@type\":\"ImageObject\",\"inLanguage\":\"fr\",\"@id\":\"https:\/\/mycapil.com\/fr\/#\/schema\/logo\/image\/\",\"url\":\"https:\/\/mycapil.com\/wp-content\/uploads\/2020\/02\/Mycapil3.png\",\"contentUrl\":\"https:\/\/mycapil.com\/wp-content\/uploads\/2020\/02\/Mycapil3.png\",\"width\":339,\"height\":113,\"caption\":\"MyCapil\"},\"image\":{\"@id\":\"https:\/\/mycapil.com\/fr\/#\/schema\/logo\/image\/\"}},{\"@type\":\"Person\",\"@id\":\"https:\/\/mycapil.com\/fr\/#\/schema\/person\/da336cc655461c88e3db7b3ad49eaba8\",\"name\":\"Jessica\",\"image\":{\"@type\":\"ImageObject\",\"inLanguage\":\"fr\",\"@id\":\"https:\/\/mycapil.com\/fr\/#\/schema\/person\/image\/\",\"url\":\"https:\/\/secure.gravatar.com\/avatar\/fb884780093d4cd4e37d216f175cf5811ef132339af3c5423b01b9e434cce15f?s=96&d=mm&r=g\",\"contentUrl\":\"https:\/\/secure.gravatar.com\/avatar\/fb884780093d4cd4e37d216f175cf5811ef132339af3c5423b01b9e434cce15f?s=96&d=mm&r=g\",\"caption\":\"Jessica\"}}]}<\/script>\n<!-- \/ Yoast SEO plugin. -->","yoast_head_json":{"title":"Comment prendre soin des cheveux gris - MyCapil \u2714\ufe0f","description":"Comment prendre soin des cheveux gris. Nous allons examiner quelques astuces pour les garder beaux et brillants.","robots":{"index":"index","follow":"follow","max-snippet":"max-snippet:-1","max-image-preview":"max-image-preview:large","max-video-preview":"max-video-preview:-1"},"canonical":"https:\/\/mycapil.com\/fr\/comment-prendre-soin-des-cheveux-gris\/","og_locale":"fr_FR","og_type":"article","og_title":"Comment prendre soin des cheveux gris - MyCapil \u2714\ufe0f","og_description":"Comment prendre soin des cheveux gris. Nous allons examiner quelques astuces pour les garder beaux et brillants.","og_url":"https:\/\/mycapil.com\/fr\/comment-prendre-soin-des-cheveux-gris\/","og_site_name":"MyCapil","article_published_time":"2023-05-09T14:00:55+00:00","og_image":[{"width":800,"height":600,"url":"https:\/\/mycapil.com\/wp-content\/uploads\/2023\/04\/Comment-prendre-soin-des-cheveux-gris-.jpg","type":"image\/jpeg"}],"author":"Jessica","twitter_card":"summary_large_image","twitter_misc":{"Written by":"Jessica","Est. reading time":"6 minutes"},"schema":{"@context":"https:\/\/schema.org","@graph":[{"@type":"Article","@id":"https:\/\/mycapil.com\/fr\/comment-prendre-soin-des-cheveux-gris\/#article","isPartOf":{"@id":"https:\/\/mycapil.com\/fr\/comment-prendre-soin-des-cheveux-gris\/"},"author":{"name":"Jessica","@id":"https:\/\/mycapil.com\/fr\/#\/schema\/person\/da336cc655461c88e3db7b3ad49eaba8"},"headline":"Comment prendre soin des cheveux gris","datePublished":"2023-05-09T14:00:55+00:00","mainEntityOfPage":{"@id":"https:\/\/mycapil.com\/fr\/comment-prendre-soin-des-cheveux-gris\/"},"wordCount":1148,"commentCount":0,"publisher":{"@id":"https:\/\/mycapil.com\/fr\/#organization"},"image":{"@id":"https:\/\/mycapil.com\/fr\/comment-prendre-soin-des-cheveux-gris\/#primaryimage"},"thumbnailUrl":"https:\/\/mycapil.com\/wp-content\/uploads\/2023\/04\/Comment-prendre-soin-des-cheveux-gris-.jpg","articleSection":["Nouvelles"],"inLanguage":"fr","potentialAction":[{"@type":"CommentAction","name":"Comment","target":["https:\/\/mycapil.com\/fr\/comment-prendre-soin-des-cheveux-gris\/#respond"]}]},{"@type":"WebPage","@id":"https:\/\/mycapil.com\/fr\/comment-prendre-soin-des-cheveux-gris\/","url":"https:\/\/mycapil.com\/fr\/comment-prendre-soin-des-cheveux-gris\/","name":"Comment prendre soin des cheveux gris - MyCapil \u2714\ufe0f","isPartOf":{"@id":"https:\/\/mycapil.com\/fr\/#website"},"primaryImageOfPage":{"@id":"https:\/\/mycapil.com\/fr\/comment-prendre-soin-des-cheveux-gris\/#primaryimage"},"image":{"@id":"https:\/\/mycapil.com\/fr\/comment-prendre-soin-des-cheveux-gris\/#primaryimage"},"thumbnailUrl":"https:\/\/mycapil.com\/wp-content\/uploads\/2023\/04\/Comment-prendre-soin-des-cheveux-gris-.jpg","datePublished":"2023-05-09T14:00:55+00:00","description":"Comment prendre soin des cheveux gris. Nous allons examiner quelques astuces pour les garder beaux et brillants.","breadcrumb":{"@id":"https:\/\/mycapil.com\/fr\/comment-prendre-soin-des-cheveux-gris\/#breadcrumb"},"inLanguage":"fr","potentialAction":[{"@type":"ReadAction","target":["https:\/\/mycapil.com\/fr\/comment-prendre-soin-des-cheveux-gris\/"]}]},{"@type":"ImageObject","inLanguage":"fr","@id":"https:\/\/mycapil.com\/fr\/comment-prendre-soin-des-cheveux-gris\/#primaryimage","url":"https:\/\/mycapil.com\/wp-content\/uploads\/2023\/04\/Comment-prendre-soin-des-cheveux-gris-.jpg","contentUrl":"https:\/\/mycapil.com\/wp-content\/uploads\/2023\/04\/Comment-prendre-soin-des-cheveux-gris-.jpg","width":800,"height":600,"caption":"Comment prendre soin des cheveux gris"},{"@type":"BreadcrumbList","@id":"https:\/\/mycapil.com\/fr\/comment-prendre-soin-des-cheveux-gris\/#breadcrumb","itemListElement":[{"@type":"ListItem","position":1,"name":"Accueil","item":"https:\/\/mycapil.com\/fr\/"},{"@type":"ListItem","position":2,"name":"Comment prendre soin des cheveux gris"}]},{"@type":"WebSite","@id":"https:\/\/mycapil.com\/fr\/#website","url":"https:\/\/mycapil.com\/fr\/","name":"MyCapil","description":"Alop\u00e9cie, Chute de cheveux, capillaire","publisher":{"@id":"https:\/\/mycapil.com\/fr\/#organization"},"potentialAction":[{"@type":"SearchAction","target":{"@type":"EntryPoint","urlTemplate":"https:\/\/mycapil.com\/fr\/?s={search_term_string}"},"query-input":{"@type":"PropertyValueSpecification","valueRequired":true,"valueName":"search_term_string"}}],"inLanguage":"fr"},{"@type":"Organization","@id":"https:\/\/mycapil.com\/fr\/#organization","name":"MyCapil","url":"https:\/\/mycapil.com\/fr\/","logo":{"@type":"ImageObject","inLanguage":"fr","@id":"https:\/\/mycapil.com\/fr\/#\/schema\/logo\/image\/","url":"https:\/\/mycapil.com\/wp-content\/uploads\/2020\/02\/Mycapil3.png","contentUrl":"https:\/\/mycapil.com\/wp-content\/uploads\/2020\/02\/Mycapil3.png","width":339,"height":113,"caption":"MyCapil"},"image":{"@id":"https:\/\/mycapil.com\/fr\/#\/schema\/logo\/image\/"}},{"@type":"Person","@id":"https:\/\/mycapil.com\/fr\/#\/schema\/person\/da336cc655461c88e3db7b3ad49eaba8","name":"Jessica","image":{"@type":"ImageObject","inLanguage":"fr","@id":"https:\/\/mycapil.com\/fr\/#\/schema\/person\/image\/","url":"https:\/\/secure.gravatar.com\/avatar\/fb884780093d4cd4e37d216f175cf5811ef132339af3c5423b01b9e434cce15f?s=96&d=mm&r=g","contentUrl":"https:\/\/secure.gravatar.com\/avatar\/fb884780093d4cd4e37d216f175cf5811ef132339af3c5423b01b9e434cce15f?s=96&d=mm&r=g","caption":"Jessica"}}]}},"_links":{"self":[{"href":"https:\/\/mycapil.com\/fr\/wp-json\/wp\/v2\/posts\/12612","targetHints":{"allow":["GET"]}}],"collection":[{"href":"https:\/\/mycapil.com\/fr\/wp-json\/wp\/v2\/posts"}],"about":[{"href":"https:\/\/mycapil.com\/fr\/wp-json\/wp\/v2\/types\/post"}],"author":[{"embeddable":true,"href":"https:\/\/mycapil.com\/fr\/wp-json\/wp\/v2\/users\/7"}],"replies":[{"embeddable":true,"href":"https:\/\/mycapil.com\/fr\/wp-json\/wp\/v2\/comments?post=12612"}],"version-history":[{"count":2,"href":"https:\/\/mycapil.com\/fr\/wp-json\/wp\/v2\/posts\/12612\/revisions"}],"predecessor-version":[{"id":12624,"href":"https:\/\/mycapil.com\/fr\/wp-json\/wp\/v2\/posts\/12612\/revisions\/12624"}],"wp:featuredmedia":[{"embeddable":true,"href":"https:\/\/mycapil.com\/fr\/wp-json\/wp\/v2\/media\/12618"}],"wp:attachment":[{"href":"https:\/\/mycapil.com\/fr\/wp-json\/wp\/v2\/media?parent=12612"}],"wp:term":[{"taxonomy":"category","embeddable":true,"href":"https:\/\/mycapil.com\/fr\/wp-json\/wp\/v2\/categories?post=12612"},{"taxonomy":"post_tag","embeddable":true,"href":"https:\/\/mycapil.com\/fr\/wp-json\/wp\/v2\/tags?post=12612"}],"curies":[{"name":"wp","href":"https:\/\/api.w.org\/{rel}","templated":true}]}}