{"id":12957,"date":"2023-05-24T10:00:25","date_gmt":"2023-05-24T14:00:25","guid":{"rendered":"https:\/\/mycapil.com\/?p=12957"},"modified":"2023-05-10T09:02:59","modified_gmt":"2023-05-10T13:02:59","slug":"comment-proteger-vos-cheveux-de-lenvironnement","status":"publish","type":"post","link":"https:\/\/mycapil.com\/fr\/comment-proteger-vos-cheveux-de-lenvironnement\/","title":{"rendered":"Comment prot\u00e9ger vos cheveux de l&#8217;environnement"},"content":{"rendered":"<p class=\"p1\">Bienvenue dans cet article qui se concentrera sur <b>l&#8217;impact de l&#8217;environnement sur la sant\u00e9 de vos cheveux<\/b> et sur <b>la fa\u00e7on de les prot\u00e9ger contre ces agressions ext\u00e9rieures<\/b>. <b>Le soleil<\/b>, <b>la pollution de l&#8217;air<\/b>,<b> l&#8217;eau dure<\/b>, <b>les changements de temp\u00e9rature<\/b>, <b>les produits chimiques<\/b> et <b>le stress<\/b> environnemental sont tous des <b>facteurs qui peuvent affecter la sant\u00e9 de vos cheveux<\/b>. Nous explorerons chacun de ces facteurs en d\u00e9tail et expliquerons comment ils peuvent endommager vos cheveux. Ensuite, nous vous fournirons des conseils pratiques sur <strong>comment<\/strong> <b>prot\u00e9ger vos cheveux de l&#8217;environnement<\/b> et <b>maintenir leur sant\u00e9 et leur beaut\u00e9 \u00e0 long terme<\/b>.<\/p>\n<h2 class=\"p1\"><b>Comment l&#8217;environnement peut affecter la sant\u00e9 de vos cheveux<\/b><\/h2>\n<p><img loading=\"lazy\" decoding=\"async\" class=\"aligncenter wp-image-12968 size-full\" src=\"https:\/\/mycapil.com\/wp-content\/uploads\/2023\/05\/Comment-proteger-vos-cheveux-de-lenvironnement-1-1.jpg\" alt=\"Comment prot\u00e9ger vos cheveux de l'environnement \" width=\"800\" height=\"600\" srcset=\"https:\/\/mycapil.com\/wp-content\/uploads\/2023\/05\/Comment-proteger-vos-cheveux-de-lenvironnement-1-1.jpg 800w, https:\/\/mycapil.com\/wp-content\/uploads\/2023\/05\/Comment-proteger-vos-cheveux-de-lenvironnement-1-1-300x225.jpg 300w, https:\/\/mycapil.com\/wp-content\/uploads\/2023\/05\/Comment-proteger-vos-cheveux-de-lenvironnement-1-1-768x576.jpg 768w, https:\/\/mycapil.com\/wp-content\/uploads\/2023\/05\/Comment-proteger-vos-cheveux-de-lenvironnement-1-1-150x113.jpg 150w, https:\/\/mycapil.com\/wp-content\/uploads\/2023\/05\/Comment-proteger-vos-cheveux-de-lenvironnement-1-1-696x522.jpg 696w, https:\/\/mycapil.com\/wp-content\/uploads\/2023\/05\/Comment-proteger-vos-cheveux-de-lenvironnement-1-1-560x420.jpg 560w, https:\/\/mycapil.com\/wp-content\/uploads\/2023\/05\/Comment-proteger-vos-cheveux-de-lenvironnement-1-1-80x60.jpg 80w, https:\/\/mycapil.com\/wp-content\/uploads\/2023\/05\/Comment-proteger-vos-cheveux-de-lenvironnement-1-1-265x198.jpg 265w\" sizes=\"auto, (max-width: 800px) 100vw, 800px\" \/><\/p>\n<ul>\n<li>\n<h3><b>L&#8217;exposition au soleil et les cheveux<\/b><\/h3>\n<\/li>\n<\/ul>\n<p class=\"p1\"><b>L&#8217;exposition au soleil<\/b> peut <b>causer des dommages importants aux cheveux<\/b>. <b>Les rayons UV du solei<\/b>l peuvent <b>endommager la cuticule des cheveux<\/b>, ce qui peut <b>entra\u00eener une perte d&#8217;humidit\u00e9 et des cheveux secs et cassants<\/b>. L&#8217;exposition prolong\u00e9e au soleil peut \u00e9galement <b>d\u00e9colorer les cheveux<\/b> et <b>causer des probl\u00e8mes de cuir chevelu<\/b>.<\/p>\n<ul class=\"ol1\">\n<li class=\"li1\">\n<h3><b>La pollution de l&#8217;air et les cheveux<\/b><\/h3>\n<\/li>\n<\/ul>\n<p class=\"p1\"><span class=\"s2\"><a href=\"https:\/\/mycapil.com\/fr\/la-pollution-affecte-t-elle-la-chute-des-cheveux\/\"><b>La pollution de l&#8217;air<\/b><\/a><\/span> est un autre f<b>acteur environnemental<\/b> qui peut <b>affecter la sant\u00e9 de vos cheveux<\/b>. <b>Les particules de pollutio<\/b>n peuvent <b>s&#8217;accumuler sur les cheveux<\/b> et <b>le cuir chevelu<\/b>, ce qui peut <b>obstruer les pores<\/b> et <b>entra\u00eener des probl\u00e8mes de cuir chevelu<\/b>. Comme par exemple, <b>des d\u00e9mangeaisons<\/b> et <b>des pellicules<\/b>. <b>La pollution de l&#8217;air<\/b> peut \u00e9galement <b>causer des cheveux gras<\/b> et <b>ternes<\/b>.<\/p>\n<ul class=\"ol1\">\n<li class=\"li1\">\n<h3><b>L&#8217;eau dure et les cheveux<\/b><\/h3>\n<\/li>\n<\/ul>\n<p class=\"p1\"><b>L&#8217;eau dure contient des min\u00e9raux<\/b> tels que <b>le calcium<\/b> et <b>le magn\u00e9sium<\/b> qui peuvent <b>s&#8217;accumuler sur les cheveux<\/b> et <b>entra\u00eener une accumulation de produits coiffants<\/b> et de salet\u00e9. Cela peut <b>causer des cheveux gras<\/b> et <b>ternes<\/b> et peut \u00e9galement <b>rendre les cheveux difficiles \u00e0 coiffer<\/b>.<\/p>\n<ul class=\"ol1\">\n<li class=\"li1\">\n<h3><b>Les changements de temp\u00e9rature et les cheveux<\/b><\/h3>\n<\/li>\n<\/ul>\n<p class=\"p1\"><b>Les changements de temp\u00e9rature<\/b> extr\u00eames peuvent <b>causer des dommages aux cheveux<\/b>. <b>L&#8217;exposition au froid<\/b> peut <b>rendre les cheveux cassants et secs<\/b>, tandis que<b> l&#8217;exposition \u00e0 la chaleur<\/b> peut <b>causer des dommages thermiques aux cheveux<\/b>. L&#8217;<b>utilisation excessive d&#8217;appareils chauffants<\/b> pour les cheveux tels que <b>les fers \u00e0 lisser<\/b> et <b>les fers \u00e0 friser<\/b> peut \u00e9galement <b>causer des dommages importants aux cheveux<\/b>.<\/p>\n<ul class=\"ol1\">\n<li class=\"li1\">\n<h3><b>Les produits chimiques et les cheveux<\/b><\/h3>\n<\/li>\n<\/ul>\n<p class=\"p1\">Les produits capillaires tels que <b>les colorants capillaires<\/b>, <b>les produits de coiffage<\/b> et l<b>es produits de traitement<\/b> peuvent <b>contenir des produits chimiques nocifs<\/b> qui peuvent <b>causer des dommages aux cheveux<\/b>. Les produits chimiques tels que l<a href=\"https:\/\/www.csa-tmo.fr\/eviter-sulfates-silicones-parabenes-shampoings\/\"><span class=\"s2\"><b>es sulfates et les parab\u00e8nes<\/b><\/span><\/a> peuvent <b>causer des cheveux secs<\/b> et <b>cassants<\/b>, tandis que <b>les produits de coloration capillaire<\/b> peuvent <b>endommager la cuticule des cheveux<\/b> et <b>entra\u00eener une perte d&#8217;humidit\u00e9<\/b>.<\/p>\n<ul class=\"ol1\">\n<li class=\"li1\">\n<h3><b>Le stress environnemental et les cheveux<\/b><\/h3>\n<\/li>\n<\/ul>\n<p class=\"p1\"><b>Le stress environnemental<\/b> tel que <b>le stress thermique<\/b> et <b>le stress oxydatif<\/b> peut <b>causer des dommages aux cheveux<\/b>.<span class=\"Apple-converted-space\">\u00a0<\/span><\/p>\n<ul>\n<li class=\"p1\"><b>Le stress thermique<\/b> est <b>caus\u00e9 par une exposition excessive \u00e0 la chaleur<\/b> et peut <b>causer des dommages thermiques aux cheveux<\/b>,<\/li>\n<li class=\"p1\"><b>Le stress oxydatif<\/b> est caus\u00e9 par <b>une exposition \u00e0 des radicaux libres<\/b>, qui peuvent <b>endommager la cuticule des cheveux<\/b> et <b>entra\u00eener une perte d&#8217;humidit\u00e9<\/b>.<\/li>\n<\/ul>\n<h2 class=\"p1\"><b>Comment prot\u00e9ger vos cheveux de l&#8217;environnement<\/b><\/h2>\n<p><img loading=\"lazy\" decoding=\"async\" class=\"aligncenter wp-image-12963 size-full\" src=\"https:\/\/mycapil.com\/wp-content\/uploads\/2023\/05\/Comment-proteger-vos-cheveux-de-lenvironnement-1.jpg\" alt=\"Comment prot\u00e9ger vos cheveux de l'environnement \" width=\"800\" height=\"600\" srcset=\"https:\/\/mycapil.com\/wp-content\/uploads\/2023\/05\/Comment-proteger-vos-cheveux-de-lenvironnement-1.jpg 800w, https:\/\/mycapil.com\/wp-content\/uploads\/2023\/05\/Comment-proteger-vos-cheveux-de-lenvironnement-1-300x225.jpg 300w, https:\/\/mycapil.com\/wp-content\/uploads\/2023\/05\/Comment-proteger-vos-cheveux-de-lenvironnement-1-768x576.jpg 768w, https:\/\/mycapil.com\/wp-content\/uploads\/2023\/05\/Comment-proteger-vos-cheveux-de-lenvironnement-1-150x113.jpg 150w, https:\/\/mycapil.com\/wp-content\/uploads\/2023\/05\/Comment-proteger-vos-cheveux-de-lenvironnement-1-696x522.jpg 696w, https:\/\/mycapil.com\/wp-content\/uploads\/2023\/05\/Comment-proteger-vos-cheveux-de-lenvironnement-1-560x420.jpg 560w, https:\/\/mycapil.com\/wp-content\/uploads\/2023\/05\/Comment-proteger-vos-cheveux-de-lenvironnement-1-80x60.jpg 80w, https:\/\/mycapil.com\/wp-content\/uploads\/2023\/05\/Comment-proteger-vos-cheveux-de-lenvironnement-1-265x198.jpg 265w\" sizes=\"auto, (max-width: 800px) 100vw, 800px\" \/><\/p>\n<ul class=\"ol1\">\n<li class=\"li1\">\n<h3><b>\u00c9vitez les expositions prolong\u00e9es au soleil<\/b><\/h3>\n<\/li>\n<\/ul>\n<p class=\"p1\">La meilleure fa\u00e7on de <b>prot\u00e9ger vos cheveux contre les dommages caus\u00e9s par le soleil<\/b> est d&#8217;<b>\u00e9viter les expositions prolong\u00e9es<\/b>. Si vous devez \u00eatre \u00e0 l&#8217;ext\u00e9rieur pendant de longues p\u00e9riodes, <b>portez un chapeau<\/b> ou un foulard <b>pour prot\u00e9ger vos cheveux<\/b>.<\/p>\n<ul class=\"ol1\">\n<li class=\"li1\">\n<h3><b>Utilisez des produits capillaires avec protection solaire<\/b><\/h3>\n<\/li>\n<\/ul>\n<p class=\"p1\">Utilisez des <b>produits capillaires qui contiennent des filtres UV<\/b> pour <b>prot\u00e9ger vos cheveux des rayons du soleil<\/b>. Ces produits sont g\u00e9n\u00e9ralement disponibles <b>sous forme de sprays ou de cr\u00e8mes<\/b> et peuvent \u00eatre <b>appliqu\u00e9s avant l&#8217;exposition au soleil<\/b>.<\/p>\n<ul class=\"ol1\">\n<li class=\"li1\">\n<h3><b>Prot\u00e9gez vos cheveux de la pollution de l&#8217;air<\/b><\/h3>\n<\/li>\n<\/ul>\n<p class=\"p1\">Pour <b>prot\u00e9ger vos cheveux de la pollution de l&#8217;air<\/b>, essayez de <b>garder vos cheveux attach\u00e9s<\/b> ou couverts lorsque vous \u00eates \u00e0 l&#8217;ext\u00e9rieur. <b>Utilisez \u00e9galement des produits capillaires qui contiennent des antioxydants<\/b> pour <b>prot\u00e9ger vos cheveux contre les radicaux libres<\/b>.<\/p>\n<ul class=\"ol1\">\n<li class=\"li1\">\n<h3><b>Adoptez une routine de soins capillaires pour cheveux ab\u00eem\u00e9s<\/b><\/h3>\n<\/li>\n<\/ul>\n<p class=\"p1\">Si <b>vos cheveux sont ab\u00eem\u00e9s<\/b> par l&#8217;environnement, il est important d&#8217;<b>adopter une routine de soins capillaires<\/b> qui les nourrira et les hydratera. <b>Utilisez des shampoings et des apr\u00e8s-shampoings hydratants<\/b> pour les cheveux ab\u00eem\u00e9s et <b>\u00e9vitez les produits capillaires contenant des sulfates et des parab\u00e8nes<\/b>.<\/p>\n<ul class=\"ol1\">\n<li class=\"li1\">\n<h3><b>Choisissez des produits capillaires adapt\u00e9s \u00e0 votre type de cheveux<\/b><\/h3>\n<\/li>\n<\/ul>\n<p class=\"p1\">Pour <b>prot\u00e9ger vos cheveux de l&#8217;environnement<\/b>, il est important de <b>choisir des produits capillaires qui sont adapt\u00e9s \u00e0 votre type de cheveux<\/b>. Les produits capillaires pour cheveux fins ne conviennent pas aux cheveux \u00e9pais et vice versa. Consultez un professionnel pour vous aider \u00e0 d\u00e9terminer le type de produits capillaires dont vous avez besoin.<\/p>\n<ul class=\"ol1\">\n<li class=\"li1\">\n<h3><b>\u00c9vitez l&#8217;utilisation excessive d&#8217;appareils chauffants pour les cheveux<\/b><\/h3>\n<\/li>\n<\/ul>\n<p class=\"p1\">L&#8217;<b>utilisation excessive d&#8217;appareils chauffants<\/b> pour les cheveux tels que <b>les fers \u00e0 lisser et les fers \u00e0 friser<\/b> peut <b>causer des dommages importants aux cheveux<\/b>. <b>\u00c9vitez d&#8217;utiliser ces appareils tous les jours<\/b> et <b>utilisez des produits de protection thermique<\/b> pour <b>prot\u00e9ger vos cheveux contre les dommages thermiques<\/b>.<\/p>\n<ul class=\"ol1\">\n<li class=\"li1\">\n<h3><b>Optez pour des coiffures protectrices<\/b><\/h3>\n<\/li>\n<\/ul>\n<p class=\"p1\">Pour <b>prot\u00e9ger vos cheveux de l&#8217;environnement<\/b>, <b>optez pour des coiffures protectrices<\/b> telles que <b>des tresses<\/b> ou <b>des chignons<\/b>. Ces coiffures prot\u00e8gent vos cheveux des \u00e9l\u00e9ments ext\u00e9rieurs et r\u00e9duisent la quantit\u00e9 de manipulation n\u00e9cessaire pour vos cheveux.<\/p>\n<h2 class=\"p1\"><b>Conclusion<\/b><\/h2>\n<p class=\"p1\"><b>L&#8217;environnement peut avoir un impact consid\u00e9rable sur la sant\u00e9 de vos cheveux<\/b>. Les facteurs environnementaux tels que l&#8217;<b>exposition au soleil<\/b>, la<b> pollution de l&#8217;air<\/b>, l&#8217;<b>eau dure<\/b>, les <b>changements de temp\u00e9rature<\/b>, les <b>produits chimiques<\/b> et le <b>stress<\/b> peuvent tous affecter la sant\u00e9 de vos cheveux, les rendant secs, cassants et endommag\u00e9s. Heureusement, il existe plusieurs moyens de <b>prot\u00e9ger vos cheveux de l&#8217;environnement<\/b>.<\/p>\n<p class=\"p1\">Il est important de <b>prendre soin de vos cheveux en utilisant des produits capillaires adapt\u00e9s \u00e0 votre type de cheveux<\/b> et en <b>\u00e9vitant l&#8217;utilisation excessive d&#8217;appareils chauffants<\/b>. En outre, il est essentiel de<b> prot\u00e9ger vos cheveux des rayons du soleil<\/b> et <b>de la pollution de l&#8217;air<\/b> en utilisant des <b>produits capillaires avec une protection solaire<\/b> et <b>des antioxydants<\/b>.<\/p>\n<p class=\"p1\">Enfin, <b>optez pour des coiffures protectrices<\/b> pour minimiser les dommages caus\u00e9s par l&#8217;environnement et <b>r\u00e9duire la quantit\u00e9 de manipulation <\/b>n\u00e9cessaire pour vos cheveux. En suivant ces conseils simples, <b>vous pouvez prot\u00e9ger vos cheveux de l&#8217;environnement<\/b> et <b>maintenir leur sant\u00e9 et leur beaut\u00e9<\/b> \u00e0 long terme.<\/p>\n","protected":false},"excerpt":{"rendered":"<p>Bienvenue dans cet article qui se concentrera sur l&#8217;impact de l&#8217;environnement sur la sant\u00e9 de vos cheveux et sur la fa\u00e7on de les prot\u00e9ger contre ces agressions ext\u00e9rieures. Le soleil, la pollution de l&#8217;air, l&#8217;eau dure, les changements de temp\u00e9rature, les produits chimiques et le stress environnemental sont tous des facteurs qui peuvent affecter la [&hellip;]<\/p>\n","protected":false},"author":7,"featured_media":12958,"comment_status":"open","ping_status":"open","sticky":false,"template":"","format":"standard","meta":{"footnotes":""},"categories":[3],"tags":[],"class_list":{"0":"post-12957","1":"post","2":"type-post","3":"status-publish","4":"format-standard","5":"has-post-thumbnail","7":"category-nouvelles"},"yoast_head":"<!-- This site is optimized with the Yoast SEO plugin v25.9 - https:\/\/yoast.com\/wordpress\/plugins\/seo\/ -->\n<title>Comment prot\u00e9ger vos cheveux de l&#039;environnement - MyCapil \u2714\ufe0f<\/title>\n<meta name=\"description\" content=\"Nous allons vous fournie des conseils pratiques sur Comment prot\u00e9ger vos cheveux de l&#039;environnement et maintenir leur sant\u00e9.\" \/>\n<meta name=\"robots\" content=\"index, follow, max-snippet:-1, max-image-preview:large, max-video-preview:-1\" \/>\n<link rel=\"canonical\" href=\"https:\/\/mycapil.com\/fr\/comment-proteger-vos-cheveux-de-lenvironnement\/\" \/>\n<meta property=\"og:locale\" content=\"fr_FR\" \/>\n<meta property=\"og:type\" content=\"article\" \/>\n<meta property=\"og:title\" content=\"Comment prot\u00e9ger vos cheveux de l&#039;environnement - MyCapil \u2714\ufe0f\" \/>\n<meta property=\"og:description\" content=\"Nous allons vous fournie des conseils pratiques sur Comment prot\u00e9ger vos cheveux de l&#039;environnement et maintenir leur sant\u00e9.\" \/>\n<meta property=\"og:url\" content=\"https:\/\/mycapil.com\/fr\/comment-proteger-vos-cheveux-de-lenvironnement\/\" \/>\n<meta property=\"og:site_name\" content=\"MyCapil\" \/>\n<meta property=\"article:published_time\" content=\"2023-05-24T14:00:25+00:00\" \/>\n<meta property=\"og:image\" content=\"https:\/\/mycapil.com\/wp-content\/uploads\/2023\/05\/Comment-proteger-vos-cheveux-de-lenvironnement-.jpg\" \/>\n\t<meta property=\"og:image:width\" content=\"800\" \/>\n\t<meta property=\"og:image:height\" content=\"600\" \/>\n\t<meta property=\"og:image:type\" content=\"image\/jpeg\" \/>\n<meta name=\"author\" content=\"Jessica\" \/>\n<meta name=\"twitter:card\" content=\"summary_large_image\" \/>\n<meta name=\"twitter:label1\" content=\"Written by\" \/>\n\t<meta name=\"twitter:data1\" content=\"Jessica\" \/>\n\t<meta name=\"twitter:label2\" content=\"Est. reading time\" \/>\n\t<meta name=\"twitter:data2\" content=\"6 minutes\" \/>\n<script type=\"application\/ld+json\" class=\"yoast-schema-graph\">{\"@context\":\"https:\/\/schema.org\",\"@graph\":[{\"@type\":\"Article\",\"@id\":\"https:\/\/mycapil.com\/fr\/comment-proteger-vos-cheveux-de-lenvironnement\/#article\",\"isPartOf\":{\"@id\":\"https:\/\/mycapil.com\/fr\/comment-proteger-vos-cheveux-de-lenvironnement\/\"},\"author\":{\"name\":\"Jessica\",\"@id\":\"https:\/\/mycapil.com\/fr\/#\/schema\/person\/da336cc655461c88e3db7b3ad49eaba8\"},\"headline\":\"Comment prot\u00e9ger vos cheveux de l&#8217;environnement\",\"datePublished\":\"2023-05-24T14:00:25+00:00\",\"mainEntityOfPage\":{\"@id\":\"https:\/\/mycapil.com\/fr\/comment-proteger-vos-cheveux-de-lenvironnement\/\"},\"wordCount\":1073,\"commentCount\":0,\"publisher\":{\"@id\":\"https:\/\/mycapil.com\/fr\/#organization\"},\"image\":{\"@id\":\"https:\/\/mycapil.com\/fr\/comment-proteger-vos-cheveux-de-lenvironnement\/#primaryimage\"},\"thumbnailUrl\":\"https:\/\/mycapil.com\/wp-content\/uploads\/2023\/05\/Comment-proteger-vos-cheveux-de-lenvironnement-.jpg\",\"articleSection\":[\"Nouvelles\"],\"inLanguage\":\"fr\",\"potentialAction\":[{\"@type\":\"CommentAction\",\"name\":\"Comment\",\"target\":[\"https:\/\/mycapil.com\/fr\/comment-proteger-vos-cheveux-de-lenvironnement\/#respond\"]}]},{\"@type\":\"WebPage\",\"@id\":\"https:\/\/mycapil.com\/fr\/comment-proteger-vos-cheveux-de-lenvironnement\/\",\"url\":\"https:\/\/mycapil.com\/fr\/comment-proteger-vos-cheveux-de-lenvironnement\/\",\"name\":\"Comment prot\u00e9ger vos cheveux de l'environnement - MyCapil \u2714\ufe0f\",\"isPartOf\":{\"@id\":\"https:\/\/mycapil.com\/fr\/#website\"},\"primaryImageOfPage\":{\"@id\":\"https:\/\/mycapil.com\/fr\/comment-proteger-vos-cheveux-de-lenvironnement\/#primaryimage\"},\"image\":{\"@id\":\"https:\/\/mycapil.com\/fr\/comment-proteger-vos-cheveux-de-lenvironnement\/#primaryimage\"},\"thumbnailUrl\":\"https:\/\/mycapil.com\/wp-content\/uploads\/2023\/05\/Comment-proteger-vos-cheveux-de-lenvironnement-.jpg\",\"datePublished\":\"2023-05-24T14:00:25+00:00\",\"description\":\"Nous allons vous fournie des conseils pratiques sur Comment prot\u00e9ger vos cheveux de l'environnement et maintenir leur sant\u00e9.\",\"breadcrumb\":{\"@id\":\"https:\/\/mycapil.com\/fr\/comment-proteger-vos-cheveux-de-lenvironnement\/#breadcrumb\"},\"inLanguage\":\"fr\",\"potentialAction\":[{\"@type\":\"ReadAction\",\"target\":[\"https:\/\/mycapil.com\/fr\/comment-proteger-vos-cheveux-de-lenvironnement\/\"]}]},{\"@type\":\"ImageObject\",\"inLanguage\":\"fr\",\"@id\":\"https:\/\/mycapil.com\/fr\/comment-proteger-vos-cheveux-de-lenvironnement\/#primaryimage\",\"url\":\"https:\/\/mycapil.com\/wp-content\/uploads\/2023\/05\/Comment-proteger-vos-cheveux-de-lenvironnement-.jpg\",\"contentUrl\":\"https:\/\/mycapil.com\/wp-content\/uploads\/2023\/05\/Comment-proteger-vos-cheveux-de-lenvironnement-.jpg\",\"width\":800,\"height\":600,\"caption\":\"Comment prot\u00e9ger vos cheveux de l'environnement\"},{\"@type\":\"BreadcrumbList\",\"@id\":\"https:\/\/mycapil.com\/fr\/comment-proteger-vos-cheveux-de-lenvironnement\/#breadcrumb\",\"itemListElement\":[{\"@type\":\"ListItem\",\"position\":1,\"name\":\"Accueil\",\"item\":\"https:\/\/mycapil.com\/fr\/\"},{\"@type\":\"ListItem\",\"position\":2,\"name\":\"Comment prot\u00e9ger vos cheveux de l&#8217;environnement\"}]},{\"@type\":\"WebSite\",\"@id\":\"https:\/\/mycapil.com\/fr\/#website\",\"url\":\"https:\/\/mycapil.com\/fr\/\",\"name\":\"MyCapil\",\"description\":\"Alop\u00e9cie, Chute de cheveux, capillaire\",\"publisher\":{\"@id\":\"https:\/\/mycapil.com\/fr\/#organization\"},\"potentialAction\":[{\"@type\":\"SearchAction\",\"target\":{\"@type\":\"EntryPoint\",\"urlTemplate\":\"https:\/\/mycapil.com\/fr\/?s={search_term_string}\"},\"query-input\":{\"@type\":\"PropertyValueSpecification\",\"valueRequired\":true,\"valueName\":\"search_term_string\"}}],\"inLanguage\":\"fr\"},{\"@type\":\"Organization\",\"@id\":\"https:\/\/mycapil.com\/fr\/#organization\",\"name\":\"MyCapil\",\"url\":\"https:\/\/mycapil.com\/fr\/\",\"logo\":{\"@type\":\"ImageObject\",\"inLanguage\":\"fr\",\"@id\":\"https:\/\/mycapil.com\/fr\/#\/schema\/logo\/image\/\",\"url\":\"https:\/\/mycapil.com\/wp-content\/uploads\/2020\/02\/Mycapil3.png\",\"contentUrl\":\"https:\/\/mycapil.com\/wp-content\/uploads\/2020\/02\/Mycapil3.png\",\"width\":339,\"height\":113,\"caption\":\"MyCapil\"},\"image\":{\"@id\":\"https:\/\/mycapil.com\/fr\/#\/schema\/logo\/image\/\"}},{\"@type\":\"Person\",\"@id\":\"https:\/\/mycapil.com\/fr\/#\/schema\/person\/da336cc655461c88e3db7b3ad49eaba8\",\"name\":\"Jessica\",\"image\":{\"@type\":\"ImageObject\",\"inLanguage\":\"fr\",\"@id\":\"https:\/\/mycapil.com\/fr\/#\/schema\/person\/image\/\",\"url\":\"https:\/\/secure.gravatar.com\/avatar\/fb884780093d4cd4e37d216f175cf5811ef132339af3c5423b01b9e434cce15f?s=96&d=mm&r=g\",\"contentUrl\":\"https:\/\/secure.gravatar.com\/avatar\/fb884780093d4cd4e37d216f175cf5811ef132339af3c5423b01b9e434cce15f?s=96&d=mm&r=g\",\"caption\":\"Jessica\"}}]}<\/script>\n<!-- \/ Yoast SEO plugin. -->","yoast_head_json":{"title":"Comment prot\u00e9ger vos cheveux de l'environnement - MyCapil \u2714\ufe0f","description":"Nous allons vous fournie des conseils pratiques sur Comment prot\u00e9ger vos cheveux de l'environnement et maintenir leur sant\u00e9.","robots":{"index":"index","follow":"follow","max-snippet":"max-snippet:-1","max-image-preview":"max-image-preview:large","max-video-preview":"max-video-preview:-1"},"canonical":"https:\/\/mycapil.com\/fr\/comment-proteger-vos-cheveux-de-lenvironnement\/","og_locale":"fr_FR","og_type":"article","og_title":"Comment prot\u00e9ger vos cheveux de l'environnement - MyCapil \u2714\ufe0f","og_description":"Nous allons vous fournie des conseils pratiques sur Comment prot\u00e9ger vos cheveux de l'environnement et maintenir leur sant\u00e9.","og_url":"https:\/\/mycapil.com\/fr\/comment-proteger-vos-cheveux-de-lenvironnement\/","og_site_name":"MyCapil","article_published_time":"2023-05-24T14:00:25+00:00","og_image":[{"width":800,"height":600,"url":"https:\/\/mycapil.com\/wp-content\/uploads\/2023\/05\/Comment-proteger-vos-cheveux-de-lenvironnement-.jpg","type":"image\/jpeg"}],"author":"Jessica","twitter_card":"summary_large_image","twitter_misc":{"Written by":"Jessica","Est. reading time":"6 minutes"},"schema":{"@context":"https:\/\/schema.org","@graph":[{"@type":"Article","@id":"https:\/\/mycapil.com\/fr\/comment-proteger-vos-cheveux-de-lenvironnement\/#article","isPartOf":{"@id":"https:\/\/mycapil.com\/fr\/comment-proteger-vos-cheveux-de-lenvironnement\/"},"author":{"name":"Jessica","@id":"https:\/\/mycapil.com\/fr\/#\/schema\/person\/da336cc655461c88e3db7b3ad49eaba8"},"headline":"Comment prot\u00e9ger vos cheveux de l&#8217;environnement","datePublished":"2023-05-24T14:00:25+00:00","mainEntityOfPage":{"@id":"https:\/\/mycapil.com\/fr\/comment-proteger-vos-cheveux-de-lenvironnement\/"},"wordCount":1073,"commentCount":0,"publisher":{"@id":"https:\/\/mycapil.com\/fr\/#organization"},"image":{"@id":"https:\/\/mycapil.com\/fr\/comment-proteger-vos-cheveux-de-lenvironnement\/#primaryimage"},"thumbnailUrl":"https:\/\/mycapil.com\/wp-content\/uploads\/2023\/05\/Comment-proteger-vos-cheveux-de-lenvironnement-.jpg","articleSection":["Nouvelles"],"inLanguage":"fr","potentialAction":[{"@type":"CommentAction","name":"Comment","target":["https:\/\/mycapil.com\/fr\/comment-proteger-vos-cheveux-de-lenvironnement\/#respond"]}]},{"@type":"WebPage","@id":"https:\/\/mycapil.com\/fr\/comment-proteger-vos-cheveux-de-lenvironnement\/","url":"https:\/\/mycapil.com\/fr\/comment-proteger-vos-cheveux-de-lenvironnement\/","name":"Comment prot\u00e9ger vos cheveux de l'environnement - MyCapil \u2714\ufe0f","isPartOf":{"@id":"https:\/\/mycapil.com\/fr\/#website"},"primaryImageOfPage":{"@id":"https:\/\/mycapil.com\/fr\/comment-proteger-vos-cheveux-de-lenvironnement\/#primaryimage"},"image":{"@id":"https:\/\/mycapil.com\/fr\/comment-proteger-vos-cheveux-de-lenvironnement\/#primaryimage"},"thumbnailUrl":"https:\/\/mycapil.com\/wp-content\/uploads\/2023\/05\/Comment-proteger-vos-cheveux-de-lenvironnement-.jpg","datePublished":"2023-05-24T14:00:25+00:00","description":"Nous allons vous fournie des conseils pratiques sur Comment prot\u00e9ger vos cheveux de l'environnement et maintenir leur sant\u00e9.","breadcrumb":{"@id":"https:\/\/mycapil.com\/fr\/comment-proteger-vos-cheveux-de-lenvironnement\/#breadcrumb"},"inLanguage":"fr","potentialAction":[{"@type":"ReadAction","target":["https:\/\/mycapil.com\/fr\/comment-proteger-vos-cheveux-de-lenvironnement\/"]}]},{"@type":"ImageObject","inLanguage":"fr","@id":"https:\/\/mycapil.com\/fr\/comment-proteger-vos-cheveux-de-lenvironnement\/#primaryimage","url":"https:\/\/mycapil.com\/wp-content\/uploads\/2023\/05\/Comment-proteger-vos-cheveux-de-lenvironnement-.jpg","contentUrl":"https:\/\/mycapil.com\/wp-content\/uploads\/2023\/05\/Comment-proteger-vos-cheveux-de-lenvironnement-.jpg","width":800,"height":600,"caption":"Comment prot\u00e9ger vos cheveux de l'environnement"},{"@type":"BreadcrumbList","@id":"https:\/\/mycapil.com\/fr\/comment-proteger-vos-cheveux-de-lenvironnement\/#breadcrumb","itemListElement":[{"@type":"ListItem","position":1,"name":"Accueil","item":"https:\/\/mycapil.com\/fr\/"},{"@type":"ListItem","position":2,"name":"Comment prot\u00e9ger vos cheveux de l&#8217;environnement"}]},{"@type":"WebSite","@id":"https:\/\/mycapil.com\/fr\/#website","url":"https:\/\/mycapil.com\/fr\/","name":"MyCapil","description":"Alop\u00e9cie, Chute de cheveux, capillaire","publisher":{"@id":"https:\/\/mycapil.com\/fr\/#organization"},"potentialAction":[{"@type":"SearchAction","target":{"@type":"EntryPoint","urlTemplate":"https:\/\/mycapil.com\/fr\/?s={search_term_string}"},"query-input":{"@type":"PropertyValueSpecification","valueRequired":true,"valueName":"search_term_string"}}],"inLanguage":"fr"},{"@type":"Organization","@id":"https:\/\/mycapil.com\/fr\/#organization","name":"MyCapil","url":"https:\/\/mycapil.com\/fr\/","logo":{"@type":"ImageObject","inLanguage":"fr","@id":"https:\/\/mycapil.com\/fr\/#\/schema\/logo\/image\/","url":"https:\/\/mycapil.com\/wp-content\/uploads\/2020\/02\/Mycapil3.png","contentUrl":"https:\/\/mycapil.com\/wp-content\/uploads\/2020\/02\/Mycapil3.png","width":339,"height":113,"caption":"MyCapil"},"image":{"@id":"https:\/\/mycapil.com\/fr\/#\/schema\/logo\/image\/"}},{"@type":"Person","@id":"https:\/\/mycapil.com\/fr\/#\/schema\/person\/da336cc655461c88e3db7b3ad49eaba8","name":"Jessica","image":{"@type":"ImageObject","inLanguage":"fr","@id":"https:\/\/mycapil.com\/fr\/#\/schema\/person\/image\/","url":"https:\/\/secure.gravatar.com\/avatar\/fb884780093d4cd4e37d216f175cf5811ef132339af3c5423b01b9e434cce15f?s=96&d=mm&r=g","contentUrl":"https:\/\/secure.gravatar.com\/avatar\/fb884780093d4cd4e37d216f175cf5811ef132339af3c5423b01b9e434cce15f?s=96&d=mm&r=g","caption":"Jessica"}}]}},"_links":{"self":[{"href":"https:\/\/mycapil.com\/fr\/wp-json\/wp\/v2\/posts\/12957","targetHints":{"allow":["GET"]}}],"collection":[{"href":"https:\/\/mycapil.com\/fr\/wp-json\/wp\/v2\/posts"}],"about":[{"href":"https:\/\/mycapil.com\/fr\/wp-json\/wp\/v2\/types\/post"}],"author":[{"embeddable":true,"href":"https:\/\/mycapil.com\/fr\/wp-json\/wp\/v2\/users\/7"}],"replies":[{"embeddable":true,"href":"https:\/\/mycapil.com\/fr\/wp-json\/wp\/v2\/comments?post=12957"}],"version-history":[{"count":1,"href":"https:\/\/mycapil.com\/fr\/wp-json\/wp\/v2\/posts\/12957\/revisions"}],"predecessor-version":[{"id":12973,"href":"https:\/\/mycapil.com\/fr\/wp-json\/wp\/v2\/posts\/12957\/revisions\/12973"}],"wp:featuredmedia":[{"embeddable":true,"href":"https:\/\/mycapil.com\/fr\/wp-json\/wp\/v2\/media\/12958"}],"wp:attachment":[{"href":"https:\/\/mycapil.com\/fr\/wp-json\/wp\/v2\/media?parent=12957"}],"wp:term":[{"taxonomy":"category","embeddable":true,"href":"https:\/\/mycapil.com\/fr\/wp-json\/wp\/v2\/categories?post=12957"},{"taxonomy":"post_tag","embeddable":true,"href":"https:\/\/mycapil.com\/fr\/wp-json\/wp\/v2\/tags?post=12957"}],"curies":[{"name":"wp","href":"https:\/\/api.w.org\/{rel}","templated":true}]}}