{"id":13571,"date":"2023-06-14T10:00:34","date_gmt":"2023-06-14T14:00:34","guid":{"rendered":"https:\/\/mycapil.com\/?p=13571"},"modified":"2023-07-18T13:12:38","modified_gmt":"2023-07-18T17:12:38","slug":"comment-reparer-rapidement-les-cheveux-brules","status":"publish","type":"post","link":"https:\/\/mycapil.com\/fr\/comment-reparer-rapidement-les-cheveux-brules\/","title":{"rendered":"Comment r\u00e9parer rapidement les cheveux br\u00fbl\u00e9s ?"},"content":{"rendered":"<p class=\"p1\"><b>Avoir des cheveux br\u00fbl\u00e9s peut \u00eatre une exp\u00e9rience frustrante et d\u00e9courageante<\/b>. Que ce soit \u00e0 cause d&#8217;une <b>utilisation excessive de chaleur<\/b>, de <b>produits chimiques agressifs<\/b> ou d&#8217;une <b>exposition prolong\u00e9e au soleil<\/b>, l<b>es cheveux br\u00fbl\u00e9s n\u00e9cessitent une attention particuli\u00e8re<\/b> pour les <b>restaurer<\/b> et les <b>prot\u00e9ger<\/b>. Dans cet article, nous vous guiderons \u00e0 travers <b>diff\u00e9rentes \u00e9tapes<\/b> et <b>produits<\/b> pour <b>r\u00e9cup\u00e9rer<\/b> rapidement <b>vos cheveux br\u00fbl\u00e9<\/b>s. Continuez \u00e0 lire pour en savoir plus sur <b>comment <\/b><b>r\u00e9parer <\/b><b>rapidement les cheveux br\u00fbl\u00e9s<\/b> et les ingr\u00e9dients naturels qui favorisent la r\u00e9cup\u00e9ration capillaire.<\/p>\n<h2 class=\"p1\"><b>Les causes courantes des cheveux br\u00fbl\u00e9s et comment les \u00e9viter<\/b><\/h2>\n<p class=\"p1\">La premi\u00e8re \u00e9tape pour <b>r\u00e9cup\u00e9rer vos cheveux br\u00fbl\u00e9s<\/b> consiste \u00e0 comprendre <b>les causes fr\u00e9quentes<\/b> de ces dommages et \u00e0 <b>prendre les mesures n\u00e9cessaires<\/b> pour les \u00e9viter \u00e0 l&#8217;avenir. <b>Les principales causes de cheveux br\u00fbl\u00e9s<\/b> sont l&#8217;<b>utilisation excessive de chaleur<\/b>, l&#8217;<b>utilisation de produits chimiques agressifs<\/b> et l&#8217;<b>exposition au soleil sans protection<\/b> ad\u00e9quate.<\/p>\n<h2 class=\"p1\"><b>Comprendre les signes des cheveux br\u00fbl\u00e9s : Comment reconna\u00eetre les dommages<\/b><\/h2>\n<p class=\"p1\">Avant de commencer le processus de r\u00e9cup\u00e9ration, il est important de pouvoir<b> reconna\u00eetre les signes des cheveux br\u00fbl\u00e9s<\/b>. Les signes courants incluent des <b>cheveux secs<\/b>, <b>cassants<\/b>, <b>ab\u00eem\u00e9s<\/b>, <b>sans \u00e9cla<\/b>t et pr\u00e9sentant des <b>pointes fourchues<\/b>. Vous pourriez \u00e9galement remarquer une <b>perte de souplesse<\/b> et de <b>r\u00e9sistance capillaire<\/b>. Une fois que <b>vous \u00eates en mesure de reconna\u00eetre ces signes<\/b>, <b>vous pouvez passer aux \u00e9tapes suivantes pour r\u00e9parer vos cheveux br\u00fbl\u00e9s<\/b>.<\/p>\n<h2 class=\"p1\"><b>Comment <\/b><b>r\u00e9parer <\/b><b>rapidement les cheveux br\u00fbl\u00e9s ?<\/b><\/h2>\n<p><img loading=\"lazy\" decoding=\"async\" class=\"aligncenter wp-image-13556 size-full\" src=\"https:\/\/mycapil.com\/wp-content\/uploads\/2023\/05\/Comment-recuperer-rapidement-les-cheveux-brules-1.jpg\" alt=\"Comment r\u00e9parer rapidement les cheveux br\u00fbl\u00e9s\" width=\"800\" height=\"600\" srcset=\"https:\/\/mycapil.com\/wp-content\/uploads\/2023\/05\/Comment-recuperer-rapidement-les-cheveux-brules-1.jpg 800w, https:\/\/mycapil.com\/wp-content\/uploads\/2023\/05\/Comment-recuperer-rapidement-les-cheveux-brules-1-300x225.jpg 300w, https:\/\/mycapil.com\/wp-content\/uploads\/2023\/05\/Comment-recuperer-rapidement-les-cheveux-brules-1-768x576.jpg 768w, https:\/\/mycapil.com\/wp-content\/uploads\/2023\/05\/Comment-recuperer-rapidement-les-cheveux-brules-1-150x113.jpg 150w, https:\/\/mycapil.com\/wp-content\/uploads\/2023\/05\/Comment-recuperer-rapidement-les-cheveux-brules-1-696x522.jpg 696w, https:\/\/mycapil.com\/wp-content\/uploads\/2023\/05\/Comment-recuperer-rapidement-les-cheveux-brules-1-560x420.jpg 560w, https:\/\/mycapil.com\/wp-content\/uploads\/2023\/05\/Comment-recuperer-rapidement-les-cheveux-brules-1-80x60.jpg 80w, https:\/\/mycapil.com\/wp-content\/uploads\/2023\/05\/Comment-recuperer-rapidement-les-cheveux-brules-1-265x198.jpg 265w\" sizes=\"auto, (max-width: 800px) 100vw, 800px\" \/><\/p>\n<h2 class=\"p1\"><b>R\u00e9parer les cheveux br\u00fbl\u00e9s en 3 \u00e9tapes simples<\/b><\/h2>\n<h3 class=\"p1\"><b>\u00c9tape 1<span class=\"Apple-converted-space\">\u00a0<\/span><\/b><\/h3>\n<ul>\n<li class=\"p1\"><b>Nettoyage en profondeur des cheveux br\u00fbl\u00e9s<\/b><\/li>\n<\/ul>\n<p class=\"p1\">La premi\u00e8re \u00e9tape de la r\u00e9cup\u00e9ration des cheveux br\u00fbl\u00e9s consiste \u00e0 <b>effectuer un nettoyage en profondeu<\/b>r. Utilisez un <b>shampoing doux et hydratant sp\u00e9cialement formul\u00e9 pour les cheveux ab\u00eem\u00e9s<\/b>. <b>\u00c9vitez les produits contenant des <\/b><a href=\"https:\/\/mycapil.com\/fr\/eviter-shampoings-sulfates-silicones-parabenes\/\"><span class=\"s1\"><b>sulfates agressifs<\/b><\/span><\/a>, car ils peuvent <b>aggraver les dommages<\/b>. <b>Massez d\u00e9licatement le cuir chevelu<\/b> pour <b>stimuler la circulation sanguine<\/b> et <b>\u00e9liminer les r\u00e9sidus<\/b>. Rincez abondamment \u00e0 l&#8217;eau ti\u00e8de.<\/p>\n<h3 class=\"p1\"><b>\u00c9tape 2<span class=\"Apple-converted-space\">\u00a0<\/span><\/b><\/h3>\n<ul>\n<li class=\"p1\"><b>Nourrir et hydrater les cheveux ab\u00eem\u00e9s<\/b><\/li>\n<\/ul>\n<p class=\"p1\">La deuxi\u00e8me \u00e9tape consiste \u00e0 <b>nourrir et hydrater vos cheveux<\/b> en profondeur. Utilisez un <b>apr\u00e8s-shampoing<\/b> ou un <b>masque capillaire<\/b> riche en ingr\u00e9dients hydratants tels que <b>l&#8217;huile d&#8217;argan<\/b>, <b>l&#8217;huile de coco<\/b> ou <b>l&#8217;aloe vera<\/b>. <b>Appliquez le produit des racines aux pointes<\/b> et laissez agir pendant quelques minutes avant de rincer abondamment. Vous pouvez \u00e9galement envisager d&#8217;<b>utiliser un s\u00e9rum<\/b> ou une <b>huile capillaire l\u00e9g\u00e8re<\/b> pour <b>sceller l&#8217;hydratation<\/b> et <b>prot\u00e9ger vos cheveux<\/b> des dommages futurs.<\/p>\n<h3 class=\"p1\"><b>\u00c9tape 3<span class=\"Apple-converted-space\">\u00a0<\/span><\/b><\/h3>\n<ul>\n<li class=\"p1\"><b>Protection et pr\u00e9vention des futurs dommage<\/b><\/li>\n<\/ul>\n<p class=\"p1\">La troisi\u00e8me \u00e9tape du processus de r\u00e9cup\u00e9ration des cheveux br\u00fbl\u00e9s consiste \u00e0 <b>mettre en place des mesures de protection<\/b> et <b>de pr\u00e9vention<\/b> pour \u00e9viter de nouveaux dommages. Voici quelques conseils pour prendre soin de vos cheveux et les prot\u00e9ger :<\/p>\n<ul class=\"ul1\">\n<li class=\"li1\">Limitez l&#8217;utilisation de la chaleur<\/li>\n<li class=\"li1\">Choisissez des produits capillaires adapt\u00e9s<\/li>\n<li class=\"li1\">Prot\u00e9gez vos cheveux du soleil<\/li>\n<li class=\"li1\">\u00c9vitez les colorations agressives<span class=\"Apple-converted-space\">\u00a0<\/span><\/li>\n<\/ul>\n<h2 class=\"p1\"><b>Soins pour r\u00e9parer les cheveux br\u00fbl\u00e9s<span class=\"Apple-converted-space\">\u00a0<\/span><\/b><\/h2>\n<p><img loading=\"lazy\" decoding=\"async\" class=\"aligncenter wp-image-13561 size-full\" src=\"https:\/\/mycapil.com\/wp-content\/uploads\/2023\/05\/Comment-recuperer-rapidement-les-cheveux-brules-2.jpg\" alt=\"Comment r\u00e9parer rapidement les cheveux br\u00fbl\u00e9s\" width=\"800\" height=\"600\" srcset=\"https:\/\/mycapil.com\/wp-content\/uploads\/2023\/05\/Comment-recuperer-rapidement-les-cheveux-brules-2.jpg 800w, https:\/\/mycapil.com\/wp-content\/uploads\/2023\/05\/Comment-recuperer-rapidement-les-cheveux-brules-2-300x225.jpg 300w, https:\/\/mycapil.com\/wp-content\/uploads\/2023\/05\/Comment-recuperer-rapidement-les-cheveux-brules-2-768x576.jpg 768w, https:\/\/mycapil.com\/wp-content\/uploads\/2023\/05\/Comment-recuperer-rapidement-les-cheveux-brules-2-150x113.jpg 150w, https:\/\/mycapil.com\/wp-content\/uploads\/2023\/05\/Comment-recuperer-rapidement-les-cheveux-brules-2-696x522.jpg 696w, https:\/\/mycapil.com\/wp-content\/uploads\/2023\/05\/Comment-recuperer-rapidement-les-cheveux-brules-2-560x420.jpg 560w, https:\/\/mycapil.com\/wp-content\/uploads\/2023\/05\/Comment-recuperer-rapidement-les-cheveux-brules-2-80x60.jpg 80w, https:\/\/mycapil.com\/wp-content\/uploads\/2023\/05\/Comment-recuperer-rapidement-les-cheveux-brules-2-265x198.jpg 265w\" sizes=\"auto, (max-width: 800px) 100vw, 800px\" \/><\/p>\n<h3 class=\"p1\"><b>Les meilleurs produits pour r\u00e9parer les cheveux br\u00fbl\u00e9s<\/b><\/h3>\n<p class=\"p1\">Il existe de nombreux produits sur le march\u00e9 sp\u00e9cialement con\u00e7us pour <b>r\u00e9parer et restaurer les cheveux br\u00fbl\u00e9s<\/b>. Voici quelques-uns des produits essentiels que vous devriez envisager d&#8217;int\u00e9grer \u00e0 votre routine capillaire de r\u00e9cup\u00e9ration :<\/p>\n<ul>\n<li class=\"p1\"><b>Shampoings et apr\u00e8s-shampooings hydratants<span class=\"Apple-converted-space\">\u00a0<\/span><\/b><\/li>\n<\/ul>\n<p class=\"p1\"><b>Recherchez des produits contenant des ingr\u00e9dients<\/b> tels que <b>l&#8217;huile d&#8217;argan<\/b>, <b>le beurre de karit\u00e9<\/b> ou <b>l&#8217;aloe vera<\/b> pour <b>hydrater<\/b> et <b>nourrir vos cheveux<\/b> en profondeur.<\/p>\n<ul>\n<li class=\"p1\"><b>Masques capillaires r\u00e9parateurs<span class=\"Apple-converted-space\">\u00a0<\/span><\/b><\/li>\n<\/ul>\n<p class=\"p1\">Utilisez des <b>masques capillaires riches en prot\u00e9ines<\/b>, en <b>k\u00e9ratine<\/b> ou en <b>acides amin\u00e9s<\/b> pour <b>renforcer<\/b> et <b>reconstruire les cheveux ab\u00eem\u00e9s<\/b>.<\/p>\n<ul>\n<li class=\"p1\"><b>S\u00e9rums ou huiles capillaires<span class=\"Apple-converted-space\">\u00a0<\/span><\/b><\/li>\n<\/ul>\n<p class=\"p1\"><b>Les s\u00e9rums<\/b> et <b>les huiles l\u00e9g\u00e8res<\/b> peuvent <b>aider \u00e0 sceller l&#8217;hydratation<\/b>, \u00e0 <b>lisser les frisottis<\/b> et \u00e0 <b>prot\u00e9ger les cheveux<\/b> contre les dommages environnementaux.<\/p>\n<ul>\n<li class=\"p1\"><b>Produits thermo-protecteurs<span class=\"Apple-converted-space\">\u00a0<\/span><\/b><\/li>\n<\/ul>\n<p class=\"p1\"><b>Avant d&#8217;utiliser des outils chauffants<\/b>, <b>appliquez un produit thermo-protecteur<\/b> pour <b>minimiser les effets n\u00e9fastes de la chaleur<\/b> sur vos cheveux.<\/p>\n<h3 class=\"p1\"><b>Les ingr\u00e9dients naturels qui favorisent la r\u00e9cup\u00e9ration capillaire<\/b><\/h3>\n<p class=\"p1\">En plus des produits sp\u00e9cifiques, il existe des <b>ingr\u00e9dients naturels r\u00e9put\u00e9s pour favoriser la r\u00e9cup\u00e9ration capillaire<\/b>. Voici quelques-uns de ces ingr\u00e9dients :<\/p>\n<ul>\n<li class=\"p1\"><b>Huile de coco<span class=\"Apple-converted-space\">\u00a0<\/span><\/b><\/li>\n<\/ul>\n<p class=\"p1\">L&#8217;huile de coco est connue pour ses <b>propri\u00e9t\u00e9s hydratantes et r\u00e9paratrices<\/b>. Appliquez de l&#8217;huile de coco sur vos cheveux br\u00fbl\u00e9s en tant que <b>masque capillair<\/b>e avant le shampoing <b>pour les nourrir en profondeur<\/b>.<\/p>\n<ul>\n<li class=\"p1\"><b>Aloe vera<span class=\"Apple-converted-space\">\u00a0<\/span><\/b><\/li>\n<\/ul>\n<p class=\"p1\"><b>Le gel d&#8217;aloe vera<\/b> est <b>apaisant et hydratant pour le cuir chevelu<\/b> et les cheveux. <b>Utilisez du gel d&#8217;aloe vera<\/b> pur ou recherchez des <b>produits capillaires contenant de l&#8217;aloe vera<\/b> pour <b>hydrater<\/b> et <b>r\u00e9parer vos cheveux<\/b>.<\/p>\n<ul>\n<li class=\"p1\"><b>Huile d&#8217;argan<span class=\"Apple-converted-space\">\u00a0<\/span><\/b><\/li>\n<\/ul>\n<p class=\"p1\"><b>L&#8217;huile d&#8217;argan<\/b> est <b>riche en antioxydants<\/b> et en <b>acides gras essentiels<\/b> qui <b>nourrissent<\/b> et <b>r\u00e9parent les cheveux<\/b>. Appliquez quelques gouttes d&#8217;huile d&#8217;argan sur les pointes ab\u00eem\u00e9es pour les revitaliser.<\/p>\n<ul>\n<li class=\"p1\"><b>Yaourt nature<span class=\"Apple-converted-space\">\u00a0<\/span><\/b><\/li>\n<\/ul>\n<p class=\"p1\"><b>Le yaourt nature<\/b> est <b>riche en prot\u00e9ines<\/b> et en <b>nutriments<\/b> qui <b>renforcent les cheveux<\/b>. Utilisez-le comme <b>masque capillaire en le m\u00e9langeant avec d&#8217;autres ingr\u00e9dients<\/b> tels que le <b>miel<\/b> ou l&#8217;<b>huile d&#8217;olive<\/b> pour <b>obtenir une hydratation suppl\u00e9mentaire<\/b>.<\/p>\n<h2 class=\"p1\"><b>Conclusion<\/b><\/h2>\n<p class=\"p1\">La r\u00e9cup\u00e9ration des cheveux br\u00fbl\u00e9s demande du temps, de la patience et des soins appropri\u00e9s. <b>En suivant les \u00e9tapes de nettoyage en profondeur<\/b>, de <b>nourrissage<\/b> et <b>d&#8217;hydratation<\/b>, ainsi que <b>les mesures de protection<\/b> et de <b>pr\u00e9vention<\/b>, vous pouvez <b>aider \u00e0 restaurer vos cheveux br\u00fbl\u00e9s<\/b>. De plus, <b>choisir les bons produits capillaires<\/b>, <b>\u00e9viter les erreurs courantes<\/b> et <b>int\u00e9grer des ingr\u00e9dients naturels dans votre routine de soins capillaires<\/b> peut <b>acc\u00e9l\u00e9rer le processus de r\u00e9cup\u00e9ration<\/b>.<\/p>\n<p class=\"p1\">N&#8217;oubliez pas que <b>la r\u00e9cup\u00e9ration des cheveux br\u00fbl\u00e9s est un processus progressif<\/b>, il est donc important d&#8217;\u00eatre patient et constant dans vos efforts. <b>En prenant soin de vos cheveux<\/b> de mani\u00e8re appropri\u00e9e, <b>vous pouvez retrouver une chevelure saine, brillante et r\u00e9sistante<\/b>.<\/p>\n<p class=\"p1\">Prenez le temps de <b>traiter vos cheveux avec douceur<\/b>, en <b>\u00e9vitant les sources de chaleur<\/b> excessives et en <b>privil\u00e9giant des produits<\/b> et des <b>techniques de coiffage doux<\/b>. En <b>int\u00e9grant ces conseils dans votre routine capillaire<\/b>, vous pouvez non seulement <b>r\u00e9cup\u00e9rer rapidement vos cheveux br\u00fbl\u00e9s<\/b>, mais \u00e9galement <b>pr\u00e9venir les dommages futurs<\/b>.<\/p>\n<p class=\"p1\">N&#8217;h\u00e9sitez pas \u00e0 <b>consulter un professionnel des soins capillaires<\/b> ou un coiffeur si vous avez des pr\u00e9occupations sp\u00e9cifiques ou si vos cheveux br\u00fbl\u00e9s persistent malgr\u00e9 vos efforts. Ils pourront vous <b>fournir des conseils personnalis\u00e9s<\/b> en fonction de votre type de cheveux et de la gravit\u00e9 des dommages.<\/p>\n<p class=\"p1\"><b>Prenez soin de vos cheveux<\/b> et offrez-leur les soins n\u00e9cessaires pour <b>les revitaliser<\/b> et <b>les pr\u00e9server en sant\u00e9<\/b>. <b>Vos cheveux vous remercieront en vous offrant une chevelure \u00e9clatante et magnifique<\/b>.<\/p>\n","protected":false},"excerpt":{"rendered":"<p>Avoir des cheveux br\u00fbl\u00e9s peut \u00eatre une exp\u00e9rience frustrante et d\u00e9courageante. Que ce soit \u00e0 cause d&#8217;une utilisation excessive de chaleur, de produits chimiques agressifs ou d&#8217;une exposition prolong\u00e9e au soleil, les cheveux br\u00fbl\u00e9s n\u00e9cessitent une attention particuli\u00e8re pour les restaurer et les prot\u00e9ger. Dans cet article, nous vous guiderons \u00e0 travers diff\u00e9rentes \u00e9tapes et [&hellip;]<\/p>\n","protected":false},"author":7,"featured_media":13566,"comment_status":"open","ping_status":"open","sticky":false,"template":"","format":"standard","meta":{"footnotes":""},"categories":[3],"tags":[],"class_list":{"0":"post-13571","1":"post","2":"type-post","3":"status-publish","4":"format-standard","5":"has-post-thumbnail","7":"category-nouvelles"},"yoast_head":"<!-- This site is optimized with the Yoast SEO plugin v25.9 - https:\/\/yoast.com\/wordpress\/plugins\/seo\/ -->\n<title>Comment r\u00e9parer rapidement les cheveux br\u00fbl\u00e9s ? - MyCapil \u2714\ufe0f<\/title>\n<meta name=\"description\" content=\"Dans cet article, nous vous guiderons pour Comment r\u00e9parer rapidement les cheveux br\u00fbl\u00e9s ? et les diff\u00e9rentes \u00e9tapes pour r\u00e9cup\u00e9rer une belle chevelure.\" \/>\n<meta name=\"robots\" content=\"index, follow, max-snippet:-1, max-image-preview:large, max-video-preview:-1\" \/>\n<link rel=\"canonical\" href=\"https:\/\/mycapil.com\/fr\/comment-reparer-rapidement-les-cheveux-brules\/\" \/>\n<meta property=\"og:locale\" content=\"fr_FR\" \/>\n<meta property=\"og:type\" content=\"article\" \/>\n<meta property=\"og:title\" content=\"Comment r\u00e9parer rapidement les cheveux br\u00fbl\u00e9s ? - MyCapil \u2714\ufe0f\" \/>\n<meta property=\"og:description\" content=\"Dans cet article, nous vous guiderons pour Comment r\u00e9parer rapidement les cheveux br\u00fbl\u00e9s ? et les diff\u00e9rentes \u00e9tapes pour r\u00e9cup\u00e9rer une belle chevelure.\" \/>\n<meta property=\"og:url\" content=\"https:\/\/mycapil.com\/fr\/comment-reparer-rapidement-les-cheveux-brules\/\" \/>\n<meta property=\"og:site_name\" content=\"MyCapil\" \/>\n<meta property=\"article:published_time\" content=\"2023-06-14T14:00:34+00:00\" \/>\n<meta property=\"article:modified_time\" content=\"2023-07-18T17:12:38+00:00\" \/>\n<meta property=\"og:image\" content=\"https:\/\/mycapil.com\/wp-content\/uploads\/2023\/05\/Comment-recuperer-rapidement-les-cheveux-brules-.jpg\" \/>\n\t<meta property=\"og:image:width\" content=\"800\" \/>\n\t<meta property=\"og:image:height\" content=\"600\" \/>\n\t<meta property=\"og:image:type\" content=\"image\/jpeg\" \/>\n<meta name=\"author\" content=\"Jessica\" \/>\n<meta name=\"twitter:card\" content=\"summary_large_image\" \/>\n<meta name=\"twitter:label1\" content=\"Written by\" \/>\n\t<meta name=\"twitter:data1\" content=\"Jessica\" \/>\n\t<meta name=\"twitter:label2\" content=\"Est. reading time\" \/>\n\t<meta name=\"twitter:data2\" content=\"6 minutes\" \/>\n<script type=\"application\/ld+json\" class=\"yoast-schema-graph\">{\"@context\":\"https:\/\/schema.org\",\"@graph\":[{\"@type\":\"Article\",\"@id\":\"https:\/\/mycapil.com\/fr\/comment-reparer-rapidement-les-cheveux-brules\/#article\",\"isPartOf\":{\"@id\":\"https:\/\/mycapil.com\/fr\/comment-reparer-rapidement-les-cheveux-brules\/\"},\"author\":{\"name\":\"Jessica\",\"@id\":\"https:\/\/mycapil.com\/fr\/#\/schema\/person\/da336cc655461c88e3db7b3ad49eaba8\"},\"headline\":\"Comment r\u00e9parer rapidement les cheveux br\u00fbl\u00e9s ?\",\"datePublished\":\"2023-06-14T14:00:34+00:00\",\"dateModified\":\"2023-07-18T17:12:38+00:00\",\"mainEntityOfPage\":{\"@id\":\"https:\/\/mycapil.com\/fr\/comment-reparer-rapidement-les-cheveux-brules\/\"},\"wordCount\":1178,\"commentCount\":0,\"publisher\":{\"@id\":\"https:\/\/mycapil.com\/fr\/#organization\"},\"image\":{\"@id\":\"https:\/\/mycapil.com\/fr\/comment-reparer-rapidement-les-cheveux-brules\/#primaryimage\"},\"thumbnailUrl\":\"https:\/\/mycapil.com\/wp-content\/uploads\/2023\/05\/Comment-recuperer-rapidement-les-cheveux-brules-.jpg\",\"articleSection\":[\"Nouvelles\"],\"inLanguage\":\"fr\",\"potentialAction\":[{\"@type\":\"CommentAction\",\"name\":\"Comment\",\"target\":[\"https:\/\/mycapil.com\/fr\/comment-reparer-rapidement-les-cheveux-brules\/#respond\"]}]},{\"@type\":\"WebPage\",\"@id\":\"https:\/\/mycapil.com\/fr\/comment-reparer-rapidement-les-cheveux-brules\/\",\"url\":\"https:\/\/mycapil.com\/fr\/comment-reparer-rapidement-les-cheveux-brules\/\",\"name\":\"Comment r\u00e9parer rapidement les cheveux br\u00fbl\u00e9s ? - MyCapil \u2714\ufe0f\",\"isPartOf\":{\"@id\":\"https:\/\/mycapil.com\/fr\/#website\"},\"primaryImageOfPage\":{\"@id\":\"https:\/\/mycapil.com\/fr\/comment-reparer-rapidement-les-cheveux-brules\/#primaryimage\"},\"image\":{\"@id\":\"https:\/\/mycapil.com\/fr\/comment-reparer-rapidement-les-cheveux-brules\/#primaryimage\"},\"thumbnailUrl\":\"https:\/\/mycapil.com\/wp-content\/uploads\/2023\/05\/Comment-recuperer-rapidement-les-cheveux-brules-.jpg\",\"datePublished\":\"2023-06-14T14:00:34+00:00\",\"dateModified\":\"2023-07-18T17:12:38+00:00\",\"description\":\"Dans cet article, nous vous guiderons pour Comment r\u00e9parer rapidement les cheveux br\u00fbl\u00e9s ? et les diff\u00e9rentes \u00e9tapes pour r\u00e9cup\u00e9rer une belle chevelure.\",\"breadcrumb\":{\"@id\":\"https:\/\/mycapil.com\/fr\/comment-reparer-rapidement-les-cheveux-brules\/#breadcrumb\"},\"inLanguage\":\"fr\",\"potentialAction\":[{\"@type\":\"ReadAction\",\"target\":[\"https:\/\/mycapil.com\/fr\/comment-reparer-rapidement-les-cheveux-brules\/\"]}]},{\"@type\":\"ImageObject\",\"inLanguage\":\"fr\",\"@id\":\"https:\/\/mycapil.com\/fr\/comment-reparer-rapidement-les-cheveux-brules\/#primaryimage\",\"url\":\"https:\/\/mycapil.com\/wp-content\/uploads\/2023\/05\/Comment-recuperer-rapidement-les-cheveux-brules-.jpg\",\"contentUrl\":\"https:\/\/mycapil.com\/wp-content\/uploads\/2023\/05\/Comment-recuperer-rapidement-les-cheveux-brules-.jpg\",\"width\":800,\"height\":600,\"caption\":\"Comment r\u00e9parer rapidement les cheveux br\u00fbl\u00e9s\"},{\"@type\":\"BreadcrumbList\",\"@id\":\"https:\/\/mycapil.com\/fr\/comment-reparer-rapidement-les-cheveux-brules\/#breadcrumb\",\"itemListElement\":[{\"@type\":\"ListItem\",\"position\":1,\"name\":\"Accueil\",\"item\":\"https:\/\/mycapil.com\/fr\/\"},{\"@type\":\"ListItem\",\"position\":2,\"name\":\"Comment r\u00e9parer rapidement les cheveux br\u00fbl\u00e9s ?\"}]},{\"@type\":\"WebSite\",\"@id\":\"https:\/\/mycapil.com\/fr\/#website\",\"url\":\"https:\/\/mycapil.com\/fr\/\",\"name\":\"MyCapil\",\"description\":\"Alop\u00e9cie, Chute de cheveux, capillaire\",\"publisher\":{\"@id\":\"https:\/\/mycapil.com\/fr\/#organization\"},\"potentialAction\":[{\"@type\":\"SearchAction\",\"target\":{\"@type\":\"EntryPoint\",\"urlTemplate\":\"https:\/\/mycapil.com\/fr\/?s={search_term_string}\"},\"query-input\":{\"@type\":\"PropertyValueSpecification\",\"valueRequired\":true,\"valueName\":\"search_term_string\"}}],\"inLanguage\":\"fr\"},{\"@type\":\"Organization\",\"@id\":\"https:\/\/mycapil.com\/fr\/#organization\",\"name\":\"MyCapil\",\"url\":\"https:\/\/mycapil.com\/fr\/\",\"logo\":{\"@type\":\"ImageObject\",\"inLanguage\":\"fr\",\"@id\":\"https:\/\/mycapil.com\/fr\/#\/schema\/logo\/image\/\",\"url\":\"https:\/\/mycapil.com\/wp-content\/uploads\/2020\/02\/Mycapil3.png\",\"contentUrl\":\"https:\/\/mycapil.com\/wp-content\/uploads\/2020\/02\/Mycapil3.png\",\"width\":339,\"height\":113,\"caption\":\"MyCapil\"},\"image\":{\"@id\":\"https:\/\/mycapil.com\/fr\/#\/schema\/logo\/image\/\"}},{\"@type\":\"Person\",\"@id\":\"https:\/\/mycapil.com\/fr\/#\/schema\/person\/da336cc655461c88e3db7b3ad49eaba8\",\"name\":\"Jessica\",\"image\":{\"@type\":\"ImageObject\",\"inLanguage\":\"fr\",\"@id\":\"https:\/\/mycapil.com\/fr\/#\/schema\/person\/image\/\",\"url\":\"https:\/\/secure.gravatar.com\/avatar\/fb884780093d4cd4e37d216f175cf5811ef132339af3c5423b01b9e434cce15f?s=96&d=mm&r=g\",\"contentUrl\":\"https:\/\/secure.gravatar.com\/avatar\/fb884780093d4cd4e37d216f175cf5811ef132339af3c5423b01b9e434cce15f?s=96&d=mm&r=g\",\"caption\":\"Jessica\"}}]}<\/script>\n<!-- \/ Yoast SEO plugin. -->","yoast_head_json":{"title":"Comment r\u00e9parer rapidement les cheveux br\u00fbl\u00e9s ? - MyCapil \u2714\ufe0f","description":"Dans cet article, nous vous guiderons pour Comment r\u00e9parer rapidement les cheveux br\u00fbl\u00e9s ? et les diff\u00e9rentes \u00e9tapes pour r\u00e9cup\u00e9rer une belle chevelure.","robots":{"index":"index","follow":"follow","max-snippet":"max-snippet:-1","max-image-preview":"max-image-preview:large","max-video-preview":"max-video-preview:-1"},"canonical":"https:\/\/mycapil.com\/fr\/comment-reparer-rapidement-les-cheveux-brules\/","og_locale":"fr_FR","og_type":"article","og_title":"Comment r\u00e9parer rapidement les cheveux br\u00fbl\u00e9s ? - MyCapil \u2714\ufe0f","og_description":"Dans cet article, nous vous guiderons pour Comment r\u00e9parer rapidement les cheveux br\u00fbl\u00e9s ? et les diff\u00e9rentes \u00e9tapes pour r\u00e9cup\u00e9rer une belle chevelure.","og_url":"https:\/\/mycapil.com\/fr\/comment-reparer-rapidement-les-cheveux-brules\/","og_site_name":"MyCapil","article_published_time":"2023-06-14T14:00:34+00:00","article_modified_time":"2023-07-18T17:12:38+00:00","og_image":[{"width":800,"height":600,"url":"https:\/\/mycapil.com\/wp-content\/uploads\/2023\/05\/Comment-recuperer-rapidement-les-cheveux-brules-.jpg","type":"image\/jpeg"}],"author":"Jessica","twitter_card":"summary_large_image","twitter_misc":{"Written by":"Jessica","Est. reading time":"6 minutes"},"schema":{"@context":"https:\/\/schema.org","@graph":[{"@type":"Article","@id":"https:\/\/mycapil.com\/fr\/comment-reparer-rapidement-les-cheveux-brules\/#article","isPartOf":{"@id":"https:\/\/mycapil.com\/fr\/comment-reparer-rapidement-les-cheveux-brules\/"},"author":{"name":"Jessica","@id":"https:\/\/mycapil.com\/fr\/#\/schema\/person\/da336cc655461c88e3db7b3ad49eaba8"},"headline":"Comment r\u00e9parer rapidement les cheveux br\u00fbl\u00e9s ?","datePublished":"2023-06-14T14:00:34+00:00","dateModified":"2023-07-18T17:12:38+00:00","mainEntityOfPage":{"@id":"https:\/\/mycapil.com\/fr\/comment-reparer-rapidement-les-cheveux-brules\/"},"wordCount":1178,"commentCount":0,"publisher":{"@id":"https:\/\/mycapil.com\/fr\/#organization"},"image":{"@id":"https:\/\/mycapil.com\/fr\/comment-reparer-rapidement-les-cheveux-brules\/#primaryimage"},"thumbnailUrl":"https:\/\/mycapil.com\/wp-content\/uploads\/2023\/05\/Comment-recuperer-rapidement-les-cheveux-brules-.jpg","articleSection":["Nouvelles"],"inLanguage":"fr","potentialAction":[{"@type":"CommentAction","name":"Comment","target":["https:\/\/mycapil.com\/fr\/comment-reparer-rapidement-les-cheveux-brules\/#respond"]}]},{"@type":"WebPage","@id":"https:\/\/mycapil.com\/fr\/comment-reparer-rapidement-les-cheveux-brules\/","url":"https:\/\/mycapil.com\/fr\/comment-reparer-rapidement-les-cheveux-brules\/","name":"Comment r\u00e9parer rapidement les cheveux br\u00fbl\u00e9s ? - MyCapil \u2714\ufe0f","isPartOf":{"@id":"https:\/\/mycapil.com\/fr\/#website"},"primaryImageOfPage":{"@id":"https:\/\/mycapil.com\/fr\/comment-reparer-rapidement-les-cheveux-brules\/#primaryimage"},"image":{"@id":"https:\/\/mycapil.com\/fr\/comment-reparer-rapidement-les-cheveux-brules\/#primaryimage"},"thumbnailUrl":"https:\/\/mycapil.com\/wp-content\/uploads\/2023\/05\/Comment-recuperer-rapidement-les-cheveux-brules-.jpg","datePublished":"2023-06-14T14:00:34+00:00","dateModified":"2023-07-18T17:12:38+00:00","description":"Dans cet article, nous vous guiderons pour Comment r\u00e9parer rapidement les cheveux br\u00fbl\u00e9s ? et les diff\u00e9rentes \u00e9tapes pour r\u00e9cup\u00e9rer une belle chevelure.","breadcrumb":{"@id":"https:\/\/mycapil.com\/fr\/comment-reparer-rapidement-les-cheveux-brules\/#breadcrumb"},"inLanguage":"fr","potentialAction":[{"@type":"ReadAction","target":["https:\/\/mycapil.com\/fr\/comment-reparer-rapidement-les-cheveux-brules\/"]}]},{"@type":"ImageObject","inLanguage":"fr","@id":"https:\/\/mycapil.com\/fr\/comment-reparer-rapidement-les-cheveux-brules\/#primaryimage","url":"https:\/\/mycapil.com\/wp-content\/uploads\/2023\/05\/Comment-recuperer-rapidement-les-cheveux-brules-.jpg","contentUrl":"https:\/\/mycapil.com\/wp-content\/uploads\/2023\/05\/Comment-recuperer-rapidement-les-cheveux-brules-.jpg","width":800,"height":600,"caption":"Comment r\u00e9parer rapidement les cheveux br\u00fbl\u00e9s"},{"@type":"BreadcrumbList","@id":"https:\/\/mycapil.com\/fr\/comment-reparer-rapidement-les-cheveux-brules\/#breadcrumb","itemListElement":[{"@type":"ListItem","position":1,"name":"Accueil","item":"https:\/\/mycapil.com\/fr\/"},{"@type":"ListItem","position":2,"name":"Comment r\u00e9parer rapidement les cheveux br\u00fbl\u00e9s ?"}]},{"@type":"WebSite","@id":"https:\/\/mycapil.com\/fr\/#website","url":"https:\/\/mycapil.com\/fr\/","name":"MyCapil","description":"Alop\u00e9cie, Chute de cheveux, capillaire","publisher":{"@id":"https:\/\/mycapil.com\/fr\/#organization"},"potentialAction":[{"@type":"SearchAction","target":{"@type":"EntryPoint","urlTemplate":"https:\/\/mycapil.com\/fr\/?s={search_term_string}"},"query-input":{"@type":"PropertyValueSpecification","valueRequired":true,"valueName":"search_term_string"}}],"inLanguage":"fr"},{"@type":"Organization","@id":"https:\/\/mycapil.com\/fr\/#organization","name":"MyCapil","url":"https:\/\/mycapil.com\/fr\/","logo":{"@type":"ImageObject","inLanguage":"fr","@id":"https:\/\/mycapil.com\/fr\/#\/schema\/logo\/image\/","url":"https:\/\/mycapil.com\/wp-content\/uploads\/2020\/02\/Mycapil3.png","contentUrl":"https:\/\/mycapil.com\/wp-content\/uploads\/2020\/02\/Mycapil3.png","width":339,"height":113,"caption":"MyCapil"},"image":{"@id":"https:\/\/mycapil.com\/fr\/#\/schema\/logo\/image\/"}},{"@type":"Person","@id":"https:\/\/mycapil.com\/fr\/#\/schema\/person\/da336cc655461c88e3db7b3ad49eaba8","name":"Jessica","image":{"@type":"ImageObject","inLanguage":"fr","@id":"https:\/\/mycapil.com\/fr\/#\/schema\/person\/image\/","url":"https:\/\/secure.gravatar.com\/avatar\/fb884780093d4cd4e37d216f175cf5811ef132339af3c5423b01b9e434cce15f?s=96&d=mm&r=g","contentUrl":"https:\/\/secure.gravatar.com\/avatar\/fb884780093d4cd4e37d216f175cf5811ef132339af3c5423b01b9e434cce15f?s=96&d=mm&r=g","caption":"Jessica"}}]}},"_links":{"self":[{"href":"https:\/\/mycapil.com\/fr\/wp-json\/wp\/v2\/posts\/13571","targetHints":{"allow":["GET"]}}],"collection":[{"href":"https:\/\/mycapil.com\/fr\/wp-json\/wp\/v2\/posts"}],"about":[{"href":"https:\/\/mycapil.com\/fr\/wp-json\/wp\/v2\/types\/post"}],"author":[{"embeddable":true,"href":"https:\/\/mycapil.com\/fr\/wp-json\/wp\/v2\/users\/7"}],"replies":[{"embeddable":true,"href":"https:\/\/mycapil.com\/fr\/wp-json\/wp\/v2\/comments?post=13571"}],"version-history":[{"count":1,"href":"https:\/\/mycapil.com\/fr\/wp-json\/wp\/v2\/posts\/13571\/revisions"}],"predecessor-version":[{"id":13572,"href":"https:\/\/mycapil.com\/fr\/wp-json\/wp\/v2\/posts\/13571\/revisions\/13572"}],"wp:featuredmedia":[{"embeddable":true,"href":"https:\/\/mycapil.com\/fr\/wp-json\/wp\/v2\/media\/13566"}],"wp:attachment":[{"href":"https:\/\/mycapil.com\/fr\/wp-json\/wp\/v2\/media?parent=13571"}],"wp:term":[{"taxonomy":"category","embeddable":true,"href":"https:\/\/mycapil.com\/fr\/wp-json\/wp\/v2\/categories?post=13571"},{"taxonomy":"post_tag","embeddable":true,"href":"https:\/\/mycapil.com\/fr\/wp-json\/wp\/v2\/tags?post=13571"}],"curies":[{"name":"wp","href":"https:\/\/api.w.org\/{rel}","templated":true}]}}