{"id":16361,"date":"2023-09-02T10:00:40","date_gmt":"2023-09-02T14:00:40","guid":{"rendered":"https:\/\/mycapil.com\/?p=16361"},"modified":"2023-08-30T12:03:49","modified_gmt":"2023-08-30T16:03:49","slug":"mythes-verites-greffe-de-cheveux","status":"publish","type":"post","link":"https:\/\/mycapil.com\/fr\/mythes-verites-greffe-de-cheveux\/","title":{"rendered":"Mythes et v\u00e9rit\u00e9s sur la greffe de cheveux"},"content":{"rendered":"<p><span style=\"font-weight: 400\">La transplantation capillaire a toujours suscit\u00e9 de nombreuses questions chez les personnes qui n&#8217;ont pas d\u00e9cid\u00e9 de faire le premier pas pour lutter contre la calvitie. Laisse-t-elle des traces ? Faut-il se raser la t\u00eate ? La calvitie est-elle un facteur de risque de cancer de la peau ?<\/span><\/p>\n<p><span style=\"font-weight: 400\">Bien que la <a href=\"https:\/\/mycapil.com\/fr\/pourquoi-y-a-t-il-une-inflammation-apres-la-greffe-de-cheveux\/\">transplantation capillaire<\/a> soit l&#8217;une des meilleures mesures pour traiter les probl\u00e8mes graves de perte de cheveux, elle a \u00e9t\u00e9 remise en question pendant de nombreuses ann\u00e9es et a donn\u00e9 lieu \u00e0 de nombreux mythes et pr\u00e9jug\u00e9e.<\/span><\/p>\n<p><span style=\"font-weight: 400\">Pour tenter de d\u00e9mystifier certains des mythes li\u00e9s au monde capillaire, nous vous invitons \u00e0 lire cet article.\u00a0<\/span><\/p>\n<h2><span style=\"font-weight: 400\">10 mythes sur la greffe de cheveux : vrai ou faux ?<\/span><\/h2>\n<p><span style=\"font-weight: 400\">La greffe de cheveux est une intervention qui offre des r\u00e9sultats naturels et constitue une solution d\u00e9finitive pour les personnes souffrant de calvitie due \u00e0 l&#8217;alop\u00e9cie. Les bons r\u00e9sultats offerts par cette technique font que les hommes et les femmes atteints d&#8217;alop\u00e9cie, ou qui souffrent de probl\u00e8mes de perte de cheveux, demandent des informations sur cette m\u00e9thode. Il est donc important de s&#8217;assurer que les informations que nous recevons \u00e0 ce sujet sont v\u00e9ridiques et que nous ne sommes pas confront\u00e9s \u00e0 des mythes sur la greffe de cheveux.<\/span><\/p>\n<h2><span style=\"font-weight: 400\">Lesquelles sont vraies et lesquelles sont des mensonges ?<\/span><\/h2>\n<h3><span style=\"font-weight: 400\">Tout le monde peut b\u00e9n\u00e9ficier d&#8217;une greffe de cheveux.<\/span><\/h3>\n<p><span style=\"font-weight: 400\">Ce n&#8217;est pas vrai, car tout le monde ne peut pas b\u00e9n\u00e9ficier d&#8217;une greffe de cheveux. Un diagnostic m\u00e9dical pr\u00e9alable est n\u00e9cessaire pour \u00e9valuer la viabilit\u00e9 de la greffe de cheveux en fonction du degr\u00e9 et du type d&#8217;alop\u00e9cie du patient, ainsi que de son \u00e9tat de sant\u00e9 g\u00e9n\u00e9ral.<\/span><\/p>\n<p><span style=\"font-weight: 400\">L&#8217;un des cas les plus fr\u00e9quents dans lesquels les m\u00e9decins peuvent d\u00e9terminer que l&#8217;implant capillaire n&#8217;est pas adapt\u00e9 est celui de l&#8217;absence de zone donneuse. Lorsque la zone donneuse du patient n&#8217;est pas suffisante pour couvrir toute la zone affect\u00e9e par l&#8217;alop\u00e9cie, le patient n&#8217;est pas apte \u00e0 recevoir une greffe de cheveux.<\/span><\/p>\n<h3><span style=\"font-weight: 400\">La greffe de cheveux se fait en un jour<\/span><\/h3>\n<p><span style=\"font-weight: 400\">Parmi les mythes sur la greffe de cheveux, on parle souvent de la dur\u00e9e de l&#8217;op\u00e9ration. Dans ce cas, il est vrai que la greffe de cheveux se fait normalement en un jour. L&#8217;op\u00e9ration dure environ 7 heures, en fonction du nombre d&#8217;unit\u00e9s folliculaires implant\u00e9es, et se d\u00e9roule en une seule s\u00e9ance.<\/span><\/p>\n<h3><span style=\"font-weight: 400\">Les cheveux pr\u00e9lev\u00e9s repoussent<\/span><\/h3>\n<p><span style=\"font-weight: 400\">C&#8217;est faux. Le cheveu extrait de la zone donneuse pour r\u00e9aliser la greffe de cheveux ne repousse pas. Lorsque le follicule est pr\u00e9lev\u00e9, aucun nouveau cheveu ne repousse. Toutefois, l&#8217;\u00e9quipe soignante extrait les unit\u00e9s folliculaires de mani\u00e8re \u00e0 ce que cela passe inaper\u00e7u et soit donc imperceptible.<\/span><\/p>\n<p><span style=\"font-weight: 400\">En ce sens, l&#8217;exp\u00e9rience et les comp\u00e9tences de l&#8217;\u00e9quipe m\u00e9dicale sont essentielles pour ne pas endommager la zone donneuse du patient. C&#8217;est pourquoi il est recommand\u00e9 de se rendre dans une clinique capillaire o\u00f9 travaillent des professionnels exp\u00e9riment\u00e9s.<\/span><\/p>\n<h3><span style=\"font-weight: 400\">Les cheveux implant\u00e9s retombent<\/span><\/h3>\n<p><span style=\"font-weight: 400\">La greffe de cheveux est pr\u00e9sent\u00e9e comme une m\u00e9thode d\u00e9finitive pour mettre fin \u00e0 la calvitie. Il faut savoir que c&#8217;est le cas \u00e0 condition de suivre les traitements recommand\u00e9s par l&#8217;\u00e9quipe m\u00e9dicale. L&#8217;alop\u00e9cie est une maladie chronique qui doit \u00eatre stabilis\u00e9e par des m\u00e9dicaments comme le Finast\u00e9ride ou des traitements capillaires comme la m\u00e9soth\u00e9rapie, faute de quoi les cheveux continueront \u00e0 tomber, ce qui nuira \u00e0 l&#8217;esth\u00e9tique du r\u00e9sultat de l&#8217;implant capillaire.<\/span><\/p>\n<p><img loading=\"lazy\" decoding=\"async\" class=\"aligncenter wp-image-16362 size-full\" src=\"https:\/\/mycapil.com\/wp-content\/uploads\/2023\/08\/transplantation-capillaire.jpg\" alt=\"La transplantation capillaire a toujours suscit\u00e9 de nombreuses questions chez les personnes qui n'ont pas d\u00e9cid\u00e9 de faire le premier pas pour lutter contre la calvitie.\" width=\"600\" height=\"400\" srcset=\"https:\/\/mycapil.com\/wp-content\/uploads\/2023\/08\/transplantation-capillaire.jpg 600w, https:\/\/mycapil.com\/wp-content\/uploads\/2023\/08\/transplantation-capillaire-300x200.jpg 300w, https:\/\/mycapil.com\/wp-content\/uploads\/2023\/08\/transplantation-capillaire-150x100.jpg 150w\" sizes=\"auto, (max-width: 600px) 100vw, 600px\" \/><\/p>\n<h3><span style=\"font-weight: 400\">La greffe de cheveux est douloureuse<\/span><\/h3>\n<p><span style=\"font-weight: 400\">L&#8217;une des rumeurs et l&#8217;un des mythes les plus r\u00e9pandus \u00e0 propos des greffes de cheveux sont que l&#8217;op\u00e9ration est douloureuse. Ce n&#8217;est pas le cas. Pour r\u00e9aliser la greffe de cheveux, une anesth\u00e9sie locale est appliqu\u00e9e, de sorte que le patient ne ressent aucune douleur pendant l&#8217;op\u00e9ration. Toutefois, il est vrai que l&#8217;application de l&#8217;anesth\u00e9sie elle-m\u00eame peut \u00eatre quelque peu inconfortable.<\/span><\/p>\n<h3><span style=\"font-weight: 400\">Seuls les hommes peuvent subir une greffe de cheveux<\/span><\/h3>\n<p><span style=\"font-weight: 400\">C&#8217;est totalement faux. Les greffes de cheveux pour les femmes existent et offrent de tr\u00e8s bons r\u00e9sultats. L&#8217;alop\u00e9cie androg\u00e9n\u00e9tique est la plus fr\u00e9quente de toutes et elle touche \u00e9galement les femmes. Toutes les personnes souffrant de calvitie peuvent b\u00e9n\u00e9ficier d&#8217;une greffe de cheveux.<\/span><\/p>\n<h3><span style=\"font-weight: 400\">Il est indispensable de se raser la t\u00eate enti\u00e8re<\/span><\/h3>\n<p><span style=\"font-weight: 400\">Ce n&#8217;est pas vrai. Il est vrai qu&#8217;il faut raser au moins la zone donneuse pour pouvoir effectuer l&#8217;extraction avec succ\u00e8s, en laissant le cheveu d&#8217;une longueur approximative de 2 millim\u00e8tres. Cependant, il existe une greffe de cheveux sans rasage dans laquelle la zone receveuse n&#8217;est pas ras\u00e9e. Dans certains cas, comme la greffe de cheveux dans la zone frontale de la t\u00eate ou chez les femmes, le patient pr\u00e9f\u00e8re ne pas se raser la t\u00eate enti\u00e8re et, si l&#8217;\u00e9quipe m\u00e9dicale le juge possible, elle n&#8217;est pas ras\u00e9e.<\/span><\/p>\n<h3><span style=\"font-weight: 400\">Il est possible de greffer des cheveux provenant d&#8217;autres parties du corps<\/span><\/h3>\n<p><span style=\"font-weight: 400\">Il est possible d&#8217;implanter des cheveux provenant d&#8217;autres parties du corps. On parle alors de greffe de cheveux du corps (BHT) et l&#8217;extraction des unit\u00e9s folliculaires est r\u00e9alis\u00e9e dans des zones du corps telles que la barbe, la poitrine ou le dos. Toutefois, les cheveux de ces zones ne sont pas similaires \u00e0 ceux de la t\u00eate, de sorte que les r\u00e9sultats ne sont pas aussi naturels.<\/span><\/p>\n<h3><span style=\"font-weight: 400\">La greffe de cheveux ne peut pas \u00eatre r\u00e9alis\u00e9e en \u00e9t\u00e9<\/span><\/h3>\n<p><span style=\"font-weight: 400\">Faux. La greffe de cheveux peut \u00eatre r\u00e9alis\u00e9e \u00e0 tout moment de l&#8217;ann\u00e9e. Ce qui importe, ce sont les soins postop\u00e9ratoires prodigu\u00e9s par le patient. L&#8217;un des mythes concernant la greffe de cheveux fait r\u00e9f\u00e9rence \u00e0 l&#8217;\u00e9t\u00e9 comme \u00e9tant une p\u00e9riode o\u00f9 il n&#8217;est pas viable de r\u00e9aliser cette chirurgie, principalement \u00e0 cause du soleil, qu&#8217;il faut \u00e9viter pendant les premi\u00e8res semaines. Cependant, en prenant soin de se prot\u00e9ger de l&#8217;exposition directe au soleil pendant la dur\u00e9e estim\u00e9e, il est possible de r\u00e9aliser une greffe de cheveux en \u00e9t\u00e9.<\/span><\/p>\n<h3><span style=\"font-weight: 400\">La greffe de cheveux laisse des cicatrices visibles<\/span><\/h3>\n<p><span style=\"font-weight: 400\">La greffe de cheveux peut \u00eatre r\u00e9alis\u00e9e avec la technique FUSS ou avec la technique FUE. La technique FUSS laisse une cicatrice visible dans la zone donneuse car les unit\u00e9s folliculaires n\u00e9cessaires sont pr\u00e9lev\u00e9es en enlevant une bande de peau du cuir chevelu. En revanche, l&#8217;implantation de cheveux par FUE ne laisse aucune cicatrice visible, car l&#8217;extraction est r\u00e9alis\u00e9e individuellement \u00e0 l&#8217;aide d&#8217;un poin\u00e7on micromoteur, sans qu&#8217;il soit n\u00e9cessaire d&#8217;enlever de la peau.<\/span><\/p>\n","protected":false},"excerpt":{"rendered":"<p>La transplantation capillaire a toujours suscit\u00e9 de nombreuses questions chez les personnes qui n&#8217;ont pas d\u00e9cid\u00e9 de faire le premier pas pour lutter contre la calvitie. Laisse-t-elle des traces ? Faut-il se raser la t\u00eate ? La calvitie est-elle un facteur de risque de cancer de la peau ? Bien que la transplantation capillaire soit [&hellip;]<\/p>\n","protected":false},"author":14,"featured_media":16367,"comment_status":"open","ping_status":"open","sticky":false,"template":"","format":"standard","meta":{"footnotes":""},"categories":[66],"tags":[],"class_list":{"0":"post-16361","1":"post","2":"type-post","3":"status-publish","4":"format-standard","5":"has-post-thumbnail","7":"category-greffe-de-cheveux"},"yoast_head":"<!-- This site is optimized with the Yoast SEO plugin v25.9 - https:\/\/yoast.com\/wordpress\/plugins\/seo\/ -->\n<title>Mythes et v\u00e9rit\u00e9s sur la greffe de cheveux - MyCapil \u2714\ufe0f<\/title>\n<meta name=\"description\" content=\"Dans cet article, nous parlerons de Mythes et v\u00e9rit\u00e9s sur la greffe de cheveux . Visitez notre blog\" \/>\n<meta name=\"robots\" content=\"index, follow, max-snippet:-1, max-image-preview:large, max-video-preview:-1\" \/>\n<link rel=\"canonical\" href=\"https:\/\/mycapil.com\/fr\/mythes-verites-greffe-de-cheveux\/\" \/>\n<meta property=\"og:locale\" content=\"fr_FR\" \/>\n<meta property=\"og:type\" content=\"article\" \/>\n<meta property=\"og:title\" content=\"Mythes et v\u00e9rit\u00e9s sur la greffe de cheveux - MyCapil \u2714\ufe0f\" \/>\n<meta property=\"og:description\" content=\"Dans cet article, nous parlerons de Mythes et v\u00e9rit\u00e9s sur la greffe de cheveux . Visitez notre blog\" \/>\n<meta property=\"og:url\" content=\"https:\/\/mycapil.com\/fr\/mythes-verites-greffe-de-cheveux\/\" \/>\n<meta property=\"og:site_name\" content=\"MyCapil\" \/>\n<meta property=\"article:published_time\" content=\"2023-09-02T14:00:40+00:00\" \/>\n<meta property=\"og:image\" content=\"https:\/\/mycapil.com\/wp-content\/uploads\/2023\/08\/TransplantationCapillaire1.jpg\" \/>\n\t<meta property=\"og:image:width\" content=\"600\" \/>\n\t<meta property=\"og:image:height\" content=\"400\" \/>\n\t<meta property=\"og:image:type\" content=\"image\/jpeg\" \/>\n<meta name=\"author\" content=\"Alvaro\" \/>\n<meta name=\"twitter:card\" content=\"summary_large_image\" \/>\n<meta name=\"twitter:label1\" content=\"Written by\" \/>\n\t<meta name=\"twitter:data1\" content=\"Alvaro\" \/>\n\t<meta name=\"twitter:label2\" content=\"Est. reading time\" \/>\n\t<meta name=\"twitter:data2\" content=\"5 minutes\" \/>\n<script type=\"application\/ld+json\" class=\"yoast-schema-graph\">{\"@context\":\"https:\/\/schema.org\",\"@graph\":[{\"@type\":\"Article\",\"@id\":\"https:\/\/mycapil.com\/fr\/mythes-verites-greffe-de-cheveux\/#article\",\"isPartOf\":{\"@id\":\"https:\/\/mycapil.com\/fr\/mythes-verites-greffe-de-cheveux\/\"},\"author\":{\"name\":\"Alvaro\",\"@id\":\"https:\/\/mycapil.com\/fr\/#\/schema\/person\/5da5c6048b6d0adebe7b1701704f0540\"},\"headline\":\"Mythes et v\u00e9rit\u00e9s sur la greffe de cheveux\",\"datePublished\":\"2023-09-02T14:00:40+00:00\",\"mainEntityOfPage\":{\"@id\":\"https:\/\/mycapil.com\/fr\/mythes-verites-greffe-de-cheveux\/\"},\"wordCount\":1145,\"commentCount\":0,\"publisher\":{\"@id\":\"https:\/\/mycapil.com\/fr\/#organization\"},\"image\":{\"@id\":\"https:\/\/mycapil.com\/fr\/mythes-verites-greffe-de-cheveux\/#primaryimage\"},\"thumbnailUrl\":\"https:\/\/mycapil.com\/wp-content\/uploads\/2023\/08\/TransplantationCapillaire1.jpg\",\"articleSection\":[\"Greffe de cheveux\"],\"inLanguage\":\"fr\",\"potentialAction\":[{\"@type\":\"CommentAction\",\"name\":\"Comment\",\"target\":[\"https:\/\/mycapil.com\/fr\/mythes-verites-greffe-de-cheveux\/#respond\"]}]},{\"@type\":\"WebPage\",\"@id\":\"https:\/\/mycapil.com\/fr\/mythes-verites-greffe-de-cheveux\/\",\"url\":\"https:\/\/mycapil.com\/fr\/mythes-verites-greffe-de-cheveux\/\",\"name\":\"Mythes et v\u00e9rit\u00e9s sur la greffe de cheveux - MyCapil \u2714\ufe0f\",\"isPartOf\":{\"@id\":\"https:\/\/mycapil.com\/fr\/#website\"},\"primaryImageOfPage\":{\"@id\":\"https:\/\/mycapil.com\/fr\/mythes-verites-greffe-de-cheveux\/#primaryimage\"},\"image\":{\"@id\":\"https:\/\/mycapil.com\/fr\/mythes-verites-greffe-de-cheveux\/#primaryimage\"},\"thumbnailUrl\":\"https:\/\/mycapil.com\/wp-content\/uploads\/2023\/08\/TransplantationCapillaire1.jpg\",\"datePublished\":\"2023-09-02T14:00:40+00:00\",\"description\":\"Dans cet article, nous parlerons de Mythes et v\u00e9rit\u00e9s sur la greffe de cheveux . Visitez notre blog\",\"breadcrumb\":{\"@id\":\"https:\/\/mycapil.com\/fr\/mythes-verites-greffe-de-cheveux\/#breadcrumb\"},\"inLanguage\":\"fr\",\"potentialAction\":[{\"@type\":\"ReadAction\",\"target\":[\"https:\/\/mycapil.com\/fr\/mythes-verites-greffe-de-cheveux\/\"]}]},{\"@type\":\"ImageObject\",\"inLanguage\":\"fr\",\"@id\":\"https:\/\/mycapil.com\/fr\/mythes-verites-greffe-de-cheveux\/#primaryimage\",\"url\":\"https:\/\/mycapil.com\/wp-content\/uploads\/2023\/08\/TransplantationCapillaire1.jpg\",\"contentUrl\":\"https:\/\/mycapil.com\/wp-content\/uploads\/2023\/08\/TransplantationCapillaire1.jpg\",\"width\":600,\"height\":400},{\"@type\":\"BreadcrumbList\",\"@id\":\"https:\/\/mycapil.com\/fr\/mythes-verites-greffe-de-cheveux\/#breadcrumb\",\"itemListElement\":[{\"@type\":\"ListItem\",\"position\":1,\"name\":\"Accueil\",\"item\":\"https:\/\/mycapil.com\/fr\/\"},{\"@type\":\"ListItem\",\"position\":2,\"name\":\"Mythes et v\u00e9rit\u00e9s sur la greffe de cheveux\"}]},{\"@type\":\"WebSite\",\"@id\":\"https:\/\/mycapil.com\/fr\/#website\",\"url\":\"https:\/\/mycapil.com\/fr\/\",\"name\":\"MyCapil\",\"description\":\"Alop\u00e9cie, Chute de cheveux, capillaire\",\"publisher\":{\"@id\":\"https:\/\/mycapil.com\/fr\/#organization\"},\"potentialAction\":[{\"@type\":\"SearchAction\",\"target\":{\"@type\":\"EntryPoint\",\"urlTemplate\":\"https:\/\/mycapil.com\/fr\/?s={search_term_string}\"},\"query-input\":{\"@type\":\"PropertyValueSpecification\",\"valueRequired\":true,\"valueName\":\"search_term_string\"}}],\"inLanguage\":\"fr\"},{\"@type\":\"Organization\",\"@id\":\"https:\/\/mycapil.com\/fr\/#organization\",\"name\":\"MyCapil\",\"url\":\"https:\/\/mycapil.com\/fr\/\",\"logo\":{\"@type\":\"ImageObject\",\"inLanguage\":\"fr\",\"@id\":\"https:\/\/mycapil.com\/fr\/#\/schema\/logo\/image\/\",\"url\":\"https:\/\/mycapil.com\/wp-content\/uploads\/2020\/02\/Mycapil3.png\",\"contentUrl\":\"https:\/\/mycapil.com\/wp-content\/uploads\/2020\/02\/Mycapil3.png\",\"width\":339,\"height\":113,\"caption\":\"MyCapil\"},\"image\":{\"@id\":\"https:\/\/mycapil.com\/fr\/#\/schema\/logo\/image\/\"}},{\"@type\":\"Person\",\"@id\":\"https:\/\/mycapil.com\/fr\/#\/schema\/person\/5da5c6048b6d0adebe7b1701704f0540\",\"name\":\"Alvaro\",\"image\":{\"@type\":\"ImageObject\",\"inLanguage\":\"fr\",\"@id\":\"https:\/\/mycapil.com\/fr\/#\/schema\/person\/image\/\",\"url\":\"https:\/\/secure.gravatar.com\/avatar\/283e5bb123086982d3279e03df9302c3256a81cc885b55728e9d4e5e3f5f1fb1?s=96&d=mm&r=g\",\"contentUrl\":\"https:\/\/secure.gravatar.com\/avatar\/283e5bb123086982d3279e03df9302c3256a81cc885b55728e9d4e5e3f5f1fb1?s=96&d=mm&r=g\",\"caption\":\"Alvaro\"}}]}<\/script>\n<!-- \/ Yoast SEO plugin. -->","yoast_head_json":{"title":"Mythes et v\u00e9rit\u00e9s sur la greffe de cheveux - MyCapil \u2714\ufe0f","description":"Dans cet article, nous parlerons de Mythes et v\u00e9rit\u00e9s sur la greffe de cheveux . Visitez notre blog","robots":{"index":"index","follow":"follow","max-snippet":"max-snippet:-1","max-image-preview":"max-image-preview:large","max-video-preview":"max-video-preview:-1"},"canonical":"https:\/\/mycapil.com\/fr\/mythes-verites-greffe-de-cheveux\/","og_locale":"fr_FR","og_type":"article","og_title":"Mythes et v\u00e9rit\u00e9s sur la greffe de cheveux - MyCapil \u2714\ufe0f","og_description":"Dans cet article, nous parlerons de Mythes et v\u00e9rit\u00e9s sur la greffe de cheveux . Visitez notre blog","og_url":"https:\/\/mycapil.com\/fr\/mythes-verites-greffe-de-cheveux\/","og_site_name":"MyCapil","article_published_time":"2023-09-02T14:00:40+00:00","og_image":[{"width":600,"height":400,"url":"https:\/\/mycapil.com\/wp-content\/uploads\/2023\/08\/TransplantationCapillaire1.jpg","type":"image\/jpeg"}],"author":"Alvaro","twitter_card":"summary_large_image","twitter_misc":{"Written by":"Alvaro","Est. reading time":"5 minutes"},"schema":{"@context":"https:\/\/schema.org","@graph":[{"@type":"Article","@id":"https:\/\/mycapil.com\/fr\/mythes-verites-greffe-de-cheveux\/#article","isPartOf":{"@id":"https:\/\/mycapil.com\/fr\/mythes-verites-greffe-de-cheveux\/"},"author":{"name":"Alvaro","@id":"https:\/\/mycapil.com\/fr\/#\/schema\/person\/5da5c6048b6d0adebe7b1701704f0540"},"headline":"Mythes et v\u00e9rit\u00e9s sur la greffe de cheveux","datePublished":"2023-09-02T14:00:40+00:00","mainEntityOfPage":{"@id":"https:\/\/mycapil.com\/fr\/mythes-verites-greffe-de-cheveux\/"},"wordCount":1145,"commentCount":0,"publisher":{"@id":"https:\/\/mycapil.com\/fr\/#organization"},"image":{"@id":"https:\/\/mycapil.com\/fr\/mythes-verites-greffe-de-cheveux\/#primaryimage"},"thumbnailUrl":"https:\/\/mycapil.com\/wp-content\/uploads\/2023\/08\/TransplantationCapillaire1.jpg","articleSection":["Greffe de cheveux"],"inLanguage":"fr","potentialAction":[{"@type":"CommentAction","name":"Comment","target":["https:\/\/mycapil.com\/fr\/mythes-verites-greffe-de-cheveux\/#respond"]}]},{"@type":"WebPage","@id":"https:\/\/mycapil.com\/fr\/mythes-verites-greffe-de-cheveux\/","url":"https:\/\/mycapil.com\/fr\/mythes-verites-greffe-de-cheveux\/","name":"Mythes et v\u00e9rit\u00e9s sur la greffe de cheveux - MyCapil \u2714\ufe0f","isPartOf":{"@id":"https:\/\/mycapil.com\/fr\/#website"},"primaryImageOfPage":{"@id":"https:\/\/mycapil.com\/fr\/mythes-verites-greffe-de-cheveux\/#primaryimage"},"image":{"@id":"https:\/\/mycapil.com\/fr\/mythes-verites-greffe-de-cheveux\/#primaryimage"},"thumbnailUrl":"https:\/\/mycapil.com\/wp-content\/uploads\/2023\/08\/TransplantationCapillaire1.jpg","datePublished":"2023-09-02T14:00:40+00:00","description":"Dans cet article, nous parlerons de Mythes et v\u00e9rit\u00e9s sur la greffe de cheveux . Visitez notre blog","breadcrumb":{"@id":"https:\/\/mycapil.com\/fr\/mythes-verites-greffe-de-cheveux\/#breadcrumb"},"inLanguage":"fr","potentialAction":[{"@type":"ReadAction","target":["https:\/\/mycapil.com\/fr\/mythes-verites-greffe-de-cheveux\/"]}]},{"@type":"ImageObject","inLanguage":"fr","@id":"https:\/\/mycapil.com\/fr\/mythes-verites-greffe-de-cheveux\/#primaryimage","url":"https:\/\/mycapil.com\/wp-content\/uploads\/2023\/08\/TransplantationCapillaire1.jpg","contentUrl":"https:\/\/mycapil.com\/wp-content\/uploads\/2023\/08\/TransplantationCapillaire1.jpg","width":600,"height":400},{"@type":"BreadcrumbList","@id":"https:\/\/mycapil.com\/fr\/mythes-verites-greffe-de-cheveux\/#breadcrumb","itemListElement":[{"@type":"ListItem","position":1,"name":"Accueil","item":"https:\/\/mycapil.com\/fr\/"},{"@type":"ListItem","position":2,"name":"Mythes et v\u00e9rit\u00e9s sur la greffe de cheveux"}]},{"@type":"WebSite","@id":"https:\/\/mycapil.com\/fr\/#website","url":"https:\/\/mycapil.com\/fr\/","name":"MyCapil","description":"Alop\u00e9cie, Chute de cheveux, capillaire","publisher":{"@id":"https:\/\/mycapil.com\/fr\/#organization"},"potentialAction":[{"@type":"SearchAction","target":{"@type":"EntryPoint","urlTemplate":"https:\/\/mycapil.com\/fr\/?s={search_term_string}"},"query-input":{"@type":"PropertyValueSpecification","valueRequired":true,"valueName":"search_term_string"}}],"inLanguage":"fr"},{"@type":"Organization","@id":"https:\/\/mycapil.com\/fr\/#organization","name":"MyCapil","url":"https:\/\/mycapil.com\/fr\/","logo":{"@type":"ImageObject","inLanguage":"fr","@id":"https:\/\/mycapil.com\/fr\/#\/schema\/logo\/image\/","url":"https:\/\/mycapil.com\/wp-content\/uploads\/2020\/02\/Mycapil3.png","contentUrl":"https:\/\/mycapil.com\/wp-content\/uploads\/2020\/02\/Mycapil3.png","width":339,"height":113,"caption":"MyCapil"},"image":{"@id":"https:\/\/mycapil.com\/fr\/#\/schema\/logo\/image\/"}},{"@type":"Person","@id":"https:\/\/mycapil.com\/fr\/#\/schema\/person\/5da5c6048b6d0adebe7b1701704f0540","name":"Alvaro","image":{"@type":"ImageObject","inLanguage":"fr","@id":"https:\/\/mycapil.com\/fr\/#\/schema\/person\/image\/","url":"https:\/\/secure.gravatar.com\/avatar\/283e5bb123086982d3279e03df9302c3256a81cc885b55728e9d4e5e3f5f1fb1?s=96&d=mm&r=g","contentUrl":"https:\/\/secure.gravatar.com\/avatar\/283e5bb123086982d3279e03df9302c3256a81cc885b55728e9d4e5e3f5f1fb1?s=96&d=mm&r=g","caption":"Alvaro"}}]}},"_links":{"self":[{"href":"https:\/\/mycapil.com\/fr\/wp-json\/wp\/v2\/posts\/16361","targetHints":{"allow":["GET"]}}],"collection":[{"href":"https:\/\/mycapil.com\/fr\/wp-json\/wp\/v2\/posts"}],"about":[{"href":"https:\/\/mycapil.com\/fr\/wp-json\/wp\/v2\/types\/post"}],"author":[{"embeddable":true,"href":"https:\/\/mycapil.com\/fr\/wp-json\/wp\/v2\/users\/14"}],"replies":[{"embeddable":true,"href":"https:\/\/mycapil.com\/fr\/wp-json\/wp\/v2\/comments?post=16361"}],"version-history":[{"count":1,"href":"https:\/\/mycapil.com\/fr\/wp-json\/wp\/v2\/posts\/16361\/revisions"}],"predecessor-version":[{"id":16372,"href":"https:\/\/mycapil.com\/fr\/wp-json\/wp\/v2\/posts\/16361\/revisions\/16372"}],"wp:featuredmedia":[{"embeddable":true,"href":"https:\/\/mycapil.com\/fr\/wp-json\/wp\/v2\/media\/16367"}],"wp:attachment":[{"href":"https:\/\/mycapil.com\/fr\/wp-json\/wp\/v2\/media?parent=16361"}],"wp:term":[{"taxonomy":"category","embeddable":true,"href":"https:\/\/mycapil.com\/fr\/wp-json\/wp\/v2\/categories?post=16361"},{"taxonomy":"post_tag","embeddable":true,"href":"https:\/\/mycapil.com\/fr\/wp-json\/wp\/v2\/tags?post=16361"}],"curies":[{"name":"wp","href":"https:\/\/api.w.org\/{rel}","templated":true}]}}