{"id":16509,"date":"2023-09-11T10:00:33","date_gmt":"2023-09-11T14:00:33","guid":{"rendered":"https:\/\/mycapil.com\/?p=16509"},"modified":"2023-08-31T13:19:14","modified_gmt":"2023-08-31T17:19:14","slug":"calendrier-lunaire-affecte-croissance-cheveux","status":"publish","type":"post","link":"https:\/\/mycapil.com\/fr\/calendrier-lunaire-affecte-croissance-cheveux\/","title":{"rendered":"Comment le calendrier lunaire affecte-t-il la croissance des cheveux ?"},"content":{"rendered":"<p><span style=\"font-weight: 400\">Dans l&#8217;Antiquit\u00e9, le soleil et la lune \u00e9taient les seuls outils permettant de mesurer le temps qui passe. C&#8217;est pourquoi le calendrier lunaire fait partie des croyances qui influencent la sant\u00e9 et le comportement des gens. C&#8217;est le cas notamment de l&#8217;influence du calendrier lunaire sur la pousse des cheveux. En effet, de nombreuses personnes affirment que leurs cheveux poussent plus longtemps ou sont en meilleure sant\u00e9 pendant certaines phases de la lune. C&#8217;est pourquoi elles choisissent le bon moment pour vous en parler.<\/span><\/p>\n<p><span style=\"font-weight: 400\">Dans cet article, nous r\u00e9pondrons \u00e0 une s\u00e9rie de questions telles que : Quelle est la v\u00e9rit\u00e9 sur l&#8217;influence de la lune sur la quantit\u00e9 et la mani\u00e8re dont nos cheveux poussent ? Y a-t-il une v\u00e9rit\u00e9 ou s&#8217;agit-il simplement d&#8217;un mythe ?\u00a0<\/span><\/p>\n<h2><span style=\"font-weight: 400\">Mythes et v\u00e9rit\u00e9s sur l&#8217;influence de la lune sur la croissance des cheveux<\/span><\/h2>\n<p><span style=\"font-weight: 400\">De nombreux mythes entourent la croissance des <a href=\"https:\/\/mycapil.com\/fr\/pourquoi-y-a-t-il-une-inflammation-apres-la-greffe-de-cheveux\/\">cheveux<\/a> et sa relation avec la lune. L&#8217;un des plus r\u00e9pandus est que si vous coupez vos cheveux pendant la phase de pleine lune, ils poussent plus vite, ce qui explique que ce soit le moment recommand\u00e9 pour agir sur les cheveux ab\u00eem\u00e9s. Selon la culture populaire, c&#8217;est le moment de faire pousser des cheveux plus sains et plus forts. Un autre mythe est que si vous le faites pendant la phase d\u00e9croissante de la lune, la croissance des cheveux sera plus lente.<\/span><\/p>\n<p><span style=\"font-weight: 400\">En r\u00e9alit\u00e9, aucune preuve scientifique ne vient \u00e9tayer ces croyances. Les cycles lunaires n&#8217;ont pas d&#8217;incidence directe sur la croissance des cheveux, qui augmentent d&#8217;environ un demi-centim\u00e8tre \u00e0 un centim\u00e8tre par mois, quelle que soit la phase de la lune. En revanche, la lune peut influer sur certaines de nos fonctions biologiques, comme le cycle menstruel ou les habitudes de sommeil. Toute perturbation de l&#8217;un de ces sens peut se r\u00e9percuter sur la sant\u00e9 des cheveux. N&#8217;oublions pas que les probl\u00e8mes hormonaux affectent grandement nos cheveux, de m\u00eame que nos habitudes quotidiennes, y compris le sommeil.<\/span><\/p>\n<p><span style=\"font-weight: 400\">Il est possible que, comme la lune influence le temps, les cheveux soient plus hydrat\u00e9s et plus doux pendant les phases o\u00f9 l&#8217;humidit\u00e9 de l&#8217;atmosph\u00e8re est plus importante. Mais cela n&#8217;aura aucune incidence sur la rapidit\u00e9 ou la lenteur de la pousse.<\/span><\/p>\n<h2><span style=\"font-weight: 400\">De quoi d\u00e9pend la croissance des cheveux ?<\/span><\/h2>\n<p><span style=\"font-weight: 400\">La lune n&#8217;\u00e9tant pas un alli\u00e9 pour stimuler la croissance des cheveux, il ne reste plus que des preuves scientifiques : la g\u00e9n\u00e9tique, les hormones et l&#8217;\u00e2ge sont les v\u00e9ritables responsables de la sant\u00e9 de nos cheveux. Le r\u00e9gime alimentaire joue \u00e9galement un r\u00f4le important : la biotine, les vitamines A, C et E, le fer et le zinc font partie des nutriments qui ne doivent pas manquer dans notre vie quotidienne. Il ne fait aucun doute qu&#8217;une alimentation saine et \u00e9quilibr\u00e9e est b\u00e9n\u00e9fique pour notre sant\u00e9 g\u00e9n\u00e9rale, ce qui se refl\u00e8te dans l&#8217;\u00e9tat de notre cuir chevelu et de nos cheveux.<\/span><\/p>\n<p><span style=\"font-weight: 400\">Les habitudes quotidiennes et les soins capillaires peuvent faire la diff\u00e9rence entre des cheveux sains, qui poussent fort et \u00e0 un bon rythme, et des cheveux faibles et fragiles. Il convient \u00e9galement d&#8217;\u00e9viter une exposition excessive au soleil, de prot\u00e9ger les cheveux du froid, du vent et de l&#8217;humidit\u00e9, de ne pas utiliser d&#8217;instruments agressifs ou de temp\u00e9ratures \u00e9lev\u00e9es, d&#8217;\u00eatre prudent lorsque l&#8217;on se coiffe ou que l&#8217;on porte des chapeaux et des casques, et de toujours utiliser des produits capillaires.<\/span><\/p>\n<p><img loading=\"lazy\" decoding=\"async\" class=\"aligncenter wp-image-16510 size-full\" src=\"https:\/\/mycapil.com\/wp-content\/uploads\/2023\/08\/croissance-des-cheveux.jpg\" alt=\"Dans l'Antiquit\u00e9, le soleil et la lune \u00e9taient les seuls outils permettant de mesurer le temps qui passe. C'est pourquoi le calendrier lunaire fait partie des croyances qui influencent la sant\u00e9 et le comportement des gens.\" width=\"600\" height=\"400\" srcset=\"https:\/\/mycapil.com\/wp-content\/uploads\/2023\/08\/croissance-des-cheveux.jpg 600w, https:\/\/mycapil.com\/wp-content\/uploads\/2023\/08\/croissance-des-cheveux-300x200.jpg 300w, https:\/\/mycapil.com\/wp-content\/uploads\/2023\/08\/croissance-des-cheveux-150x100.jpg 150w\" sizes=\"auto, (max-width: 600px) 100vw, 600px\" \/><\/p>\n<p><span style=\"font-weight: 400\">La g\u00e9n\u00e9tique et les hormones ont beaucoup \u00e0 voir avec l&#8217;\u00e9volution de nos cheveux. Chaque personne est g\u00e9n\u00e9tiquement unique, avec une capacit\u00e9 sp\u00e9cifique \u00e0 produire des hormones et \u00e0 les faire fonctionner. C&#8217;est pourquoi l&#8217;influence hormonale chez les femmes est g\u00e9n\u00e9ralement l&#8217;une des principales causes de l&#8217;alop\u00e9cie f\u00e9minine, avec la composante g\u00e9n\u00e9tique, qui est \u00e9galement \u00e0 l&#8217;origine de l&#8217;alop\u00e9cie androg\u00e9n\u00e9tique, tr\u00e8s courante. Il ne fait aucun doute que notre pr\u00e9disposition sera d\u00e9terminante pour savoir si nous souffrirons de calvitie ou si, au contraire, nous jouirons d&#8217;une crini\u00e8re pleine et saine tout au long de notre vie.\u00a0<\/span><\/p>\n<p><span style=\"font-weight: 400\">Le cycle lunaire peut provoquer des alt\u00e9rations de l&#8217;une des trois hormones : testost\u00e9rone, \u0153strog\u00e8ne et DHT, qui sont responsables de la croissance des cheveux, et si leur \u00e9quilibre est perturb\u00e9, les cheveux s&#8217;affaiblissent.<\/span><\/p>\n<h2><span style=\"font-weight: 400\">Autres raisons d&#8217;une mauvaise sant\u00e9 capillaire<\/span><\/h2>\n<p><span style=\"font-weight: 400\">D&#8217;autre part, certaines maladies peuvent entraver la croissance correcte des cheveux et m\u00eame provoquer leur chute. C&#8217;est le cas des probl\u00e8mes de thyro\u00efde qui provoquent l&#8217;alop\u00e9cie areata. D&#8217;autres maladies comme le diab\u00e8te, le lupus, la teigne ou la trichotillomanie ont une forte influence sur la sant\u00e9 de nos cheveux, ce que le calendrier lunaire ne fait \u00e9videmment pas.<\/span><\/p>\n<p><span style=\"font-weight: 400\">De m\u00eame, certains m\u00e9dicaments contre la d\u00e9pression, le cancer, l&#8217;arthrite, les probl\u00e8mes cardiaques, la tension art\u00e9rielle ou la goutte peuvent d\u00e9clencher la chute des cheveux, tout comme les traitements de radioth\u00e9rapie de la t\u00eate ou la chimioth\u00e9rapie. La croissance des cheveux peut \u00e9galement \u00eatre influenc\u00e9e par des traumatismes physiques ou \u00e9motionnels. \u00c0 cet \u00e9gard, il convient de souligner le r\u00f4le du stress dans la sant\u00e9 des cheveux : il peut \u00eatre \u00e0 l&#8217;origine d&#8217;une chute marqu\u00e9e des cheveux et de leur affaiblissement. C&#8217;est ce que l&#8217;on appelle l&#8217;effluvium t\u00e9log\u00e8ne, qui dispara\u00eet lorsque le facteur de stress est \u00e9limin\u00e9.<\/span><\/p>\n<p><span style=\"font-weight: 400\">En r\u00e9sum\u00e9, le calendrier lunaire n&#8217;a pas d&#8217;effet direct sur la croissance des cheveux. Les mythes qui se sont r\u00e9pandus au fil du temps sur la relation entre la lune et la pousse des cheveux ne correspondent \u00e0 aucune \u00e9tude scientifique. C&#8217;est pourquoi il faut savoir que les cheveux poussent en moyenne d&#8217;un demi-centim\u00e8tre \u00e0 un centim\u00e8tre par mois, quelle que soit la phase lunaire dans laquelle nous nous trouvons.\u00a0<\/span><\/p>\n<p><span style=\"font-weight: 400\">Si vous souhaitez stimuler la croissance de cheveux forts et sains, il est pr\u00e9f\u00e9rable de soigner votre alimentation, de mener une vie active et saine et d&#8217;\u00e9liminer autant que possible l&#8217;alcool et le tabac. En outre, les traitements capillaires tels que la m\u00e9soth\u00e9rapie ou la photobiomodulation sont tr\u00e8s utiles pour am\u00e9liorer la sant\u00e9 g\u00e9n\u00e9rale de vos cheveux, surtout si vous les combinez. Si vous avez des doutes ou si vous avez remarqu\u00e9 des changements dans vos cheveux, nous les r\u00e9soudrons lors de notre consultation de dermatologie capillaire.<\/span><\/p>\n<p>&nbsp;<\/p>\n","protected":false},"excerpt":{"rendered":"<p>Dans l&#8217;Antiquit\u00e9, le soleil et la lune \u00e9taient les seuls outils permettant de mesurer le temps qui passe. C&#8217;est pourquoi le calendrier lunaire fait partie des croyances qui influencent la sant\u00e9 et le comportement des gens. C&#8217;est le cas notamment de l&#8217;influence du calendrier lunaire sur la pousse des cheveux. En effet, de nombreuses personnes [&hellip;]<\/p>\n","protected":false},"author":14,"featured_media":16515,"comment_status":"open","ping_status":"open","sticky":false,"template":"","format":"standard","meta":{"footnotes":""},"categories":[3],"tags":[],"class_list":{"0":"post-16509","1":"post","2":"type-post","3":"status-publish","4":"format-standard","5":"has-post-thumbnail","7":"category-nouvelles"},"yoast_head":"<!-- This site is optimized with the Yoast SEO plugin v25.9 - https:\/\/yoast.com\/wordpress\/plugins\/seo\/ -->\n<title>Comment le calendrier lunaire affecte-t-il la croissance des cheveux ? - MyCapil \u2714\ufe0f<\/title>\n<meta name=\"description\" content=\"Dans cet article, nous parlerons de Comment le calendrier lunaire affecte-t-il la croissance des cheveux ? . Visitez notre blog\" \/>\n<meta name=\"robots\" content=\"index, follow, max-snippet:-1, max-image-preview:large, max-video-preview:-1\" \/>\n<link rel=\"canonical\" href=\"https:\/\/mycapil.com\/fr\/calendrier-lunaire-affecte-croissance-cheveux\/\" \/>\n<meta property=\"og:locale\" content=\"fr_FR\" \/>\n<meta property=\"og:type\" content=\"article\" \/>\n<meta property=\"og:title\" content=\"Comment le calendrier lunaire affecte-t-il la croissance des cheveux ? - MyCapil \u2714\ufe0f\" \/>\n<meta property=\"og:description\" content=\"Dans cet article, nous parlerons de Comment le calendrier lunaire affecte-t-il la croissance des cheveux ? . Visitez notre blog\" \/>\n<meta property=\"og:url\" content=\"https:\/\/mycapil.com\/fr\/calendrier-lunaire-affecte-croissance-cheveux\/\" \/>\n<meta property=\"og:site_name\" content=\"MyCapil\" \/>\n<meta property=\"article:published_time\" content=\"2023-09-11T14:00:33+00:00\" \/>\n<meta property=\"og:image\" content=\"https:\/\/mycapil.com\/wp-content\/uploads\/2023\/08\/croissance-cheveux.jpg\" \/>\n\t<meta property=\"og:image:width\" content=\"600\" \/>\n\t<meta property=\"og:image:height\" content=\"400\" \/>\n\t<meta property=\"og:image:type\" content=\"image\/jpeg\" \/>\n<meta name=\"author\" content=\"Alvaro\" \/>\n<meta name=\"twitter:card\" content=\"summary_large_image\" \/>\n<meta name=\"twitter:label1\" content=\"Written by\" \/>\n\t<meta name=\"twitter:data1\" content=\"Alvaro\" \/>\n\t<meta name=\"twitter:label2\" content=\"Est. reading time\" \/>\n\t<meta name=\"twitter:data2\" content=\"5 minutes\" \/>\n<script type=\"application\/ld+json\" class=\"yoast-schema-graph\">{\"@context\":\"https:\/\/schema.org\",\"@graph\":[{\"@type\":\"Article\",\"@id\":\"https:\/\/mycapil.com\/fr\/calendrier-lunaire-affecte-croissance-cheveux\/#article\",\"isPartOf\":{\"@id\":\"https:\/\/mycapil.com\/fr\/calendrier-lunaire-affecte-croissance-cheveux\/\"},\"author\":{\"name\":\"Alvaro\",\"@id\":\"https:\/\/mycapil.com\/fr\/#\/schema\/person\/5da5c6048b6d0adebe7b1701704f0540\"},\"headline\":\"Comment le calendrier lunaire affecte-t-il la croissance des cheveux ?\",\"datePublished\":\"2023-09-11T14:00:33+00:00\",\"mainEntityOfPage\":{\"@id\":\"https:\/\/mycapil.com\/fr\/calendrier-lunaire-affecte-croissance-cheveux\/\"},\"wordCount\":1095,\"commentCount\":0,\"publisher\":{\"@id\":\"https:\/\/mycapil.com\/fr\/#organization\"},\"image\":{\"@id\":\"https:\/\/mycapil.com\/fr\/calendrier-lunaire-affecte-croissance-cheveux\/#primaryimage\"},\"thumbnailUrl\":\"https:\/\/mycapil.com\/wp-content\/uploads\/2023\/08\/croissance-cheveux.jpg\",\"articleSection\":[\"Nouvelles\"],\"inLanguage\":\"fr\",\"potentialAction\":[{\"@type\":\"CommentAction\",\"name\":\"Comment\",\"target\":[\"https:\/\/mycapil.com\/fr\/calendrier-lunaire-affecte-croissance-cheveux\/#respond\"]}]},{\"@type\":\"WebPage\",\"@id\":\"https:\/\/mycapil.com\/fr\/calendrier-lunaire-affecte-croissance-cheveux\/\",\"url\":\"https:\/\/mycapil.com\/fr\/calendrier-lunaire-affecte-croissance-cheveux\/\",\"name\":\"Comment le calendrier lunaire affecte-t-il la croissance des cheveux ? - MyCapil \u2714\ufe0f\",\"isPartOf\":{\"@id\":\"https:\/\/mycapil.com\/fr\/#website\"},\"primaryImageOfPage\":{\"@id\":\"https:\/\/mycapil.com\/fr\/calendrier-lunaire-affecte-croissance-cheveux\/#primaryimage\"},\"image\":{\"@id\":\"https:\/\/mycapil.com\/fr\/calendrier-lunaire-affecte-croissance-cheveux\/#primaryimage\"},\"thumbnailUrl\":\"https:\/\/mycapil.com\/wp-content\/uploads\/2023\/08\/croissance-cheveux.jpg\",\"datePublished\":\"2023-09-11T14:00:33+00:00\",\"description\":\"Dans cet article, nous parlerons de Comment le calendrier lunaire affecte-t-il la croissance des cheveux ? . Visitez notre blog\",\"breadcrumb\":{\"@id\":\"https:\/\/mycapil.com\/fr\/calendrier-lunaire-affecte-croissance-cheveux\/#breadcrumb\"},\"inLanguage\":\"fr\",\"potentialAction\":[{\"@type\":\"ReadAction\",\"target\":[\"https:\/\/mycapil.com\/fr\/calendrier-lunaire-affecte-croissance-cheveux\/\"]}]},{\"@type\":\"ImageObject\",\"inLanguage\":\"fr\",\"@id\":\"https:\/\/mycapil.com\/fr\/calendrier-lunaire-affecte-croissance-cheveux\/#primaryimage\",\"url\":\"https:\/\/mycapil.com\/wp-content\/uploads\/2023\/08\/croissance-cheveux.jpg\",\"contentUrl\":\"https:\/\/mycapil.com\/wp-content\/uploads\/2023\/08\/croissance-cheveux.jpg\",\"width\":600,\"height\":400},{\"@type\":\"BreadcrumbList\",\"@id\":\"https:\/\/mycapil.com\/fr\/calendrier-lunaire-affecte-croissance-cheveux\/#breadcrumb\",\"itemListElement\":[{\"@type\":\"ListItem\",\"position\":1,\"name\":\"Accueil\",\"item\":\"https:\/\/mycapil.com\/fr\/\"},{\"@type\":\"ListItem\",\"position\":2,\"name\":\"Comment le calendrier lunaire affecte-t-il la croissance des cheveux ?\"}]},{\"@type\":\"WebSite\",\"@id\":\"https:\/\/mycapil.com\/fr\/#website\",\"url\":\"https:\/\/mycapil.com\/fr\/\",\"name\":\"MyCapil\",\"description\":\"Alop\u00e9cie, Chute de cheveux, capillaire\",\"publisher\":{\"@id\":\"https:\/\/mycapil.com\/fr\/#organization\"},\"potentialAction\":[{\"@type\":\"SearchAction\",\"target\":{\"@type\":\"EntryPoint\",\"urlTemplate\":\"https:\/\/mycapil.com\/fr\/?s={search_term_string}\"},\"query-input\":{\"@type\":\"PropertyValueSpecification\",\"valueRequired\":true,\"valueName\":\"search_term_string\"}}],\"inLanguage\":\"fr\"},{\"@type\":\"Organization\",\"@id\":\"https:\/\/mycapil.com\/fr\/#organization\",\"name\":\"MyCapil\",\"url\":\"https:\/\/mycapil.com\/fr\/\",\"logo\":{\"@type\":\"ImageObject\",\"inLanguage\":\"fr\",\"@id\":\"https:\/\/mycapil.com\/fr\/#\/schema\/logo\/image\/\",\"url\":\"https:\/\/mycapil.com\/wp-content\/uploads\/2020\/02\/Mycapil3.png\",\"contentUrl\":\"https:\/\/mycapil.com\/wp-content\/uploads\/2020\/02\/Mycapil3.png\",\"width\":339,\"height\":113,\"caption\":\"MyCapil\"},\"image\":{\"@id\":\"https:\/\/mycapil.com\/fr\/#\/schema\/logo\/image\/\"}},{\"@type\":\"Person\",\"@id\":\"https:\/\/mycapil.com\/fr\/#\/schema\/person\/5da5c6048b6d0adebe7b1701704f0540\",\"name\":\"Alvaro\",\"image\":{\"@type\":\"ImageObject\",\"inLanguage\":\"fr\",\"@id\":\"https:\/\/mycapil.com\/fr\/#\/schema\/person\/image\/\",\"url\":\"https:\/\/secure.gravatar.com\/avatar\/283e5bb123086982d3279e03df9302c3256a81cc885b55728e9d4e5e3f5f1fb1?s=96&d=mm&r=g\",\"contentUrl\":\"https:\/\/secure.gravatar.com\/avatar\/283e5bb123086982d3279e03df9302c3256a81cc885b55728e9d4e5e3f5f1fb1?s=96&d=mm&r=g\",\"caption\":\"Alvaro\"}}]}<\/script>\n<!-- \/ Yoast SEO plugin. -->","yoast_head_json":{"title":"Comment le calendrier lunaire affecte-t-il la croissance des cheveux ? - MyCapil \u2714\ufe0f","description":"Dans cet article, nous parlerons de Comment le calendrier lunaire affecte-t-il la croissance des cheveux ? . Visitez notre blog","robots":{"index":"index","follow":"follow","max-snippet":"max-snippet:-1","max-image-preview":"max-image-preview:large","max-video-preview":"max-video-preview:-1"},"canonical":"https:\/\/mycapil.com\/fr\/calendrier-lunaire-affecte-croissance-cheveux\/","og_locale":"fr_FR","og_type":"article","og_title":"Comment le calendrier lunaire affecte-t-il la croissance des cheveux ? - MyCapil \u2714\ufe0f","og_description":"Dans cet article, nous parlerons de Comment le calendrier lunaire affecte-t-il la croissance des cheveux ? . Visitez notre blog","og_url":"https:\/\/mycapil.com\/fr\/calendrier-lunaire-affecte-croissance-cheveux\/","og_site_name":"MyCapil","article_published_time":"2023-09-11T14:00:33+00:00","og_image":[{"width":600,"height":400,"url":"https:\/\/mycapil.com\/wp-content\/uploads\/2023\/08\/croissance-cheveux.jpg","type":"image\/jpeg"}],"author":"Alvaro","twitter_card":"summary_large_image","twitter_misc":{"Written by":"Alvaro","Est. reading time":"5 minutes"},"schema":{"@context":"https:\/\/schema.org","@graph":[{"@type":"Article","@id":"https:\/\/mycapil.com\/fr\/calendrier-lunaire-affecte-croissance-cheveux\/#article","isPartOf":{"@id":"https:\/\/mycapil.com\/fr\/calendrier-lunaire-affecte-croissance-cheveux\/"},"author":{"name":"Alvaro","@id":"https:\/\/mycapil.com\/fr\/#\/schema\/person\/5da5c6048b6d0adebe7b1701704f0540"},"headline":"Comment le calendrier lunaire affecte-t-il la croissance des cheveux ?","datePublished":"2023-09-11T14:00:33+00:00","mainEntityOfPage":{"@id":"https:\/\/mycapil.com\/fr\/calendrier-lunaire-affecte-croissance-cheveux\/"},"wordCount":1095,"commentCount":0,"publisher":{"@id":"https:\/\/mycapil.com\/fr\/#organization"},"image":{"@id":"https:\/\/mycapil.com\/fr\/calendrier-lunaire-affecte-croissance-cheveux\/#primaryimage"},"thumbnailUrl":"https:\/\/mycapil.com\/wp-content\/uploads\/2023\/08\/croissance-cheveux.jpg","articleSection":["Nouvelles"],"inLanguage":"fr","potentialAction":[{"@type":"CommentAction","name":"Comment","target":["https:\/\/mycapil.com\/fr\/calendrier-lunaire-affecte-croissance-cheveux\/#respond"]}]},{"@type":"WebPage","@id":"https:\/\/mycapil.com\/fr\/calendrier-lunaire-affecte-croissance-cheveux\/","url":"https:\/\/mycapil.com\/fr\/calendrier-lunaire-affecte-croissance-cheveux\/","name":"Comment le calendrier lunaire affecte-t-il la croissance des cheveux ? - MyCapil \u2714\ufe0f","isPartOf":{"@id":"https:\/\/mycapil.com\/fr\/#website"},"primaryImageOfPage":{"@id":"https:\/\/mycapil.com\/fr\/calendrier-lunaire-affecte-croissance-cheveux\/#primaryimage"},"image":{"@id":"https:\/\/mycapil.com\/fr\/calendrier-lunaire-affecte-croissance-cheveux\/#primaryimage"},"thumbnailUrl":"https:\/\/mycapil.com\/wp-content\/uploads\/2023\/08\/croissance-cheveux.jpg","datePublished":"2023-09-11T14:00:33+00:00","description":"Dans cet article, nous parlerons de Comment le calendrier lunaire affecte-t-il la croissance des cheveux ? . Visitez notre blog","breadcrumb":{"@id":"https:\/\/mycapil.com\/fr\/calendrier-lunaire-affecte-croissance-cheveux\/#breadcrumb"},"inLanguage":"fr","potentialAction":[{"@type":"ReadAction","target":["https:\/\/mycapil.com\/fr\/calendrier-lunaire-affecte-croissance-cheveux\/"]}]},{"@type":"ImageObject","inLanguage":"fr","@id":"https:\/\/mycapil.com\/fr\/calendrier-lunaire-affecte-croissance-cheveux\/#primaryimage","url":"https:\/\/mycapil.com\/wp-content\/uploads\/2023\/08\/croissance-cheveux.jpg","contentUrl":"https:\/\/mycapil.com\/wp-content\/uploads\/2023\/08\/croissance-cheveux.jpg","width":600,"height":400},{"@type":"BreadcrumbList","@id":"https:\/\/mycapil.com\/fr\/calendrier-lunaire-affecte-croissance-cheveux\/#breadcrumb","itemListElement":[{"@type":"ListItem","position":1,"name":"Accueil","item":"https:\/\/mycapil.com\/fr\/"},{"@type":"ListItem","position":2,"name":"Comment le calendrier lunaire affecte-t-il la croissance des cheveux ?"}]},{"@type":"WebSite","@id":"https:\/\/mycapil.com\/fr\/#website","url":"https:\/\/mycapil.com\/fr\/","name":"MyCapil","description":"Alop\u00e9cie, Chute de cheveux, capillaire","publisher":{"@id":"https:\/\/mycapil.com\/fr\/#organization"},"potentialAction":[{"@type":"SearchAction","target":{"@type":"EntryPoint","urlTemplate":"https:\/\/mycapil.com\/fr\/?s={search_term_string}"},"query-input":{"@type":"PropertyValueSpecification","valueRequired":true,"valueName":"search_term_string"}}],"inLanguage":"fr"},{"@type":"Organization","@id":"https:\/\/mycapil.com\/fr\/#organization","name":"MyCapil","url":"https:\/\/mycapil.com\/fr\/","logo":{"@type":"ImageObject","inLanguage":"fr","@id":"https:\/\/mycapil.com\/fr\/#\/schema\/logo\/image\/","url":"https:\/\/mycapil.com\/wp-content\/uploads\/2020\/02\/Mycapil3.png","contentUrl":"https:\/\/mycapil.com\/wp-content\/uploads\/2020\/02\/Mycapil3.png","width":339,"height":113,"caption":"MyCapil"},"image":{"@id":"https:\/\/mycapil.com\/fr\/#\/schema\/logo\/image\/"}},{"@type":"Person","@id":"https:\/\/mycapil.com\/fr\/#\/schema\/person\/5da5c6048b6d0adebe7b1701704f0540","name":"Alvaro","image":{"@type":"ImageObject","inLanguage":"fr","@id":"https:\/\/mycapil.com\/fr\/#\/schema\/person\/image\/","url":"https:\/\/secure.gravatar.com\/avatar\/283e5bb123086982d3279e03df9302c3256a81cc885b55728e9d4e5e3f5f1fb1?s=96&d=mm&r=g","contentUrl":"https:\/\/secure.gravatar.com\/avatar\/283e5bb123086982d3279e03df9302c3256a81cc885b55728e9d4e5e3f5f1fb1?s=96&d=mm&r=g","caption":"Alvaro"}}]}},"_links":{"self":[{"href":"https:\/\/mycapil.com\/fr\/wp-json\/wp\/v2\/posts\/16509","targetHints":{"allow":["GET"]}}],"collection":[{"href":"https:\/\/mycapil.com\/fr\/wp-json\/wp\/v2\/posts"}],"about":[{"href":"https:\/\/mycapil.com\/fr\/wp-json\/wp\/v2\/types\/post"}],"author":[{"embeddable":true,"href":"https:\/\/mycapil.com\/fr\/wp-json\/wp\/v2\/users\/14"}],"replies":[{"embeddable":true,"href":"https:\/\/mycapil.com\/fr\/wp-json\/wp\/v2\/comments?post=16509"}],"version-history":[{"count":1,"href":"https:\/\/mycapil.com\/fr\/wp-json\/wp\/v2\/posts\/16509\/revisions"}],"predecessor-version":[{"id":16520,"href":"https:\/\/mycapil.com\/fr\/wp-json\/wp\/v2\/posts\/16509\/revisions\/16520"}],"wp:featuredmedia":[{"embeddable":true,"href":"https:\/\/mycapil.com\/fr\/wp-json\/wp\/v2\/media\/16515"}],"wp:attachment":[{"href":"https:\/\/mycapil.com\/fr\/wp-json\/wp\/v2\/media?parent=16509"}],"wp:term":[{"taxonomy":"category","embeddable":true,"href":"https:\/\/mycapil.com\/fr\/wp-json\/wp\/v2\/categories?post=16509"},{"taxonomy":"post_tag","embeddable":true,"href":"https:\/\/mycapil.com\/fr\/wp-json\/wp\/v2\/tags?post=16509"}],"curies":[{"name":"wp","href":"https:\/\/api.w.org\/{rel}","templated":true}]}}