{"id":6642,"date":"2022-03-08T03:50:34","date_gmt":"2022-03-08T07:50:34","guid":{"rendered":"https:\/\/mycapil.com\/?p=6642"},"modified":"2022-03-08T03:50:34","modified_gmt":"2022-03-08T07:50:34","slug":"acne-de-la-tete","status":"publish","type":"post","link":"https:\/\/mycapil.com\/fr\/acne-de-la-tete\/","title":{"rendered":"Acn\u00e9 de la t\u00eate, sympt\u00f4mes et traitements"},"content":{"rendered":"<p>L&#8217;acn\u00e9 de la t\u00eate, \u00e9galement appel\u00e9e acn\u00e9 frontale ou du cuir chevelu, a tendance \u00e0 \u00eatre plus r\u00e9pandue que les autres types d&#8217;acn\u00e9 et \u00e0 se manifester plus fr\u00e9quemment. Les formes les plus courantes d&#8217;acn\u00e9 sur la t\u00eate sont l&#8217;acn\u00e9 kystique et l&#8217;acn\u00e9 non kystique. L&#8217;acn\u00e9 du cuir chevelu est encore rare, mais avec l&#8217;utilisation accrue de produits de soins capillaires charg\u00e9s en produits chimiques, elle devient progressivement un probl\u00e8me courant chez les personnes de tous \u00e2ges. \u00c0 ce jour, elle touche environ 10 % de la population mondiale et est plus fr\u00e9quente chez les adolescents et les jeunes adultes.<\/p>\n<p>Cet article traite des sympt\u00f4mes et des traitements disponibles pour l&#8217;acn\u00e9 sur la t\u00eate.<\/p>\n<h2>Qu&#8217;est-ce que l&#8217;acn\u00e9 de la t\u00eate ?<\/h2>\n<p>L&#8217;acn\u00e9 sur la t\u00eate est principalement caus\u00e9e par des bact\u00e9ries, mais ce sont les follicules eux-m\u00eames qui entra\u00eenent sa pr\u00e9sence sur la t\u00eate. Les glandes s\u00e9bac\u00e9es inflammatoires des follicules pileux produisent des huiles qui constituent un terrain favorable aux bact\u00e9ries. Lorsque les bact\u00e9ries se multiplient dans ces zones, elles obstruent le follicule et provoquent l&#8217;acn\u00e9 sur le cuir chevelu.<\/p>\n<p>L&#8217;acn\u00e9 sur la t\u00eate peut se d\u00e9velopper n&#8217;importe o\u00f9, des c\u00f4t\u00e9s du visage vers l&#8217;avant, y compris autour du front et au-dessus du sourcil. Ce type d&#8217;acn\u00e9 peut \u00e9galement appara\u00eetre sur le nez, les joues et le menton. Si vous souffrez d&#8217;acn\u00e9 frontale, vous verrez souvent les bosses autour des sourcils, le long du front et au-dessus des yeux. Elles peuvent \u00e9galement appara\u00eetre au-dessus des paupi\u00e8res (pityriasis oculi), autour du nez et au-dessus de la bouche. Cependant, ils ont g\u00e9n\u00e9ralement tendance \u00e0 r\u00e9appara\u00eetre rapidement apr\u00e8s que vous vous soyez maquill\u00e9.<\/p>\n<h2>Sympt\u00f4mes de l&#8217;acn\u00e9 de la t\u00eate<\/h2>\n<p>Les personnes qui souffrent d&#8217;acn\u00e9 sur la t\u00eate sont souvent pr\u00e9occup\u00e9es par cette affection. Bien que leur principale pr\u00e9occupation soit l&#8217;apparence de leur peau, elles souffrent \u00e9galement d&#8217;autres probl\u00e8mes de sant\u00e9, notamment, mais sans s&#8217;y limiter :<\/p>\n<h3>Rougeur et gonflement<\/h3>\n<p>La pr\u00e9sence d&#8217;acn\u00e9 sur la t\u00eate est souvent associ\u00e9e \u00e0 des rougeurs et des gonflements de la peau. Alors que la rougeur est un signe de l&#8217;inflammation caus\u00e9e par la bact\u00e9rie, le gonflement est le signe qu&#8217;un certain nombre de vaisseaux sanguins ont \u00e9t\u00e9 d\u00e9clench\u00e9s.<\/p>\n<h3>Maux de t\u00eate<\/h3>\n<p>Bien que cette affection soit plus fr\u00e9quente chez les adultes, les adolescents et les enfants sont \u00e9galement touch\u00e9s. Lorsque ces enfants souffrent de stress, de d\u00e9s\u00e9quilibres hormonaux et d&#8217;anxi\u00e9t\u00e9, ils sont plus susceptibles de d\u00e9velopper de l&#8217;acn\u00e9 sur la t\u00eate. Cette affection est \u00e9galement connue pour augmenter le niveau de stress dans l&#8217;organisme, ce qui entra\u00eene des maux de t\u00eate plus fr\u00e9quents.<\/p>\n<h3>Plaies et infections<\/h3>\n<p>L&#8217;acn\u00e9 sur la t\u00eate peut \u00e9galement entra\u00eener des l\u00e9sions et des infections. Les glandes s\u00e9bac\u00e9es et les follicules qui jouent un r\u00f4le cl\u00e9 dans l&#8217;acn\u00e9 produisent de la sueur et du s\u00e9bum. Le s\u00e9bum produit dans cette zone contribue \u00e0 la lubrification de la peau. Cependant, les bact\u00e9ries qui vivent dans ces zones peuvent produire des toxines qui endommagent les follicules et entra\u00eenent des l\u00e9sions et des infections.<\/p>\n<p>D&#8217;autres sympt\u00f4mes de l&#8217;acn\u00e9 frontale incluent la pr\u00e9sence de points noirs et de points blancs. En cas de complications graves, elle peut entra\u00eener des probl\u00e8mes de foie ainsi que des douleurs et une d\u00e9figuration du visage.<\/p>\n<h2>Traitements de l&#8217;acn\u00e9 de la t\u00eate<\/h2>\n<p>Si les personnes souffrant d&#8217;un cas grave d&#8217;acn\u00e9 sur la t\u00eate doivent demander l&#8217;aide d&#8217;un m\u00e9decin, celles qui ont un cas plus b\u00e9nin peuvent \u00e9galement opter pour des rem\u00e8des maison. Les traitements de l&#8217;acn\u00e9 de la t\u00eate sont les suivants :<\/p>\n<h3>Utilisation d&#8217;antibiotiques et de savons antiseptiques<\/h3>\n<p>Si un antibiotique topique peut \u00eatre utilis\u00e9 pour traiter l&#8217;acn\u00e9 sur la t\u00eate, il est d\u00e9conseill\u00e9 d&#8217;utiliser d&#8217;autres produits en vente libre pour traiter cette affection. Les antibiotiques \u00e0 large spectre, comme l&#8217;\u00e9rythromycine ou la t\u00e9tracycline, sont souvent utilis\u00e9s pour traiter l&#8217;acn\u00e9. Ces types d&#8217;antibiotiques ont l&#8217;avantage suppl\u00e9mentaire de tuer les bact\u00e9ries responsables de l&#8217;acn\u00e9. L&#8217;antibiotique est associ\u00e9 \u00e0 un anti-inflammatoire pour aider \u00e0 pr\u00e9venir l&#8217;inflammation et emp\u00eacher les bact\u00e9ries de revenir apr\u00e8s le traitement.<\/p>\n<p>Les savons antibiotiques doivent \u00eatre utilis\u00e9s avec prudence lorsque vous avez de l&#8217;acn\u00e9 sur la t\u00eate, car ils peuvent entra\u00eener des infections graves. Si le savon antibiotique peut \u00eatre utilis\u00e9 pour nettoyer la zone affect\u00e9e, il faut utiliser un savon doux pour laver la zone sans la rincer. La peau \u00e9tant sensible et sujette aux irritations, elle doit \u00eatre manipul\u00e9e avec le plus grand soin.<\/p>\n<h3>Rem\u00e8des naturels \u00e0 domicile<\/h3>\n<p>Lorsque l&#8217;acn\u00e9 sur la t\u00eate est l\u00e9g\u00e8re, les rem\u00e8des maison tels que l&#8217;utilisation de yaourt et d&#8217;herbes sont consid\u00e9r\u00e9s comme une bonne option de traitement. Voici quelques-uns de ces rem\u00e8des maison :<\/p>\n<h3>Le vinaigre de cidre de pomme<\/h3>\n<p>Le vinaigre de cidre de pomme est l&#8217;un des rem\u00e8des naturels les plus couramment utilis\u00e9s contre l&#8217;acn\u00e9 de la t\u00eate. Un certain nombre d&#8217;\u00e9tudes ont montr\u00e9 qu&#8217;il est efficace pour traiter l&#8217;acn\u00e9 sur la t\u00eate, et c&#8217;est un agent exfoliant naturel. Vous pouvez \u00e9galement utiliser le vinaigre de cidre pour \u00e9liminer les imperfections du visage et rendre votre peau propre.<\/p>\n<h3>Citron<\/h3>\n<p>Comme le citron est \u00e9galement consid\u00e9r\u00e9 comme un rem\u00e8de naturel contre l&#8217;acn\u00e9, il est souvent utilis\u00e9 pour traiter les probl\u00e8mes de peau. Le citron contient de l&#8217;acide citrique et de la vitamine C, qui peuvent aider \u00e0 traiter l&#8217;acn\u00e9 sur la t\u00eate. Il est \u00e9galement couramment utilis\u00e9 pour nettoyer la zone et constitue un bon agent exfoliant. Pour faire un masque exfoliant simple pour votre visage et vos cheveux, vous pouvez l&#8217;ajouter \u00e0 de l&#8217;eau chaude.<\/p>\n<h3>L&#8217;ail<\/h3>\n<p>L&#8217;ail est un autre rem\u00e8de maison efficace contre l&#8217;acn\u00e9 de la t\u00eate. Il aide \u00e0 nettoyer la zone et \u00e0 contr\u00f4ler les bact\u00e9ries, r\u00e9duisant ainsi l&#8217;apparition de l&#8217;acn\u00e9 sur le visage. Il permet \u00e9galement un rajeunissement naturel de la peau.<\/p>\n<h3>Miel<\/h3>\n<p>Le miel peut \u00e9galement \u00eatre utilis\u00e9 pour faire une compresse. Il est efficace pour r\u00e9duire l&#8217;inflammation caus\u00e9e par l&#8217;acn\u00e9 sur la t\u00eate. Ajoutez une cuill\u00e8re \u00e0 soupe de miel brut \u00e0 une tasse d&#8217;eau chaude et faites une p\u00e2te \u00e9paisse. Ensuite, appliquez-la sur la zone affect\u00e9e pendant 10 minutes et utilisez une compresse propre pour enlever la p\u00e2te.<\/p>\n<p>L&#8217;acn\u00e9 sur la t\u00eate peut \u00eatre difficile \u00e0 g\u00e9rer, mais vous pouvez vous en d\u00e9barrasser gr\u00e2ce \u00e0 des m\u00e9thodes simples comme faire une pause dans le stress, hydrater votre corps, vous d\u00e9barrasser de l&#8217;exc\u00e8s de m\u00e9dicaments et utiliser des rem\u00e8des maison simples pour la traiter.<\/p>\n","protected":false},"excerpt":{"rendered":"<p>L&#8217;acn\u00e9 de la t\u00eate, \u00e9galement appel\u00e9e acn\u00e9 frontale ou du cuir chevelu, a tendance \u00e0 \u00eatre plus r\u00e9pandue que les autres types d&#8217;acn\u00e9 et \u00e0 se manifester plus fr\u00e9quemment. Les formes les plus courantes d&#8217;acn\u00e9 sur la t\u00eate sont l&#8217;acn\u00e9 kystique et l&#8217;acn\u00e9 non kystique. L&#8217;acn\u00e9 du cuir chevelu est encore rare, mais avec l&#8217;utilisation [&hellip;]<\/p>\n","protected":false},"author":2,"featured_media":6643,"comment_status":"open","ping_status":"open","sticky":false,"template":"","format":"standard","meta":{"footnotes":""},"categories":[64],"tags":[],"class_list":{"0":"post-6642","1":"post","2":"type-post","3":"status-publish","4":"format-standard","5":"has-post-thumbnail","7":"category-perte-de-cheveux"},"yoast_head":"<!-- This site is optimized with the Yoast SEO plugin v25.9 - https:\/\/yoast.com\/wordpress\/plugins\/seo\/ -->\n<title>Acn\u00e9 de la t\u00eate, sympt\u00f4mes et traitements - MyCapil \u2714\ufe0f<\/title>\n<meta name=\"description\" content=\"Dans cet article, nous parlerons de Acn\u00e9 de la t\u00eate, sympt\u00f4mes et traitements . Visitez notre blog\" \/>\n<meta name=\"robots\" content=\"index, follow, max-snippet:-1, max-image-preview:large, max-video-preview:-1\" \/>\n<link rel=\"canonical\" href=\"https:\/\/mycapil.com\/fr\/acne-de-la-tete\/\" \/>\n<meta property=\"og:locale\" content=\"fr_FR\" \/>\n<meta property=\"og:type\" content=\"article\" \/>\n<meta property=\"og:title\" content=\"Acn\u00e9 de la t\u00eate, sympt\u00f4mes et traitements - MyCapil \u2714\ufe0f\" \/>\n<meta property=\"og:description\" content=\"Dans cet article, nous parlerons de Acn\u00e9 de la t\u00eate, sympt\u00f4mes et traitements . Visitez notre blog\" \/>\n<meta property=\"og:url\" content=\"https:\/\/mycapil.com\/fr\/acne-de-la-tete\/\" \/>\n<meta property=\"og:site_name\" content=\"MyCapil\" \/>\n<meta property=\"article:published_time\" content=\"2022-03-08T07:50:34+00:00\" \/>\n<meta property=\"og:image\" content=\"https:\/\/mycapil.com\/wp-content\/uploads\/2022\/03\/acne-tete.jpg\" \/>\n\t<meta property=\"og:image:width\" content=\"555\" \/>\n\t<meta property=\"og:image:height\" content=\"370\" \/>\n\t<meta property=\"og:image:type\" content=\"image\/jpeg\" \/>\n<meta name=\"author\" content=\"MyCapil\" \/>\n<meta name=\"twitter:card\" content=\"summary_large_image\" \/>\n<meta name=\"twitter:label1\" content=\"Written by\" \/>\n\t<meta name=\"twitter:data1\" content=\"MyCapil\" \/>\n\t<meta name=\"twitter:label2\" content=\"Est. reading time\" \/>\n\t<meta name=\"twitter:data2\" content=\"5 minutes\" \/>\n<script type=\"application\/ld+json\" class=\"yoast-schema-graph\">{\"@context\":\"https:\/\/schema.org\",\"@graph\":[{\"@type\":\"Article\",\"@id\":\"https:\/\/mycapil.com\/fr\/acne-de-la-tete\/#article\",\"isPartOf\":{\"@id\":\"https:\/\/mycapil.com\/fr\/acne-de-la-tete\/\"},\"author\":{\"name\":\"MyCapil\",\"@id\":\"https:\/\/mycapil.com\/fr\/#\/schema\/person\/edb7928a381976a0b94e47505ff847d5\"},\"headline\":\"Acn\u00e9 de la t\u00eate, sympt\u00f4mes et traitements\",\"datePublished\":\"2022-03-08T07:50:34+00:00\",\"mainEntityOfPage\":{\"@id\":\"https:\/\/mycapil.com\/fr\/acne-de-la-tete\/\"},\"wordCount\":1169,\"commentCount\":0,\"publisher\":{\"@id\":\"https:\/\/mycapil.com\/fr\/#organization\"},\"image\":{\"@id\":\"https:\/\/mycapil.com\/fr\/acne-de-la-tete\/#primaryimage\"},\"thumbnailUrl\":\"https:\/\/mycapil.com\/wp-content\/uploads\/2022\/03\/acne-tete.jpg\",\"articleSection\":[\"Perte de cheveux\"],\"inLanguage\":\"fr\",\"potentialAction\":[{\"@type\":\"CommentAction\",\"name\":\"Comment\",\"target\":[\"https:\/\/mycapil.com\/fr\/acne-de-la-tete\/#respond\"]}]},{\"@type\":\"WebPage\",\"@id\":\"https:\/\/mycapil.com\/fr\/acne-de-la-tete\/\",\"url\":\"https:\/\/mycapil.com\/fr\/acne-de-la-tete\/\",\"name\":\"Acn\u00e9 de la t\u00eate, sympt\u00f4mes et traitements - MyCapil \u2714\ufe0f\",\"isPartOf\":{\"@id\":\"https:\/\/mycapil.com\/fr\/#website\"},\"primaryImageOfPage\":{\"@id\":\"https:\/\/mycapil.com\/fr\/acne-de-la-tete\/#primaryimage\"},\"image\":{\"@id\":\"https:\/\/mycapil.com\/fr\/acne-de-la-tete\/#primaryimage\"},\"thumbnailUrl\":\"https:\/\/mycapil.com\/wp-content\/uploads\/2022\/03\/acne-tete.jpg\",\"datePublished\":\"2022-03-08T07:50:34+00:00\",\"description\":\"Dans cet article, nous parlerons de Acn\u00e9 de la t\u00eate, sympt\u00f4mes et traitements . Visitez notre blog\",\"breadcrumb\":{\"@id\":\"https:\/\/mycapil.com\/fr\/acne-de-la-tete\/#breadcrumb\"},\"inLanguage\":\"fr\",\"potentialAction\":[{\"@type\":\"ReadAction\",\"target\":[\"https:\/\/mycapil.com\/fr\/acne-de-la-tete\/\"]}]},{\"@type\":\"ImageObject\",\"inLanguage\":\"fr\",\"@id\":\"https:\/\/mycapil.com\/fr\/acne-de-la-tete\/#primaryimage\",\"url\":\"https:\/\/mycapil.com\/wp-content\/uploads\/2022\/03\/acne-tete.jpg\",\"contentUrl\":\"https:\/\/mycapil.com\/wp-content\/uploads\/2022\/03\/acne-tete.jpg\",\"width\":555,\"height\":370,\"caption\":\"Acn\u00e9 de la t\u00eate, sympt\u00f4mes et traitements\"},{\"@type\":\"BreadcrumbList\",\"@id\":\"https:\/\/mycapil.com\/fr\/acne-de-la-tete\/#breadcrumb\",\"itemListElement\":[{\"@type\":\"ListItem\",\"position\":1,\"name\":\"Accueil\",\"item\":\"https:\/\/mycapil.com\/fr\/\"},{\"@type\":\"ListItem\",\"position\":2,\"name\":\"Acn\u00e9 de la t\u00eate, sympt\u00f4mes et traitements\"}]},{\"@type\":\"WebSite\",\"@id\":\"https:\/\/mycapil.com\/fr\/#website\",\"url\":\"https:\/\/mycapil.com\/fr\/\",\"name\":\"MyCapil\",\"description\":\"Alop\u00e9cie, Chute de cheveux, capillaire\",\"publisher\":{\"@id\":\"https:\/\/mycapil.com\/fr\/#organization\"},\"potentialAction\":[{\"@type\":\"SearchAction\",\"target\":{\"@type\":\"EntryPoint\",\"urlTemplate\":\"https:\/\/mycapil.com\/fr\/?s={search_term_string}\"},\"query-input\":{\"@type\":\"PropertyValueSpecification\",\"valueRequired\":true,\"valueName\":\"search_term_string\"}}],\"inLanguage\":\"fr\"},{\"@type\":\"Organization\",\"@id\":\"https:\/\/mycapil.com\/fr\/#organization\",\"name\":\"MyCapil\",\"url\":\"https:\/\/mycapil.com\/fr\/\",\"logo\":{\"@type\":\"ImageObject\",\"inLanguage\":\"fr\",\"@id\":\"https:\/\/mycapil.com\/fr\/#\/schema\/logo\/image\/\",\"url\":\"https:\/\/mycapil.com\/wp-content\/uploads\/2020\/02\/Mycapil3.png\",\"contentUrl\":\"https:\/\/mycapil.com\/wp-content\/uploads\/2020\/02\/Mycapil3.png\",\"width\":339,\"height\":113,\"caption\":\"MyCapil\"},\"image\":{\"@id\":\"https:\/\/mycapil.com\/fr\/#\/schema\/logo\/image\/\"}},{\"@type\":\"Person\",\"@id\":\"https:\/\/mycapil.com\/fr\/#\/schema\/person\/edb7928a381976a0b94e47505ff847d5\",\"name\":\"MyCapil\",\"image\":{\"@type\":\"ImageObject\",\"inLanguage\":\"fr\",\"@id\":\"https:\/\/mycapil.com\/fr\/#\/schema\/person\/image\/\",\"url\":\"https:\/\/secure.gravatar.com\/avatar\/7d6a4dd75e3893e11a15320ce302770387ef8f0b488173747313e3e308c679b0?s=96&d=mm&r=g\",\"contentUrl\":\"https:\/\/secure.gravatar.com\/avatar\/7d6a4dd75e3893e11a15320ce302770387ef8f0b488173747313e3e308c679b0?s=96&d=mm&r=g\",\"caption\":\"MyCapil\"}}]}<\/script>\n<!-- \/ Yoast SEO plugin. -->","yoast_head_json":{"title":"Acn\u00e9 de la t\u00eate, sympt\u00f4mes et traitements - MyCapil \u2714\ufe0f","description":"Dans cet article, nous parlerons de Acn\u00e9 de la t\u00eate, sympt\u00f4mes et traitements . Visitez notre blog","robots":{"index":"index","follow":"follow","max-snippet":"max-snippet:-1","max-image-preview":"max-image-preview:large","max-video-preview":"max-video-preview:-1"},"canonical":"https:\/\/mycapil.com\/fr\/acne-de-la-tete\/","og_locale":"fr_FR","og_type":"article","og_title":"Acn\u00e9 de la t\u00eate, sympt\u00f4mes et traitements - MyCapil \u2714\ufe0f","og_description":"Dans cet article, nous parlerons de Acn\u00e9 de la t\u00eate, sympt\u00f4mes et traitements . Visitez notre blog","og_url":"https:\/\/mycapil.com\/fr\/acne-de-la-tete\/","og_site_name":"MyCapil","article_published_time":"2022-03-08T07:50:34+00:00","og_image":[{"width":555,"height":370,"url":"https:\/\/mycapil.com\/wp-content\/uploads\/2022\/03\/acne-tete.jpg","type":"image\/jpeg"}],"author":"MyCapil","twitter_card":"summary_large_image","twitter_misc":{"Written by":"MyCapil","Est. reading time":"5 minutes"},"schema":{"@context":"https:\/\/schema.org","@graph":[{"@type":"Article","@id":"https:\/\/mycapil.com\/fr\/acne-de-la-tete\/#article","isPartOf":{"@id":"https:\/\/mycapil.com\/fr\/acne-de-la-tete\/"},"author":{"name":"MyCapil","@id":"https:\/\/mycapil.com\/fr\/#\/schema\/person\/edb7928a381976a0b94e47505ff847d5"},"headline":"Acn\u00e9 de la t\u00eate, sympt\u00f4mes et traitements","datePublished":"2022-03-08T07:50:34+00:00","mainEntityOfPage":{"@id":"https:\/\/mycapil.com\/fr\/acne-de-la-tete\/"},"wordCount":1169,"commentCount":0,"publisher":{"@id":"https:\/\/mycapil.com\/fr\/#organization"},"image":{"@id":"https:\/\/mycapil.com\/fr\/acne-de-la-tete\/#primaryimage"},"thumbnailUrl":"https:\/\/mycapil.com\/wp-content\/uploads\/2022\/03\/acne-tete.jpg","articleSection":["Perte de cheveux"],"inLanguage":"fr","potentialAction":[{"@type":"CommentAction","name":"Comment","target":["https:\/\/mycapil.com\/fr\/acne-de-la-tete\/#respond"]}]},{"@type":"WebPage","@id":"https:\/\/mycapil.com\/fr\/acne-de-la-tete\/","url":"https:\/\/mycapil.com\/fr\/acne-de-la-tete\/","name":"Acn\u00e9 de la t\u00eate, sympt\u00f4mes et traitements - MyCapil \u2714\ufe0f","isPartOf":{"@id":"https:\/\/mycapil.com\/fr\/#website"},"primaryImageOfPage":{"@id":"https:\/\/mycapil.com\/fr\/acne-de-la-tete\/#primaryimage"},"image":{"@id":"https:\/\/mycapil.com\/fr\/acne-de-la-tete\/#primaryimage"},"thumbnailUrl":"https:\/\/mycapil.com\/wp-content\/uploads\/2022\/03\/acne-tete.jpg","datePublished":"2022-03-08T07:50:34+00:00","description":"Dans cet article, nous parlerons de Acn\u00e9 de la t\u00eate, sympt\u00f4mes et traitements . Visitez notre blog","breadcrumb":{"@id":"https:\/\/mycapil.com\/fr\/acne-de-la-tete\/#breadcrumb"},"inLanguage":"fr","potentialAction":[{"@type":"ReadAction","target":["https:\/\/mycapil.com\/fr\/acne-de-la-tete\/"]}]},{"@type":"ImageObject","inLanguage":"fr","@id":"https:\/\/mycapil.com\/fr\/acne-de-la-tete\/#primaryimage","url":"https:\/\/mycapil.com\/wp-content\/uploads\/2022\/03\/acne-tete.jpg","contentUrl":"https:\/\/mycapil.com\/wp-content\/uploads\/2022\/03\/acne-tete.jpg","width":555,"height":370,"caption":"Acn\u00e9 de la t\u00eate, sympt\u00f4mes et traitements"},{"@type":"BreadcrumbList","@id":"https:\/\/mycapil.com\/fr\/acne-de-la-tete\/#breadcrumb","itemListElement":[{"@type":"ListItem","position":1,"name":"Accueil","item":"https:\/\/mycapil.com\/fr\/"},{"@type":"ListItem","position":2,"name":"Acn\u00e9 de la t\u00eate, sympt\u00f4mes et traitements"}]},{"@type":"WebSite","@id":"https:\/\/mycapil.com\/fr\/#website","url":"https:\/\/mycapil.com\/fr\/","name":"MyCapil","description":"Alop\u00e9cie, Chute de cheveux, capillaire","publisher":{"@id":"https:\/\/mycapil.com\/fr\/#organization"},"potentialAction":[{"@type":"SearchAction","target":{"@type":"EntryPoint","urlTemplate":"https:\/\/mycapil.com\/fr\/?s={search_term_string}"},"query-input":{"@type":"PropertyValueSpecification","valueRequired":true,"valueName":"search_term_string"}}],"inLanguage":"fr"},{"@type":"Organization","@id":"https:\/\/mycapil.com\/fr\/#organization","name":"MyCapil","url":"https:\/\/mycapil.com\/fr\/","logo":{"@type":"ImageObject","inLanguage":"fr","@id":"https:\/\/mycapil.com\/fr\/#\/schema\/logo\/image\/","url":"https:\/\/mycapil.com\/wp-content\/uploads\/2020\/02\/Mycapil3.png","contentUrl":"https:\/\/mycapil.com\/wp-content\/uploads\/2020\/02\/Mycapil3.png","width":339,"height":113,"caption":"MyCapil"},"image":{"@id":"https:\/\/mycapil.com\/fr\/#\/schema\/logo\/image\/"}},{"@type":"Person","@id":"https:\/\/mycapil.com\/fr\/#\/schema\/person\/edb7928a381976a0b94e47505ff847d5","name":"MyCapil","image":{"@type":"ImageObject","inLanguage":"fr","@id":"https:\/\/mycapil.com\/fr\/#\/schema\/person\/image\/","url":"https:\/\/secure.gravatar.com\/avatar\/7d6a4dd75e3893e11a15320ce302770387ef8f0b488173747313e3e308c679b0?s=96&d=mm&r=g","contentUrl":"https:\/\/secure.gravatar.com\/avatar\/7d6a4dd75e3893e11a15320ce302770387ef8f0b488173747313e3e308c679b0?s=96&d=mm&r=g","caption":"MyCapil"}}]}},"_links":{"self":[{"href":"https:\/\/mycapil.com\/fr\/wp-json\/wp\/v2\/posts\/6642","targetHints":{"allow":["GET"]}}],"collection":[{"href":"https:\/\/mycapil.com\/fr\/wp-json\/wp\/v2\/posts"}],"about":[{"href":"https:\/\/mycapil.com\/fr\/wp-json\/wp\/v2\/types\/post"}],"author":[{"embeddable":true,"href":"https:\/\/mycapil.com\/fr\/wp-json\/wp\/v2\/users\/2"}],"replies":[{"embeddable":true,"href":"https:\/\/mycapil.com\/fr\/wp-json\/wp\/v2\/comments?post=6642"}],"version-history":[{"count":2,"href":"https:\/\/mycapil.com\/fr\/wp-json\/wp\/v2\/posts\/6642\/revisions"}],"predecessor-version":[{"id":12136,"href":"https:\/\/mycapil.com\/fr\/wp-json\/wp\/v2\/posts\/6642\/revisions\/12136"}],"wp:featuredmedia":[{"embeddable":true,"href":"https:\/\/mycapil.com\/fr\/wp-json\/wp\/v2\/media\/6643"}],"wp:attachment":[{"href":"https:\/\/mycapil.com\/fr\/wp-json\/wp\/v2\/media?parent=6642"}],"wp:term":[{"taxonomy":"category","embeddable":true,"href":"https:\/\/mycapil.com\/fr\/wp-json\/wp\/v2\/categories?post=6642"},{"taxonomy":"post_tag","embeddable":true,"href":"https:\/\/mycapil.com\/fr\/wp-json\/wp\/v2\/tags?post=6642"}],"curies":[{"name":"wp","href":"https:\/\/api.w.org\/{rel}","templated":true}]}}