{"id":6663,"date":"2022-03-08T04:07:23","date_gmt":"2022-03-08T08:07:23","guid":{"rendered":"https:\/\/mycapil.com\/?p=6663"},"modified":"2022-03-08T04:07:46","modified_gmt":"2022-03-08T08:07:46","slug":"jeune-et-chauve","status":"publish","type":"post","link":"https:\/\/mycapil.com\/fr\/jeune-et-chauve\/","title":{"rendered":"Jeune et chauve, avant 30 ans, que dois-je faire?"},"content":{"rendered":"<p>La calvitie est un probl\u00e8me courant chez les hommes de tous \u00e2ges. \u00c0 un moment donn\u00e9 de votre vie, vous pouvez remarquer que vos cheveux s&#8217;affinent avec le temps. M\u00eame dans ce cas, la calvitie est un probl\u00e8me que vous ne voulez pas associer au d\u00e9but de votre vie. C&#8217;est pourquoi, si vous avez \u00e0 peine 30 ans et \u00eates d\u00e9j\u00e0 chauve, vous avez probablement besoin d&#8217;une solution comme hier. La bonne nouvelle, c&#8217;est qu&#8217;il existe aujourd&#8217;hui plusieurs moyens de lutter contre la calvitie et de retrouver l&#8217;apparence naturelle que vous avez peut-\u00eatre perdue ou que vous avez perdue. Par cons\u00e9quent, vous n&#8217;avez pas \u00e0 vous apitoyer sur votre sort si vous remarquez des signes de calvitie alors qu&#8217;il est trop t\u00f4t dans la journ\u00e9e.<\/p>\n<p>Cela dit, que devez-vous faire si vous \u00eates jeune et chauve, et pour \u00eatre pr\u00e9cis, si vous avez moins de 30 ans ?<\/p>\n<h2>Traitements contre la chute des cheveux<\/h2>\n<p>Il existe des traitements efficaces pour certains types de perte de cheveux qui peuvent inverser ou au moins ralentir le processus. Dans le cas d&#8217;une perte de cheveux localis\u00e9e (alop\u00e9cie areata), les cheveux peuvent repousser sans m\u00e9dicament. En revanche, pour les probl\u00e8mes de perte de cheveux plus graves, comme la calvitie masculine ou f\u00e9minine, des m\u00e9dicaments ou une greffe de cheveux sont n\u00e9cessaires pour rem\u00e9dier \u00e0 la situation.<\/p>\n<p>Jetons un coup d&#8217;\u0153il aux options de traitement disponibles pour la perte de cheveux.<\/p>\n<ul>\n<li><strong>M\u00e9dicaments contre la chute des cheveux: <\/strong>Parfois, votre perte de cheveux peut \u00eatre le r\u00e9sultat d&#8217;une maladie sous-jacente. Dans ce cas, vous devez suivre un traitement pour cette maladie. Cependant, si votre calvitie est h\u00e9r\u00e9ditaire ou si elle est due \u00e0 d&#8217;autres causes, vous pouvez essayer les m\u00e9dicaments suivants.<\/li>\n<li><strong>Minoxidil (Rogaine)<\/strong> : Rogaine est un m\u00e9dicament vendu sans ordonnance qui se pr\u00e9sente sous forme de liquide, de mousse ou de shampooing. Pour de meilleurs r\u00e9sultats, il est conseill\u00e9 d&#8217;appliquer le produit sur le cuir chevelu au moins une fois par jour. La mousse est appliqu\u00e9e sur les cheveux mouill\u00e9s et la plupart des gens pr\u00e9f\u00e8rent le m\u00e9dicament sous cette forme car il est facile \u00e0 utiliser. Le minoxidil est connu pour aider \u00e0 faire repousser les cheveux tout en ralentissant le rythme de leur chute. Normalement, il faut environ six mois d&#8217;utilisation r\u00e9guli\u00e8re avant de constater des r\u00e9sultats substantiels et cela diff\u00e8re d&#8217;une personne \u00e0 l&#8217;autre. Il est important de noter que l&#8217;utilisation de Rogaine peut entra\u00eener une irritation du cuir chevelu et une croissance ind\u00e9sirable des cheveux sur la peau adjacente du visage et des mains. Si ces effets secondaires persistent, il est conseill\u00e9 de consulter un m\u00e9decin.<\/li>\n<\/ul>\n<ul>\n<li><strong>Finast\u00e9ride (Propecia)<\/strong> : Le finast\u00e9ride est un m\u00e9dicament sur ordonnance pour les hommes qui se pr\u00e9sente sous la forme d&#8217;une pilule \u00e0 prendre quotidiennement pour de meilleurs r\u00e9sultats. Le finast\u00e9ride ralentit la chute des cheveux et stimule la repousse des cheveux chez les hommes. Il peut s&#8217;\u00e9couler quelques bons mois avant que vous ne remarquiez des r\u00e9sultats significatifs et pour conserver les avantages, vous devez continuer \u00e0 prendre les pilules. Il convient de noter que le Finast\u00e9ride a des effets secondaires tels que l&#8217;augmentation du risque de cancer de la prostate et la diminution de la libido, bien que dans de rares cas. Le m\u00e9dicament est sp\u00e9cifiquement destin\u00e9 aux hommes et les femmes enceintes doivent \u00e9viter de toucher les comprim\u00e9s bris\u00e9s car ils peuvent avoir des effets secondaires graves sur le b\u00e9b\u00e9 \u00e0 na\u00eetre, surtout s&#8217;il s&#8217;agit d&#8217;un homme.<\/li>\n<\/ul>\n<p>Pour l&#8217;un ou l&#8217;autre de ces m\u00e9dicaments contre la perte de cheveux, il est conseill\u00e9 de consulter un m\u00e9decin pour obtenir des conseils suppl\u00e9mentaires.<\/p>\n<h3>La chirurgie des greffes de cheveux<\/h3>\n<p>Si vous recherchez une solution plus permanente \u00e0 votre probl\u00e8me de perte de cheveux, la transplantation capillaire peut \u00eatre une bonne solution. Les proc\u00e9dures de greffe de cheveux consistent \u00e0 pr\u00e9lever des greffons dans les zones du cuir chevelu o\u00f9 les cheveux sont plus denses et \u00e0 les implanter dans les zones d\u00e9garnies. Il existe deux types de proc\u00e9dures de greffe de cheveux que vous rencontrerez lorsque vous vous rendrez en clinique pour ce type de traitement : la transplantation d&#8217;unit\u00e9s folliculaires (FUT) et l&#8217;extraction d&#8217;unit\u00e9s folliculaires (FUE).\u00a0 Si les deux proc\u00e9dures permettent d&#8217;obtenir des r\u00e9sultats similaires, la diff\u00e9rence r\u00e9side dans la mani\u00e8re dont les follicules pileux sont pr\u00e9lev\u00e9s sur la zone donneuse.<\/p>\n<p>Avec la proc\u00e9dure FUE, des follicules pileux individuels sont pr\u00e9lev\u00e9s dans la zone donneuse sans d\u00e9caper une partie du cuir chevelu. Par cons\u00e9quent, il y a moins de cicatrices apr\u00e8s l&#8217;intervention et le processus tend \u00e0 \u00eatre moins douloureux par rapport aux autres techniques. D&#8217;autre part, la proc\u00e9dure FUT implique le retrait d&#8217;une bande de cuir chevelu, puis le chirurgien s\u00e9pare la bande en plus petits morceaux pour obtenir les follicules pileux. La zone pr\u00e9lev\u00e9e \u00e9tant sutur\u00e9e, l&#8217;intervention laisse normalement une cicatrice lin\u00e9aire facilement perceptible. Il est possible que l&#8217;on doive faire pousser des cheveux longs pour cacher la cicatrice.<\/p>\n<h3>La th\u00e9rapie au laser<\/h3>\n<p>La Food and Drug Administration (FDA) a approuv\u00e9 l&#8217;utilisation d&#8217;appareils laser de faible intensit\u00e9 pour inverser la calvitie masculine. Jusqu&#8217;\u00e0 pr\u00e9sent, quelques \u00e9tudes ont prouv\u00e9 qu&#8217;il augmente la densit\u00e9 des cheveux apr\u00e8s un certain temps. Cependant, il n&#8217;est pas certain qu&#8217;il donne des r\u00e9sultats \u00e0 long terme et ses effets secondaires restent \u00e0 d\u00e9couvrir. Par cons\u00e9quent, avant de choisir ce type de traitement pour votre probl\u00e8me de perte de cheveux, il est essentiel de consulter votre m\u00e9decin pour obtenir des conseils.<\/p>\n<p>Que vous soyez confront\u00e9 \u00e0 une perte de cheveux l\u00e9g\u00e8re ou que vous souffriez d&#8217;un amincissement s\u00e9v\u00e8re des cheveux, il existe une solution. Vous n&#8217;avez pas \u00e0 paniquer si vous remarquez des signes de calvitie \u00e0 un \u00e2ge pr\u00e9coce. Il vous suffit de prendre contact avec un professionnel des soins capillaires qui vous guidera en cons\u00e9quence.<\/p>\n","protected":false},"excerpt":{"rendered":"<p>La calvitie est un probl\u00e8me courant chez les hommes de tous \u00e2ges. \u00c0 un moment donn\u00e9 de votre vie, vous pouvez remarquer que vos cheveux s&#8217;affinent avec le temps. M\u00eame dans ce cas, la calvitie est un probl\u00e8me que vous ne voulez pas associer au d\u00e9but de votre vie. C&#8217;est pourquoi, si vous avez \u00e0 [&hellip;]<\/p>\n","protected":false},"author":2,"featured_media":6664,"comment_status":"open","ping_status":"open","sticky":false,"template":"","format":"standard","meta":{"footnotes":""},"categories":[61],"tags":[],"class_list":{"0":"post-6663","1":"post","2":"type-post","3":"status-publish","4":"format-standard","5":"has-post-thumbnail","7":"category-traitements-alopecie"},"yoast_head":"<!-- This site is optimized with the Yoast SEO plugin v25.9 - https:\/\/yoast.com\/wordpress\/plugins\/seo\/ -->\n<title>Jeune et chauve, avant 30 ans, que dois-je faire? - MyCapil \u2714\ufe0f<\/title>\n<meta name=\"description\" content=\"Dans cet article, nous parlerons de Jeune et chauve, avant 30 ans, que dois-je faire? . Visitez notre blog\" \/>\n<meta name=\"robots\" content=\"index, follow, max-snippet:-1, max-image-preview:large, max-video-preview:-1\" \/>\n<link rel=\"canonical\" href=\"https:\/\/mycapil.com\/fr\/jeune-et-chauve\/\" \/>\n<meta property=\"og:locale\" content=\"fr_FR\" \/>\n<meta property=\"og:type\" content=\"article\" \/>\n<meta property=\"og:title\" content=\"Jeune et chauve, avant 30 ans, que dois-je faire? - MyCapil \u2714\ufe0f\" \/>\n<meta property=\"og:description\" content=\"Dans cet article, nous parlerons de Jeune et chauve, avant 30 ans, que dois-je faire? . Visitez notre blog\" \/>\n<meta property=\"og:url\" content=\"https:\/\/mycapil.com\/fr\/jeune-et-chauve\/\" \/>\n<meta property=\"og:site_name\" content=\"MyCapil\" \/>\n<meta property=\"article:published_time\" content=\"2022-03-08T08:07:23+00:00\" \/>\n<meta property=\"article:modified_time\" content=\"2022-03-08T08:07:46+00:00\" \/>\n<meta property=\"og:image\" content=\"https:\/\/mycapil.com\/wp-content\/uploads\/2022\/03\/jeune-chauve.jpg\" \/>\n\t<meta property=\"og:image:width\" content=\"639\" \/>\n\t<meta property=\"og:image:height\" content=\"394\" \/>\n\t<meta property=\"og:image:type\" content=\"image\/jpeg\" \/>\n<meta name=\"author\" content=\"MyCapil\" \/>\n<meta name=\"twitter:card\" content=\"summary_large_image\" \/>\n<meta name=\"twitter:label1\" content=\"Written by\" \/>\n\t<meta name=\"twitter:data1\" content=\"MyCapil\" \/>\n\t<meta name=\"twitter:label2\" content=\"Est. reading time\" \/>\n\t<meta name=\"twitter:data2\" content=\"5 minutes\" \/>\n<script type=\"application\/ld+json\" class=\"yoast-schema-graph\">{\"@context\":\"https:\/\/schema.org\",\"@graph\":[{\"@type\":\"Article\",\"@id\":\"https:\/\/mycapil.com\/fr\/jeune-et-chauve\/#article\",\"isPartOf\":{\"@id\":\"https:\/\/mycapil.com\/fr\/jeune-et-chauve\/\"},\"author\":{\"name\":\"MyCapil\",\"@id\":\"https:\/\/mycapil.com\/fr\/#\/schema\/person\/edb7928a381976a0b94e47505ff847d5\"},\"headline\":\"Jeune et chauve, avant 30 ans, que dois-je faire?\",\"datePublished\":\"2022-03-08T08:07:23+00:00\",\"dateModified\":\"2022-03-08T08:07:46+00:00\",\"mainEntityOfPage\":{\"@id\":\"https:\/\/mycapil.com\/fr\/jeune-et-chauve\/\"},\"wordCount\":1037,\"commentCount\":0,\"publisher\":{\"@id\":\"https:\/\/mycapil.com\/fr\/#organization\"},\"image\":{\"@id\":\"https:\/\/mycapil.com\/fr\/jeune-et-chauve\/#primaryimage\"},\"thumbnailUrl\":\"https:\/\/mycapil.com\/wp-content\/uploads\/2022\/03\/jeune-chauve.jpg\",\"articleSection\":[\"Traitements alop\u00e9cie\"],\"inLanguage\":\"fr\",\"potentialAction\":[{\"@type\":\"CommentAction\",\"name\":\"Comment\",\"target\":[\"https:\/\/mycapil.com\/fr\/jeune-et-chauve\/#respond\"]}]},{\"@type\":\"WebPage\",\"@id\":\"https:\/\/mycapil.com\/fr\/jeune-et-chauve\/\",\"url\":\"https:\/\/mycapil.com\/fr\/jeune-et-chauve\/\",\"name\":\"Jeune et chauve, avant 30 ans, que dois-je faire? - MyCapil \u2714\ufe0f\",\"isPartOf\":{\"@id\":\"https:\/\/mycapil.com\/fr\/#website\"},\"primaryImageOfPage\":{\"@id\":\"https:\/\/mycapil.com\/fr\/jeune-et-chauve\/#primaryimage\"},\"image\":{\"@id\":\"https:\/\/mycapil.com\/fr\/jeune-et-chauve\/#primaryimage\"},\"thumbnailUrl\":\"https:\/\/mycapil.com\/wp-content\/uploads\/2022\/03\/jeune-chauve.jpg\",\"datePublished\":\"2022-03-08T08:07:23+00:00\",\"dateModified\":\"2022-03-08T08:07:46+00:00\",\"description\":\"Dans cet article, nous parlerons de Jeune et chauve, avant 30 ans, que dois-je faire? . Visitez notre blog\",\"breadcrumb\":{\"@id\":\"https:\/\/mycapil.com\/fr\/jeune-et-chauve\/#breadcrumb\"},\"inLanguage\":\"fr\",\"potentialAction\":[{\"@type\":\"ReadAction\",\"target\":[\"https:\/\/mycapil.com\/fr\/jeune-et-chauve\/\"]}]},{\"@type\":\"ImageObject\",\"inLanguage\":\"fr\",\"@id\":\"https:\/\/mycapil.com\/fr\/jeune-et-chauve\/#primaryimage\",\"url\":\"https:\/\/mycapil.com\/wp-content\/uploads\/2022\/03\/jeune-chauve.jpg\",\"contentUrl\":\"https:\/\/mycapil.com\/wp-content\/uploads\/2022\/03\/jeune-chauve.jpg\",\"width\":639,\"height\":394,\"caption\":\"Jeune et chauve, avant 30 ans Que dois-je faire ?\"},{\"@type\":\"BreadcrumbList\",\"@id\":\"https:\/\/mycapil.com\/fr\/jeune-et-chauve\/#breadcrumb\",\"itemListElement\":[{\"@type\":\"ListItem\",\"position\":1,\"name\":\"Accueil\",\"item\":\"https:\/\/mycapil.com\/fr\/\"},{\"@type\":\"ListItem\",\"position\":2,\"name\":\"Jeune et chauve, avant 30 ans, que dois-je faire?\"}]},{\"@type\":\"WebSite\",\"@id\":\"https:\/\/mycapil.com\/fr\/#website\",\"url\":\"https:\/\/mycapil.com\/fr\/\",\"name\":\"MyCapil\",\"description\":\"Alop\u00e9cie, Chute de cheveux, capillaire\",\"publisher\":{\"@id\":\"https:\/\/mycapil.com\/fr\/#organization\"},\"potentialAction\":[{\"@type\":\"SearchAction\",\"target\":{\"@type\":\"EntryPoint\",\"urlTemplate\":\"https:\/\/mycapil.com\/fr\/?s={search_term_string}\"},\"query-input\":{\"@type\":\"PropertyValueSpecification\",\"valueRequired\":true,\"valueName\":\"search_term_string\"}}],\"inLanguage\":\"fr\"},{\"@type\":\"Organization\",\"@id\":\"https:\/\/mycapil.com\/fr\/#organization\",\"name\":\"MyCapil\",\"url\":\"https:\/\/mycapil.com\/fr\/\",\"logo\":{\"@type\":\"ImageObject\",\"inLanguage\":\"fr\",\"@id\":\"https:\/\/mycapil.com\/fr\/#\/schema\/logo\/image\/\",\"url\":\"https:\/\/mycapil.com\/wp-content\/uploads\/2020\/02\/Mycapil3.png\",\"contentUrl\":\"https:\/\/mycapil.com\/wp-content\/uploads\/2020\/02\/Mycapil3.png\",\"width\":339,\"height\":113,\"caption\":\"MyCapil\"},\"image\":{\"@id\":\"https:\/\/mycapil.com\/fr\/#\/schema\/logo\/image\/\"}},{\"@type\":\"Person\",\"@id\":\"https:\/\/mycapil.com\/fr\/#\/schema\/person\/edb7928a381976a0b94e47505ff847d5\",\"name\":\"MyCapil\",\"image\":{\"@type\":\"ImageObject\",\"inLanguage\":\"fr\",\"@id\":\"https:\/\/mycapil.com\/fr\/#\/schema\/person\/image\/\",\"url\":\"https:\/\/secure.gravatar.com\/avatar\/7d6a4dd75e3893e11a15320ce302770387ef8f0b488173747313e3e308c679b0?s=96&d=mm&r=g\",\"contentUrl\":\"https:\/\/secure.gravatar.com\/avatar\/7d6a4dd75e3893e11a15320ce302770387ef8f0b488173747313e3e308c679b0?s=96&d=mm&r=g\",\"caption\":\"MyCapil\"}}]}<\/script>\n<!-- \/ Yoast SEO plugin. -->","yoast_head_json":{"title":"Jeune et chauve, avant 30 ans, que dois-je faire? - MyCapil \u2714\ufe0f","description":"Dans cet article, nous parlerons de Jeune et chauve, avant 30 ans, que dois-je faire? . Visitez notre blog","robots":{"index":"index","follow":"follow","max-snippet":"max-snippet:-1","max-image-preview":"max-image-preview:large","max-video-preview":"max-video-preview:-1"},"canonical":"https:\/\/mycapil.com\/fr\/jeune-et-chauve\/","og_locale":"fr_FR","og_type":"article","og_title":"Jeune et chauve, avant 30 ans, que dois-je faire? - MyCapil \u2714\ufe0f","og_description":"Dans cet article, nous parlerons de Jeune et chauve, avant 30 ans, que dois-je faire? . Visitez notre blog","og_url":"https:\/\/mycapil.com\/fr\/jeune-et-chauve\/","og_site_name":"MyCapil","article_published_time":"2022-03-08T08:07:23+00:00","article_modified_time":"2022-03-08T08:07:46+00:00","og_image":[{"width":639,"height":394,"url":"https:\/\/mycapil.com\/wp-content\/uploads\/2022\/03\/jeune-chauve.jpg","type":"image\/jpeg"}],"author":"MyCapil","twitter_card":"summary_large_image","twitter_misc":{"Written by":"MyCapil","Est. reading time":"5 minutes"},"schema":{"@context":"https:\/\/schema.org","@graph":[{"@type":"Article","@id":"https:\/\/mycapil.com\/fr\/jeune-et-chauve\/#article","isPartOf":{"@id":"https:\/\/mycapil.com\/fr\/jeune-et-chauve\/"},"author":{"name":"MyCapil","@id":"https:\/\/mycapil.com\/fr\/#\/schema\/person\/edb7928a381976a0b94e47505ff847d5"},"headline":"Jeune et chauve, avant 30 ans, que dois-je faire?","datePublished":"2022-03-08T08:07:23+00:00","dateModified":"2022-03-08T08:07:46+00:00","mainEntityOfPage":{"@id":"https:\/\/mycapil.com\/fr\/jeune-et-chauve\/"},"wordCount":1037,"commentCount":0,"publisher":{"@id":"https:\/\/mycapil.com\/fr\/#organization"},"image":{"@id":"https:\/\/mycapil.com\/fr\/jeune-et-chauve\/#primaryimage"},"thumbnailUrl":"https:\/\/mycapil.com\/wp-content\/uploads\/2022\/03\/jeune-chauve.jpg","articleSection":["Traitements alop\u00e9cie"],"inLanguage":"fr","potentialAction":[{"@type":"CommentAction","name":"Comment","target":["https:\/\/mycapil.com\/fr\/jeune-et-chauve\/#respond"]}]},{"@type":"WebPage","@id":"https:\/\/mycapil.com\/fr\/jeune-et-chauve\/","url":"https:\/\/mycapil.com\/fr\/jeune-et-chauve\/","name":"Jeune et chauve, avant 30 ans, que dois-je faire? - MyCapil \u2714\ufe0f","isPartOf":{"@id":"https:\/\/mycapil.com\/fr\/#website"},"primaryImageOfPage":{"@id":"https:\/\/mycapil.com\/fr\/jeune-et-chauve\/#primaryimage"},"image":{"@id":"https:\/\/mycapil.com\/fr\/jeune-et-chauve\/#primaryimage"},"thumbnailUrl":"https:\/\/mycapil.com\/wp-content\/uploads\/2022\/03\/jeune-chauve.jpg","datePublished":"2022-03-08T08:07:23+00:00","dateModified":"2022-03-08T08:07:46+00:00","description":"Dans cet article, nous parlerons de Jeune et chauve, avant 30 ans, que dois-je faire? . Visitez notre blog","breadcrumb":{"@id":"https:\/\/mycapil.com\/fr\/jeune-et-chauve\/#breadcrumb"},"inLanguage":"fr","potentialAction":[{"@type":"ReadAction","target":["https:\/\/mycapil.com\/fr\/jeune-et-chauve\/"]}]},{"@type":"ImageObject","inLanguage":"fr","@id":"https:\/\/mycapil.com\/fr\/jeune-et-chauve\/#primaryimage","url":"https:\/\/mycapil.com\/wp-content\/uploads\/2022\/03\/jeune-chauve.jpg","contentUrl":"https:\/\/mycapil.com\/wp-content\/uploads\/2022\/03\/jeune-chauve.jpg","width":639,"height":394,"caption":"Jeune et chauve, avant 30 ans Que dois-je faire ?"},{"@type":"BreadcrumbList","@id":"https:\/\/mycapil.com\/fr\/jeune-et-chauve\/#breadcrumb","itemListElement":[{"@type":"ListItem","position":1,"name":"Accueil","item":"https:\/\/mycapil.com\/fr\/"},{"@type":"ListItem","position":2,"name":"Jeune et chauve, avant 30 ans, que dois-je faire?"}]},{"@type":"WebSite","@id":"https:\/\/mycapil.com\/fr\/#website","url":"https:\/\/mycapil.com\/fr\/","name":"MyCapil","description":"Alop\u00e9cie, Chute de cheveux, capillaire","publisher":{"@id":"https:\/\/mycapil.com\/fr\/#organization"},"potentialAction":[{"@type":"SearchAction","target":{"@type":"EntryPoint","urlTemplate":"https:\/\/mycapil.com\/fr\/?s={search_term_string}"},"query-input":{"@type":"PropertyValueSpecification","valueRequired":true,"valueName":"search_term_string"}}],"inLanguage":"fr"},{"@type":"Organization","@id":"https:\/\/mycapil.com\/fr\/#organization","name":"MyCapil","url":"https:\/\/mycapil.com\/fr\/","logo":{"@type":"ImageObject","inLanguage":"fr","@id":"https:\/\/mycapil.com\/fr\/#\/schema\/logo\/image\/","url":"https:\/\/mycapil.com\/wp-content\/uploads\/2020\/02\/Mycapil3.png","contentUrl":"https:\/\/mycapil.com\/wp-content\/uploads\/2020\/02\/Mycapil3.png","width":339,"height":113,"caption":"MyCapil"},"image":{"@id":"https:\/\/mycapil.com\/fr\/#\/schema\/logo\/image\/"}},{"@type":"Person","@id":"https:\/\/mycapil.com\/fr\/#\/schema\/person\/edb7928a381976a0b94e47505ff847d5","name":"MyCapil","image":{"@type":"ImageObject","inLanguage":"fr","@id":"https:\/\/mycapil.com\/fr\/#\/schema\/person\/image\/","url":"https:\/\/secure.gravatar.com\/avatar\/7d6a4dd75e3893e11a15320ce302770387ef8f0b488173747313e3e308c679b0?s=96&d=mm&r=g","contentUrl":"https:\/\/secure.gravatar.com\/avatar\/7d6a4dd75e3893e11a15320ce302770387ef8f0b488173747313e3e308c679b0?s=96&d=mm&r=g","caption":"MyCapil"}}]}},"_links":{"self":[{"href":"https:\/\/mycapil.com\/fr\/wp-json\/wp\/v2\/posts\/6663","targetHints":{"allow":["GET"]}}],"collection":[{"href":"https:\/\/mycapil.com\/fr\/wp-json\/wp\/v2\/posts"}],"about":[{"href":"https:\/\/mycapil.com\/fr\/wp-json\/wp\/v2\/types\/post"}],"author":[{"embeddable":true,"href":"https:\/\/mycapil.com\/fr\/wp-json\/wp\/v2\/users\/2"}],"replies":[{"embeddable":true,"href":"https:\/\/mycapil.com\/fr\/wp-json\/wp\/v2\/comments?post=6663"}],"version-history":[{"count":1,"href":"https:\/\/mycapil.com\/fr\/wp-json\/wp\/v2\/posts\/6663\/revisions"}],"predecessor-version":[{"id":6669,"href":"https:\/\/mycapil.com\/fr\/wp-json\/wp\/v2\/posts\/6663\/revisions\/6669"}],"wp:featuredmedia":[{"embeddable":true,"href":"https:\/\/mycapil.com\/fr\/wp-json\/wp\/v2\/media\/6664"}],"wp:attachment":[{"href":"https:\/\/mycapil.com\/fr\/wp-json\/wp\/v2\/media?parent=6663"}],"wp:term":[{"taxonomy":"category","embeddable":true,"href":"https:\/\/mycapil.com\/fr\/wp-json\/wp\/v2\/categories?post=6663"},{"taxonomy":"post_tag","embeddable":true,"href":"https:\/\/mycapil.com\/fr\/wp-json\/wp\/v2\/tags?post=6663"}],"curies":[{"name":"wp","href":"https:\/\/api.w.org\/{rel}","templated":true}]}}