{"id":1024,"date":"2020-03-17T04:36:56","date_gmt":"2020-03-17T08:36:56","guid":{"rendered":"https:\/\/mycapil.com\/?p=1024"},"modified":"2020-03-17T04:37:36","modified_gmt":"2020-03-17T08:37:36","slug":"recuperare-capelli-persi","status":"publish","type":"post","link":"https:\/\/mycapil.com\/it\/recuperare-capelli-persi\/","title":{"rendered":"Come recuperare i capelli persi"},"content":{"rendered":"<p>\u00c8 una situazione preoccupante quando notiamo un&#8217;abbondante <strong>perdita di capelli<\/strong>, iniziamo subito a pensare alla <strong>calvizie<\/strong> e ci allarmiamo. La realt\u00e0 \u00e8 che <strong>la perdita dei capelli non \u00e8 sempre causata da una malattia come l&#8217;alopecia<\/strong>, ma pu\u00f2 essere dovuta ad alcune situazioni specifiche o che stiamo semplicemente rinnovando i capelli.<\/p>\n<p>Tuttavia, una volta che abbiamo perso i capelli, vogliamo recuperarli. E se non \u00e8 una malattia che richiede un trattamento speciale, <strong>\u00e8 possibile rigenerare i capelli e tornare ad avere una folta capigliatura voluminosa<\/strong>. Seguite i nostri consigli e vedrete come avrete di nuovo capelli forti e sani.<\/p>\n<h2>Perch\u00e9 si verifica la caduta dei capelli<\/h2>\n<p>L&#8217;<strong>alopecia maschile<\/strong> \u00e8 pi\u00f9 diffusa dell&#8217;<strong>alopecia femminile<\/strong>, ma la <strong>perdita dei capelli<\/strong> si verifica nelle persone di entrambi i sessi e pu\u00f2 persino accadere ai bambini. Questo perch\u00e9 <strong>i capelli attraversano un ciclo di crescita e cadono per rigenerarsi<\/strong>.<\/p>\n<p>Ma purtroppo non \u00e8 sempre questo il caso, <strong>a volte la perdita dei capelli ha a che fare con una malattia<\/strong> o una situazione che ne genera una caduta eccessiva. Se i capelli cadono e si rigenerano non \u00e8 necessario preoccuparsi, ma se i capelli non ricrescono \u00e8 il caso di cercare una soluzione per recuperare <strong>i capelli persi<\/strong>.<\/p>\n<h2>Cause della caduta dei capelli<\/h2>\n<ul>\n<li><strong>Dieta inadeguata: <\/strong>se mancano vitamine, proteine \u200b\u200be sostanze nutritive, i capelli tendono ad assottigliarsi e iniziano a cadere<strong>.<\/strong><\/li>\n<li><strong>Eredit\u00e0: <\/strong>\u00e8 una causa molto comune negli uomini, la calvizie pu\u00f2 essere un fattore ereditario.<\/li>\n<li><strong>Malattie<\/strong>: alcune malattie, come il diabete e il lupus, possono portare alla caduta dei capelli.<\/li>\n<li><strong>Invecchiamento: <\/strong>con l&#8217;et\u00e0, si verificano cambiamenti ormonali, compaiono malattie e si assumono farmaci che possono causare la caduta dei capelli<strong>.<\/strong><\/li>\n<li><strong>Farmaci: <\/strong>medicinali come fluidificanti del sangue, antidepressivi, terapie per la pressione arteriosa e i\u00a0 pi\u00f9 noti trattamenti di chemioterapia possono scatenare la caduta dei capelli<strong>.<\/strong><\/li>\n<li><strong>Stress: <\/strong>sia lo stress che l&#8217;ansia sono situazioni che scatenano la caduta dei capelli<strong>.<\/strong><\/li>\n<li><strong>Cambiamenti ormonali: <\/strong>\u00e8 uno dei motivi per cui le donne in menopausa iniziano a <strong>perdere i capelli<\/strong>.<\/li>\n<li><strong>Infezioni: <\/strong>la micosi e le infezioni batteriche possono danneggiare il cuoio capelluto, irritarlo e causare alopecia<strong>.<\/strong><\/li>\n<\/ul>\n<h2>Sintomi di perdita di capelli<\/h2>\n<p>Se il volume dei capelli diminuisce, si consiglia di prestare la massima attenzione e verificare se sono presenti anche i seguenti segni e sintomi.<\/p>\n<ul>\n<li>Maggior numero di capelli presenti sulla spazzola dopo essersi pettinati.<\/li>\n<li>Capelli pi\u00f9 sottili e fragili.<\/li>\n<li>Si inizia ad osservare meno quantit\u00e0 e volume.<\/li>\n<li>Vengono visualizzate aree in cui \u00e8 possibile vedere il cuoio capelluto.<\/li>\n<li>Stempiature pi\u00f9 pronunciate nella regione temporale.<\/li>\n<li>Resti di capelli sul cuscino e nella doccia.<\/li>\n<\/ul>\n<p>Se notate uno o pi\u00f9 di questi sintomi, potreste perdere i capelli in modo significativo. \u00c8 saggio iniziare a fare ci\u00f2 che \u00e8 necessario per fermare la caduta. Se non sapete come contrastare questo problema, vi forniremo alcuni consigli che vi aiuteranno.<\/p>\n<h2>Come evitare la caduta e recuperare i capelli persi<\/h2>\n<p>Esistono diversi trattamenti che vi aiuteranno a <strong>recuperare i capelli<\/strong> dopo averli persi. <strong>Possono essere naturali, farmacologici, dermatologici, impianti e altre tecniche<\/strong>. Ma avete anche alcuni modi per rigenerare i capelli prendendovi cura dell&#8217;igiene del cuoio capelluto e della vostra dieta.<\/p>\n<h2>Trattamenti per recuperare i capelli<\/h2>\n<ul>\n<li><strong>Farmacologico: <\/strong>esistono farmaci come la 5-alfa-reduttasi, un farmaco indicato per gli uomini che riduce la presenza di diidrotestosterone nel sangue, prevenendo l&#8217;indebolimento dei follicoli e la caduta dei capelli.<\/li>\n<li><strong>Integratori alimentari: <\/strong>l&#8217;assunzione di integratori come vitamina B12, biotina, omega3, omega6, zinco, acido folico, lievito di birra, tra gli altri, prevengono la caduta dei capelli e li rigenerano.<\/li>\n<li><strong>Trattamenti topici: <\/strong>un&#8217;altra opzione sono i tonici per capelli con sostanze nutritive che stimolano la <strong>crescita dei capelli<\/strong>. Inoltre, si possono usare trattamenti vasodilatatori, come il Minoxidil, che stimolano allo stesso modo la crescita delle radici e dei capelli.<\/li>\n<li><strong>Trattamenti rigenerativi: <\/strong>i dermatologi hanno iniziato a usare plasma arricchito di piastrine, che ottengono dal sangue del paziente stesso. Questa sostanza viene iniettata nel cuoio capelluto, nelle aree in cui si perdono i capelli, per rigenerare e rafforzare i follicoli piliferi indeboliti.<\/li>\n<li><strong>Tecniche di rigenerazione: <\/strong>al fine di stimolare la crescita dei capelli, possono essere anche applicate tecniche come laser a bassa frequenza, ozono terapia e mesoterapia.<\/li>\n<\/ul>\n<h2>Cure che \u00e8 necessario applicare per recuperare i capelli persi<\/h2>\n<ul>\n<li><strong>Stimolare il cuoio capelluto: <\/strong>spazzolate delicatamente i capelli due volte al giorno, con una spazzola morbida, dando almeno 50 spazzolate dalla radice alla punta ogni volta<strong>.<\/strong><\/li>\n<li><strong>Tagliare le punte<\/strong>: tagliando le punte potete ossigenare i capelli e stimolarne la crescita. Potete anche rigenerarli usando oli essenziali<strong>.<\/strong><\/li>\n<li><strong>\u00a0Evitare lo stress: <\/strong>se conducete una vita molto frenetica, usate le tecniche di rilassamento<strong>.<\/strong><\/li>\n<li><strong>Avere cura della propria dieta: <\/strong>evitate di consumare zuccheri e grassi<strong>.<\/strong><\/li>\n<li><strong>Non usare dispositivi che danneggiano i capelli: <\/strong>evitare l&#8217;uso di asciugacapelli e piastre che indeboliscono e bruciano i capelli.<\/li>\n<li><strong>Prodotti chimici: <\/strong>fino a quando dura il trattamento, non utilizzate prodotti chimici come tinte coloranti e liscianti.<\/li>\n<li><strong>Trattamenti in base al tipo di capelli: <\/strong>utilizzare solo prodotti adattati al tipo di capelli<strong>.<\/strong><\/li>\n<li><strong>Esposizione al sole: <\/strong>non esporsi alla luce diretta del sole per lunghi periodi di tempo, perch\u00e9 brucia i capelli e li indebolisce<strong>.<\/strong><\/li>\n<\/ul>\n<h2>Minerali e vitamine che dovete consumare per recuperare i capelli e stimolarne la crescita<\/h2>\n<ul>\n<li><strong>Ferro: <\/strong>partecipa alla produzione di DNA nei follicoli piliferi, la mancanza di ferro indebolisce i capelli e ne favorisce la caduta.<\/li>\n<li><strong>Acido linoleico: <\/strong>stimola il mantenimento e la crescita dei capelli<strong>.<\/strong><\/li>\n<li><strong>Zinco: <\/strong>un minerale che sintetizza le proteine ed \u00e8 essenziale per la crescita sana dei capelli.<\/li>\n<li><strong>Vitamina B7: <\/strong>chiamata anche biotina, la sua carenza provoca indebolimento e perdita dei capelli.<\/li>\n<li><strong>Vitamina B3: <\/strong>niacina, mantiene i capelli e previene l&#8217;alopecia.<\/li>\n<\/ul>\n<p><strong>Seguire una dieta sana, <\/strong>che comprenda carne magra, pesce, uova, legumi, noci, verdure a foglia verde, frutta, avocado e semi.<strong> Evitare l&#8217;eccesso di zucchero, grassi e fritture.<\/strong><\/p>\n<p>Seguendo questi suggerimenti sarete in grado di recuperare i capelli persi, stimolandone la crescita e rafforzandoli per evitare perdite future<strong>.<\/strong><\/p>\n","protected":false},"excerpt":{"rendered":"<p>\u00c8 una situazione preoccupante quando notiamo un&#8217;abbondante perdita di capelli, iniziamo subito a pensare alla calvizie e ci allarmiamo. La realt\u00e0 \u00e8 che la perdita dei capelli non \u00e8 sempre causata da una malattia come l&#8217;alopecia, ma pu\u00f2 essere dovuta ad alcune situazioni specifiche o che stiamo semplicemente rinnovando i capelli. Tuttavia, una volta che [&hellip;]<\/p>\n","protected":false},"author":2,"featured_media":860,"comment_status":"open","ping_status":"open","sticky":false,"template":"","format":"standard","meta":{"footnotes":""},"categories":[62],"tags":[],"class_list":{"0":"post-1024","1":"post","2":"type-post","3":"status-publish","4":"format-standard","5":"has-post-thumbnail","7":"category-trattamenti-alopecia"},"yoast_head":"<!-- This site is optimized with the Yoast SEO plugin v25.9 - https:\/\/yoast.com\/wordpress\/plugins\/seo\/ -->\n<title>Recupera Capelli Persi | Sintomi e trattamenti | MyCapil \ud83e\udd47<\/title>\n<meta name=\"description\" content=\"In questo articolo parleremo di come recuperare i capelli persi, i sintomi e i trattamenti, oltre a cure, minerali e vitamine. abbonarsi\" \/>\n<meta name=\"robots\" content=\"index, follow, max-snippet:-1, max-image-preview:large, max-video-preview:-1\" \/>\n<link rel=\"canonical\" href=\"https:\/\/mycapil.com\/it\/recuperare-capelli-persi\/\" \/>\n<meta property=\"og:locale\" content=\"it_IT\" \/>\n<meta property=\"og:type\" content=\"article\" \/>\n<meta property=\"og:title\" content=\"Recupera Capelli Persi | Sintomi e trattamenti | MyCapil \ud83e\udd47\" \/>\n<meta property=\"og:description\" content=\"In questo articolo parleremo di come recuperare i capelli persi, i sintomi e i trattamenti, oltre a cure, minerali e vitamine. abbonarsi\" \/>\n<meta property=\"og:url\" content=\"https:\/\/mycapil.com\/it\/recuperare-capelli-persi\/\" \/>\n<meta property=\"og:site_name\" content=\"MyCapil\" \/>\n<meta property=\"article:published_time\" content=\"2020-03-17T08:36:56+00:00\" \/>\n<meta property=\"article:modified_time\" content=\"2020-03-17T08:37:36+00:00\" \/>\n<meta property=\"og:image\" content=\"https:\/\/mycapil.com\/wp-content\/uploads\/2020\/03\/recuperar-el-cabello.jpg\" \/>\n\t<meta property=\"og:image:width\" content=\"604\" \/>\n\t<meta property=\"og:image:height\" content=\"340\" \/>\n\t<meta property=\"og:image:type\" content=\"image\/jpeg\" \/>\n<meta name=\"author\" content=\"MyCapil\" \/>\n<meta name=\"twitter:card\" content=\"summary_large_image\" \/>\n<meta name=\"twitter:label1\" content=\"Written by\" \/>\n\t<meta name=\"twitter:data1\" content=\"MyCapil\" \/>\n\t<meta name=\"twitter:label2\" content=\"Est. reading time\" \/>\n\t<meta name=\"twitter:data2\" content=\"5 minutes\" \/>\n<script type=\"application\/ld+json\" class=\"yoast-schema-graph\">{\"@context\":\"https:\/\/schema.org\",\"@graph\":[{\"@type\":\"Article\",\"@id\":\"https:\/\/mycapil.com\/it\/recuperare-capelli-persi\/#article\",\"isPartOf\":{\"@id\":\"https:\/\/mycapil.com\/it\/recuperare-capelli-persi\/\"},\"author\":{\"name\":\"MyCapil\",\"@id\":\"https:\/\/mycapil.com\/it\/#\/schema\/person\/edb7928a381976a0b94e47505ff847d5\"},\"headline\":\"Come recuperare i capelli persi\",\"datePublished\":\"2020-03-17T08:36:56+00:00\",\"dateModified\":\"2020-03-17T08:37:36+00:00\",\"mainEntityOfPage\":{\"@id\":\"https:\/\/mycapil.com\/it\/recuperare-capelli-persi\/\"},\"wordCount\":959,\"commentCount\":0,\"publisher\":{\"@id\":\"https:\/\/mycapil.com\/it\/#organization\"},\"image\":{\"@id\":\"https:\/\/mycapil.com\/it\/recuperare-capelli-persi\/#primaryimage\"},\"thumbnailUrl\":\"https:\/\/mycapil.com\/wp-content\/uploads\/2020\/03\/recuperar-el-cabello.jpg\",\"articleSection\":[\"Trattamenti alopecia\"],\"inLanguage\":\"it\",\"potentialAction\":[{\"@type\":\"CommentAction\",\"name\":\"Comment\",\"target\":[\"https:\/\/mycapil.com\/it\/recuperare-capelli-persi\/#respond\"]}]},{\"@type\":\"WebPage\",\"@id\":\"https:\/\/mycapil.com\/it\/recuperare-capelli-persi\/\",\"url\":\"https:\/\/mycapil.com\/it\/recuperare-capelli-persi\/\",\"name\":\"Recupera Capelli Persi | Sintomi e trattamenti | MyCapil \ud83e\udd47\",\"isPartOf\":{\"@id\":\"https:\/\/mycapil.com\/it\/#website\"},\"primaryImageOfPage\":{\"@id\":\"https:\/\/mycapil.com\/it\/recuperare-capelli-persi\/#primaryimage\"},\"image\":{\"@id\":\"https:\/\/mycapil.com\/it\/recuperare-capelli-persi\/#primaryimage\"},\"thumbnailUrl\":\"https:\/\/mycapil.com\/wp-content\/uploads\/2020\/03\/recuperar-el-cabello.jpg\",\"datePublished\":\"2020-03-17T08:36:56+00:00\",\"dateModified\":\"2020-03-17T08:37:36+00:00\",\"description\":\"In questo articolo parleremo di come recuperare i capelli persi, i sintomi e i trattamenti, oltre a cure, minerali e vitamine. abbonarsi\",\"breadcrumb\":{\"@id\":\"https:\/\/mycapil.com\/it\/recuperare-capelli-persi\/#breadcrumb\"},\"inLanguage\":\"it\",\"potentialAction\":[{\"@type\":\"ReadAction\",\"target\":[\"https:\/\/mycapil.com\/it\/recuperare-capelli-persi\/\"]}]},{\"@type\":\"ImageObject\",\"inLanguage\":\"it\",\"@id\":\"https:\/\/mycapil.com\/it\/recuperare-capelli-persi\/#primaryimage\",\"url\":\"https:\/\/mycapil.com\/wp-content\/uploads\/2020\/03\/recuperar-el-cabello.jpg\",\"contentUrl\":\"https:\/\/mycapil.com\/wp-content\/uploads\/2020\/03\/recuperar-el-cabello.jpg\",\"width\":604,\"height\":340,\"caption\":\"recuperar el cabello\"},{\"@type\":\"BreadcrumbList\",\"@id\":\"https:\/\/mycapil.com\/it\/recuperare-capelli-persi\/#breadcrumb\",\"itemListElement\":[{\"@type\":\"ListItem\",\"position\":1,\"name\":\"Comienzo\",\"item\":\"https:\/\/mycapil.com\/it\/home\/\"},{\"@type\":\"ListItem\",\"position\":2,\"name\":\"Come recuperare i capelli persi\"}]},{\"@type\":\"WebSite\",\"@id\":\"https:\/\/mycapil.com\/it\/#website\",\"url\":\"https:\/\/mycapil.com\/it\/\",\"name\":\"MyCapil\",\"description\":\"Alopecia, perdita di capelli, capillare\",\"publisher\":{\"@id\":\"https:\/\/mycapil.com\/it\/#organization\"},\"potentialAction\":[{\"@type\":\"SearchAction\",\"target\":{\"@type\":\"EntryPoint\",\"urlTemplate\":\"https:\/\/mycapil.com\/it\/?s={search_term_string}\"},\"query-input\":{\"@type\":\"PropertyValueSpecification\",\"valueRequired\":true,\"valueName\":\"search_term_string\"}}],\"inLanguage\":\"it\"},{\"@type\":\"Organization\",\"@id\":\"https:\/\/mycapil.com\/it\/#organization\",\"name\":\"MyCapil\",\"url\":\"https:\/\/mycapil.com\/it\/\",\"logo\":{\"@type\":\"ImageObject\",\"inLanguage\":\"it\",\"@id\":\"https:\/\/mycapil.com\/it\/#\/schema\/logo\/image\/\",\"url\":\"https:\/\/mycapil.com\/wp-content\/uploads\/2020\/02\/Mycapil3.png\",\"contentUrl\":\"https:\/\/mycapil.com\/wp-content\/uploads\/2020\/02\/Mycapil3.png\",\"width\":339,\"height\":113,\"caption\":\"MyCapil\"},\"image\":{\"@id\":\"https:\/\/mycapil.com\/it\/#\/schema\/logo\/image\/\"}},{\"@type\":\"Person\",\"@id\":\"https:\/\/mycapil.com\/it\/#\/schema\/person\/edb7928a381976a0b94e47505ff847d5\",\"name\":\"MyCapil\",\"image\":{\"@type\":\"ImageObject\",\"inLanguage\":\"it\",\"@id\":\"https:\/\/mycapil.com\/it\/#\/schema\/person\/image\/\",\"url\":\"https:\/\/secure.gravatar.com\/avatar\/7d6a4dd75e3893e11a15320ce302770387ef8f0b488173747313e3e308c679b0?s=96&d=mm&r=g\",\"contentUrl\":\"https:\/\/secure.gravatar.com\/avatar\/7d6a4dd75e3893e11a15320ce302770387ef8f0b488173747313e3e308c679b0?s=96&d=mm&r=g\",\"caption\":\"MyCapil\"}}]}<\/script>\n<!-- \/ Yoast SEO plugin. -->","yoast_head_json":{"title":"Recupera Capelli Persi | Sintomi e trattamenti | MyCapil \ud83e\udd47","description":"In questo articolo parleremo di come recuperare i capelli persi, i sintomi e i trattamenti, oltre a cure, minerali e vitamine. abbonarsi","robots":{"index":"index","follow":"follow","max-snippet":"max-snippet:-1","max-image-preview":"max-image-preview:large","max-video-preview":"max-video-preview:-1"},"canonical":"https:\/\/mycapil.com\/it\/recuperare-capelli-persi\/","og_locale":"it_IT","og_type":"article","og_title":"Recupera Capelli Persi | Sintomi e trattamenti | MyCapil \ud83e\udd47","og_description":"In questo articolo parleremo di come recuperare i capelli persi, i sintomi e i trattamenti, oltre a cure, minerali e vitamine. abbonarsi","og_url":"https:\/\/mycapil.com\/it\/recuperare-capelli-persi\/","og_site_name":"MyCapil","article_published_time":"2020-03-17T08:36:56+00:00","article_modified_time":"2020-03-17T08:37:36+00:00","og_image":[{"width":604,"height":340,"url":"https:\/\/mycapil.com\/wp-content\/uploads\/2020\/03\/recuperar-el-cabello.jpg","type":"image\/jpeg"}],"author":"MyCapil","twitter_card":"summary_large_image","twitter_misc":{"Written by":"MyCapil","Est. reading time":"5 minutes"},"schema":{"@context":"https:\/\/schema.org","@graph":[{"@type":"Article","@id":"https:\/\/mycapil.com\/it\/recuperare-capelli-persi\/#article","isPartOf":{"@id":"https:\/\/mycapil.com\/it\/recuperare-capelli-persi\/"},"author":{"name":"MyCapil","@id":"https:\/\/mycapil.com\/it\/#\/schema\/person\/edb7928a381976a0b94e47505ff847d5"},"headline":"Come recuperare i capelli persi","datePublished":"2020-03-17T08:36:56+00:00","dateModified":"2020-03-17T08:37:36+00:00","mainEntityOfPage":{"@id":"https:\/\/mycapil.com\/it\/recuperare-capelli-persi\/"},"wordCount":959,"commentCount":0,"publisher":{"@id":"https:\/\/mycapil.com\/it\/#organization"},"image":{"@id":"https:\/\/mycapil.com\/it\/recuperare-capelli-persi\/#primaryimage"},"thumbnailUrl":"https:\/\/mycapil.com\/wp-content\/uploads\/2020\/03\/recuperar-el-cabello.jpg","articleSection":["Trattamenti alopecia"],"inLanguage":"it","potentialAction":[{"@type":"CommentAction","name":"Comment","target":["https:\/\/mycapil.com\/it\/recuperare-capelli-persi\/#respond"]}]},{"@type":"WebPage","@id":"https:\/\/mycapil.com\/it\/recuperare-capelli-persi\/","url":"https:\/\/mycapil.com\/it\/recuperare-capelli-persi\/","name":"Recupera Capelli Persi | Sintomi e trattamenti | MyCapil \ud83e\udd47","isPartOf":{"@id":"https:\/\/mycapil.com\/it\/#website"},"primaryImageOfPage":{"@id":"https:\/\/mycapil.com\/it\/recuperare-capelli-persi\/#primaryimage"},"image":{"@id":"https:\/\/mycapil.com\/it\/recuperare-capelli-persi\/#primaryimage"},"thumbnailUrl":"https:\/\/mycapil.com\/wp-content\/uploads\/2020\/03\/recuperar-el-cabello.jpg","datePublished":"2020-03-17T08:36:56+00:00","dateModified":"2020-03-17T08:37:36+00:00","description":"In questo articolo parleremo di come recuperare i capelli persi, i sintomi e i trattamenti, oltre a cure, minerali e vitamine. abbonarsi","breadcrumb":{"@id":"https:\/\/mycapil.com\/it\/recuperare-capelli-persi\/#breadcrumb"},"inLanguage":"it","potentialAction":[{"@type":"ReadAction","target":["https:\/\/mycapil.com\/it\/recuperare-capelli-persi\/"]}]},{"@type":"ImageObject","inLanguage":"it","@id":"https:\/\/mycapil.com\/it\/recuperare-capelli-persi\/#primaryimage","url":"https:\/\/mycapil.com\/wp-content\/uploads\/2020\/03\/recuperar-el-cabello.jpg","contentUrl":"https:\/\/mycapil.com\/wp-content\/uploads\/2020\/03\/recuperar-el-cabello.jpg","width":604,"height":340,"caption":"recuperar el cabello"},{"@type":"BreadcrumbList","@id":"https:\/\/mycapil.com\/it\/recuperare-capelli-persi\/#breadcrumb","itemListElement":[{"@type":"ListItem","position":1,"name":"Comienzo","item":"https:\/\/mycapil.com\/it\/home\/"},{"@type":"ListItem","position":2,"name":"Come recuperare i capelli persi"}]},{"@type":"WebSite","@id":"https:\/\/mycapil.com\/it\/#website","url":"https:\/\/mycapil.com\/it\/","name":"MyCapil","description":"Alopecia, perdita di capelli, capillare","publisher":{"@id":"https:\/\/mycapil.com\/it\/#organization"},"potentialAction":[{"@type":"SearchAction","target":{"@type":"EntryPoint","urlTemplate":"https:\/\/mycapil.com\/it\/?s={search_term_string}"},"query-input":{"@type":"PropertyValueSpecification","valueRequired":true,"valueName":"search_term_string"}}],"inLanguage":"it"},{"@type":"Organization","@id":"https:\/\/mycapil.com\/it\/#organization","name":"MyCapil","url":"https:\/\/mycapil.com\/it\/","logo":{"@type":"ImageObject","inLanguage":"it","@id":"https:\/\/mycapil.com\/it\/#\/schema\/logo\/image\/","url":"https:\/\/mycapil.com\/wp-content\/uploads\/2020\/02\/Mycapil3.png","contentUrl":"https:\/\/mycapil.com\/wp-content\/uploads\/2020\/02\/Mycapil3.png","width":339,"height":113,"caption":"MyCapil"},"image":{"@id":"https:\/\/mycapil.com\/it\/#\/schema\/logo\/image\/"}},{"@type":"Person","@id":"https:\/\/mycapil.com\/it\/#\/schema\/person\/edb7928a381976a0b94e47505ff847d5","name":"MyCapil","image":{"@type":"ImageObject","inLanguage":"it","@id":"https:\/\/mycapil.com\/it\/#\/schema\/person\/image\/","url":"https:\/\/secure.gravatar.com\/avatar\/7d6a4dd75e3893e11a15320ce302770387ef8f0b488173747313e3e308c679b0?s=96&d=mm&r=g","contentUrl":"https:\/\/secure.gravatar.com\/avatar\/7d6a4dd75e3893e11a15320ce302770387ef8f0b488173747313e3e308c679b0?s=96&d=mm&r=g","caption":"MyCapil"}}]}},"_links":{"self":[{"href":"https:\/\/mycapil.com\/it\/wp-json\/wp\/v2\/posts\/1024","targetHints":{"allow":["GET"]}}],"collection":[{"href":"https:\/\/mycapil.com\/it\/wp-json\/wp\/v2\/posts"}],"about":[{"href":"https:\/\/mycapil.com\/it\/wp-json\/wp\/v2\/types\/post"}],"author":[{"embeddable":true,"href":"https:\/\/mycapil.com\/it\/wp-json\/wp\/v2\/users\/2"}],"replies":[{"embeddable":true,"href":"https:\/\/mycapil.com\/it\/wp-json\/wp\/v2\/comments?post=1024"}],"version-history":[{"count":1,"href":"https:\/\/mycapil.com\/it\/wp-json\/wp\/v2\/posts\/1024\/revisions"}],"predecessor-version":[{"id":1025,"href":"https:\/\/mycapil.com\/it\/wp-json\/wp\/v2\/posts\/1024\/revisions\/1025"}],"wp:featuredmedia":[{"embeddable":true,"href":"https:\/\/mycapil.com\/it\/wp-json\/wp\/v2\/media\/860"}],"wp:attachment":[{"href":"https:\/\/mycapil.com\/it\/wp-json\/wp\/v2\/media?parent=1024"}],"wp:term":[{"taxonomy":"category","embeddable":true,"href":"https:\/\/mycapil.com\/it\/wp-json\/wp\/v2\/categories?post=1024"},{"taxonomy":"post_tag","embeddable":true,"href":"https:\/\/mycapil.com\/it\/wp-json\/wp\/v2\/tags?post=1024"}],"curies":[{"name":"wp","href":"https:\/\/api.w.org\/{rel}","templated":true}]}}