{"id":6005,"date":"2022-01-14T04:54:36","date_gmt":"2022-01-14T08:54:36","guid":{"rendered":"https:\/\/mycapil.com\/?p=6005"},"modified":"2022-01-14T04:54:36","modified_gmt":"2022-01-14T08:54:36","slug":"calvo-30-anni-cosa-posso-fare","status":"publish","type":"post","link":"https:\/\/mycapil.com\/it\/calvo-30-anni-cosa-posso-fare\/","title":{"rendered":"Calvo a meno di 30 anni: cosa posso fare?"},"content":{"rendered":"<p>Perdere i capelli pu\u00f2 essere un&#8217;esperienza stressante, soprattutto quando i sintomi iniziano in et\u00e0 giovane. Di solito il fenomeno si associa alla mezza et\u00e0, ma non tutti sanno che \u00e8 abbastanza comune sotto i 30 anni: circa il 16% degli uomini tra i 18 e i 29 anni sono gi\u00e0 affetti da questo fenomeno.<\/p>\n<p>Se hai meno di 30 anni e hai notato un p\u00f2 di perdita di capelli, per prima cosa \u00e8 importante non farsi prendere dal panico: l\u2019alopecia \u00e8 curabile e prevedibile. Appurato il problema, la cosa importante \u00e8 agire il pi\u00f9 rapidamente possibile, per evitare che la situazione peggiori.<\/p>\n<p>Continua a leggere questo articolo per trovare informazioni sulla calvizie e alcune delle cause relative all\u2019origine del fenomeno &#8211; comprese alcune condizioni mediche e situazioni legate allo stile di vita. Infine, per aiutarti a mantenere i tuoi capelli, abbiamo aggiunti informazioni su trattamenti, prevenzione e inversione della caduta dei capelli.<\/p>\n<h2>Perdita di capelli a 30 anni: le cause<\/h2>\n<p>Negli uomini, la maggior parte dei casi sono associati all\u2019alopecia androgenetica (o calvizie maschile), una forma di caduta legata a fattori ormonali e genetici.<\/p>\n<p>Essendo anche di tipo permanente, significa che agire rapidamente \u00e8 fondamentale. Innanzitutto, sul mercato sono disponibili farmaci come la finasteride e il minoxidil che risultano abbastanza efficaci se assunti per diversi mesi. Inoltre, \u00e8 importante mantenere abitudini sane perch\u00e9 anch\u2019esse influenzano la salute in generale e quindi, anche dei capelli.<\/p>\n<p>Oltre alla calvizie maschile, fattori come lo stress, la dieta e alcune condizioni mediche possono essere causa di una caduta temporanea dei capelli durante i 30 anni.<\/p>\n<h2>Cause di perdita di capelli in giovane et\u00e0<\/h2>\n<p>Una variet\u00e0 di fattori pu\u00f2 causare questo fenomeno; i pi\u00f9 comuni sono:<\/p>\n<h3>Calvizie maschile<\/h3>\n<p>\u00c9 la pi\u00f9 diffusa: spesso un mix di fattori genetici e ormonali. Inizia a verificarsi tra i venti e i trent\u2019anni nella zona dell\u2019attaccatura dei capelli, oppure i capelli diventano pi\u00f9 sottili. Anche quella di tipo permanente pu\u00f2 essere curata.<\/p>\n<h3>Stress, ansia ed esperienze traumatiche<\/h3>\n<p>La caduta dei capelli che si verifica a causa di gravi forme di stress o traumi \u00e8 nota come telogen effluvium. Spesso provoca una rapida e diffusa perdita di capelli che colpisce l&#8217;intero cuoio capelluto.<\/p>\n<h3>Condizioni mediche<\/h3>\n<p>Malattie relative alla tiroide come ipotiroidismo o ipertiroidismo, ma anche infezioni fungine del cuoio capelluto, il lupus e altre malattie autoimmuni, possono contribuire alla perdita dei capelli.<\/p>\n<h3>Carenze nutrizionali<\/h3>\n<p>Carenza di alcune vitamine, minerali o sostanze nutritive essenziali possono portare ad un diradamento dei capelli, spesso provocato dalla mancanza di zinco, ferro, biotina o proteine.<\/p>\n<h3>Farmaci<\/h3>\n<p>Beta-bloccanti, anfetamine e anticoagulanti possono causare o contribuire al fenomeno.<\/p>\n<h3>Danni fisici ai capelli o al cuoio capelluto<\/h3>\n<p>Anche lesioni alla pelle e ai follicoli piliferi possono causare fenomeni come l\u2019alopecia da trazione, una forma di caduta dei capelli causata da capelli sotto stress.<\/p>\n<h2>Come si verifica la calvizie maschile?<\/h2>\n<p>La forma pi\u00f9 comune di perdita di capelli negli uomini \u00e8 la calvizie, una combinazione genetica e degli effetti di un ormone chiamato diidrotestosterone o DHT. \u00c9 creato come sottoprodotto del testosterone e come altri tipi di ormoni, si lega ai recettori all&#8217;interno del corpo. Quando il DHT si lega ai recettori nei follicoli piliferi, pu\u00f2 danneggiarli e impedisce la produzione di nuovi capelli. Gli effetti del DHT sui capelli non sono immediati: in genere arrivano gradualmente, nel corso di mesi o anni. Pu\u00f2 variare da una semplice stempiatura fino alla calvizie completa. Per questi motivi, \u00e8 bene non sottovalutare i primi segni ed agire immediatamente.<\/p>\n<h2>Come trattare la caduta dei capelli a 30 anni<\/h2>\n<p>La caduta dei capelli \u00e8 quasi sempre curabile; oggi sul mercato sono disponibili diversi farmaci approvati per prevenire questo fenomeno. Inoltre, esistono anche procedure cosmetiche e chirurgiche sicure ed efficaci, create non solo per alleviare il fenomeno ma anche per eliminarlo completamente, soprattutto per quei soggetti che sono gi\u00e0 in uno stadio avanzato.<\/p>\n<p>Come gi\u00e0 sottolineato, \u00e8 bene non perdere tempo perch\u00e9 la situazione potrebbe solo peggiorare.<\/p>\n<h3>Finasteride<\/h3>\n<p>\u00c9 un farmaco di prescrizione disponibile in compresse che deve essere assunto quotidianamente.<\/p>\n<p>Sebbene il prodotto in s\u00e9 non curi il fenomeno, pu\u00f2 per\u00f2 prevenirne il peggioramento e aiutare a far ricrescere alcuni dei capelli persi. La finasteride agisce impedendo al corpo di convertire il testosterone in DHT e di conseguneza di danneggiare i follicoli piliferi. \u00c8 stato dimostrato che una dose tipica di questa cura riduce i livelli di DHT di oltre il 70%. In uno studio lungo 10 anni, \u00e8 stato dimostrato che circa il 99% degli uomini che ha usato la finasteride non ha avuto ulteriore perdita di capelli, mentre il 91% ha riscontrato miglioramenti dopo l\u2019inizio del trattamento.<\/p>\n<h3>Minoxidil<\/h3>\n<p>Un farmaco topico da banco che stimola la crescita dei capelli. Come la finasteride, non cura la calvizie maschile ma pu\u00f2 aiutare la crescita, lo spessore e l&#8217;aspetto generale dei capelli.<\/p>\n<p>Minoxidil \u00e8 disponibile come soluzione liquida o schiuma; \u00e8 facile da applicare e in genere \u00e8 utilizzato due volte al giorno. La ricerca mostra che l\u2019efficacia del minoxidil arriva fino all&#8217;84,3% nei casi di uomini con calvizie, e fino a oltre il 95% quando usato insieme alla finasteride.<\/p>\n<p>Questo farmaco \u00e8 efficace anche per stimolare la crescita su soggetti che accusano calvizie a seguito di condizioni mediche o utilizzo di alcuni farmaci.<\/p>\n<h2>Abitudini che favoriscono la crescita dei capelli<\/h2>\n<p>Mantenere uno stile di vita sano pu\u00f2 aiutare anche la crescita dei capelli. Ecco alcuni consigli da prendere in considerazione:<\/p>\n<ul>\n<li>Usare uno shampoo che previene la caduta dei capelli. Alcuni prodotti, compresi quelli che contengono il saw palmetto e\/o ketoconazolo, possono avere effetti preventivi contro la calvizie maschile.<\/li>\n<li>Assumere una variet\u00e0 di sostanze nutritive svolge un ruolo fondamentale nell&#8217;alimentare i follicoli piliferi.<\/li>\n<li>Il fumo, danneggiando la salute, ha ripercussioni nocive anche sui capelli: i fumatori dovrebbero considerare di smettere.<\/li>\n<li>In caso di prescrizione di farmaci collegati alla caduta dei capelli, \u00e8 necessario parlare con il medico. Potrebbe essere necessaria un\u2019alternativa o una modifica del dosaggio per evitare un prolungamento degli effetti collaterali.<\/li>\n<\/ul>\n","protected":false},"excerpt":{"rendered":"<p>Perdere i capelli pu\u00f2 essere un&#8217;esperienza stressante, soprattutto quando i sintomi iniziano in et\u00e0 giovane. Di solito il fenomeno si associa alla mezza et\u00e0, ma non tutti sanno che \u00e8 abbastanza comune sotto i 30 anni: circa il 16% degli uomini tra i 18 e i 29 anni sono gi\u00e0 affetti da questo fenomeno. Se [&hellip;]<\/p>\n","protected":false},"author":2,"featured_media":6006,"comment_status":"open","ping_status":"open","sticky":false,"template":"","format":"standard","meta":{"footnotes":""},"categories":[62],"tags":[],"class_list":{"0":"post-6005","1":"post","2":"type-post","3":"status-publish","4":"format-standard","5":"has-post-thumbnail","7":"category-trattamenti-alopecia"},"yoast_head":"<!-- This site is optimized with the Yoast SEO plugin v25.9 - https:\/\/yoast.com\/wordpress\/plugins\/seo\/ -->\n<title>Calvo a meno di 30 anni: cosa posso fare? - MyCapil \u2714\ufe0f<\/title>\n<meta name=\"description\" content=\"In questo articolo parleremo di Calvo a meno di 30 anni: cosa posso fare? . Visita i nostri articoli su MyCapil \u2714\ufe0f\" \/>\n<meta name=\"robots\" content=\"index, follow, max-snippet:-1, max-image-preview:large, max-video-preview:-1\" \/>\n<link rel=\"canonical\" href=\"https:\/\/mycapil.com\/it\/calvo-30-anni-cosa-posso-fare\/\" \/>\n<meta property=\"og:locale\" content=\"it_IT\" \/>\n<meta property=\"og:type\" content=\"article\" \/>\n<meta property=\"og:title\" content=\"Calvo a meno di 30 anni: cosa posso fare? - MyCapil \u2714\ufe0f\" \/>\n<meta property=\"og:description\" content=\"In questo articolo parleremo di Calvo a meno di 30 anni: cosa posso fare? . Visita i nostri articoli su MyCapil \u2714\ufe0f\" \/>\n<meta property=\"og:url\" content=\"https:\/\/mycapil.com\/it\/calvo-30-anni-cosa-posso-fare\/\" \/>\n<meta property=\"og:site_name\" content=\"MyCapil\" \/>\n<meta property=\"article:published_time\" content=\"2022-01-14T08:54:36+00:00\" \/>\n<meta property=\"og:image\" content=\"https:\/\/mycapil.com\/wp-content\/uploads\/2022\/01\/calvo-30-anni.jpg\" \/>\n\t<meta property=\"og:image:width\" content=\"639\" \/>\n\t<meta property=\"og:image:height\" content=\"394\" \/>\n\t<meta property=\"og:image:type\" content=\"image\/jpeg\" \/>\n<meta name=\"author\" content=\"MyCapil\" \/>\n<meta name=\"twitter:card\" content=\"summary_large_image\" \/>\n<meta name=\"twitter:label1\" content=\"Written by\" \/>\n\t<meta name=\"twitter:data1\" content=\"MyCapil\" \/>\n\t<meta name=\"twitter:label2\" content=\"Est. reading time\" \/>\n\t<meta name=\"twitter:data2\" content=\"5 minutes\" \/>\n<script type=\"application\/ld+json\" class=\"yoast-schema-graph\">{\"@context\":\"https:\/\/schema.org\",\"@graph\":[{\"@type\":\"Article\",\"@id\":\"https:\/\/mycapil.com\/it\/calvo-30-anni-cosa-posso-fare\/#article\",\"isPartOf\":{\"@id\":\"https:\/\/mycapil.com\/it\/calvo-30-anni-cosa-posso-fare\/\"},\"author\":{\"name\":\"MyCapil\",\"@id\":\"https:\/\/mycapil.com\/it\/#\/schema\/person\/edb7928a381976a0b94e47505ff847d5\"},\"headline\":\"Calvo a meno di 30 anni: cosa posso fare?\",\"datePublished\":\"2022-01-14T08:54:36+00:00\",\"mainEntityOfPage\":{\"@id\":\"https:\/\/mycapil.com\/it\/calvo-30-anni-cosa-posso-fare\/\"},\"wordCount\":974,\"commentCount\":0,\"publisher\":{\"@id\":\"https:\/\/mycapil.com\/it\/#organization\"},\"image\":{\"@id\":\"https:\/\/mycapil.com\/it\/calvo-30-anni-cosa-posso-fare\/#primaryimage\"},\"thumbnailUrl\":\"https:\/\/mycapil.com\/wp-content\/uploads\/2022\/01\/calvo-30-anni.jpg\",\"articleSection\":[\"Trattamenti alopecia\"],\"inLanguage\":\"it\",\"potentialAction\":[{\"@type\":\"CommentAction\",\"name\":\"Comment\",\"target\":[\"https:\/\/mycapil.com\/it\/calvo-30-anni-cosa-posso-fare\/#respond\"]}]},{\"@type\":\"WebPage\",\"@id\":\"https:\/\/mycapil.com\/it\/calvo-30-anni-cosa-posso-fare\/\",\"url\":\"https:\/\/mycapil.com\/it\/calvo-30-anni-cosa-posso-fare\/\",\"name\":\"Calvo a meno di 30 anni: cosa posso fare? - MyCapil \u2714\ufe0f\",\"isPartOf\":{\"@id\":\"https:\/\/mycapil.com\/it\/#website\"},\"primaryImageOfPage\":{\"@id\":\"https:\/\/mycapil.com\/it\/calvo-30-anni-cosa-posso-fare\/#primaryimage\"},\"image\":{\"@id\":\"https:\/\/mycapil.com\/it\/calvo-30-anni-cosa-posso-fare\/#primaryimage\"},\"thumbnailUrl\":\"https:\/\/mycapil.com\/wp-content\/uploads\/2022\/01\/calvo-30-anni.jpg\",\"datePublished\":\"2022-01-14T08:54:36+00:00\",\"description\":\"In questo articolo parleremo di Calvo a meno di 30 anni: cosa posso fare? . Visita i nostri articoli su MyCapil \u2714\ufe0f\",\"breadcrumb\":{\"@id\":\"https:\/\/mycapil.com\/it\/calvo-30-anni-cosa-posso-fare\/#breadcrumb\"},\"inLanguage\":\"it\",\"potentialAction\":[{\"@type\":\"ReadAction\",\"target\":[\"https:\/\/mycapil.com\/it\/calvo-30-anni-cosa-posso-fare\/\"]}]},{\"@type\":\"ImageObject\",\"inLanguage\":\"it\",\"@id\":\"https:\/\/mycapil.com\/it\/calvo-30-anni-cosa-posso-fare\/#primaryimage\",\"url\":\"https:\/\/mycapil.com\/wp-content\/uploads\/2022\/01\/calvo-30-anni.jpg\",\"contentUrl\":\"https:\/\/mycapil.com\/wp-content\/uploads\/2022\/01\/calvo-30-anni.jpg\",\"width\":639,\"height\":394,\"caption\":\"Calvo a meno di 30 anni: cosa posso fare?\"},{\"@type\":\"BreadcrumbList\",\"@id\":\"https:\/\/mycapil.com\/it\/calvo-30-anni-cosa-posso-fare\/#breadcrumb\",\"itemListElement\":[{\"@type\":\"ListItem\",\"position\":1,\"name\":\"Comienzo\",\"item\":\"https:\/\/mycapil.com\/it\/home\/\"},{\"@type\":\"ListItem\",\"position\":2,\"name\":\"Calvo a meno di 30 anni: cosa posso fare?\"}]},{\"@type\":\"WebSite\",\"@id\":\"https:\/\/mycapil.com\/it\/#website\",\"url\":\"https:\/\/mycapil.com\/it\/\",\"name\":\"MyCapil\",\"description\":\"Alopecia, perdita di capelli, capillare\",\"publisher\":{\"@id\":\"https:\/\/mycapil.com\/it\/#organization\"},\"potentialAction\":[{\"@type\":\"SearchAction\",\"target\":{\"@type\":\"EntryPoint\",\"urlTemplate\":\"https:\/\/mycapil.com\/it\/?s={search_term_string}\"},\"query-input\":{\"@type\":\"PropertyValueSpecification\",\"valueRequired\":true,\"valueName\":\"search_term_string\"}}],\"inLanguage\":\"it\"},{\"@type\":\"Organization\",\"@id\":\"https:\/\/mycapil.com\/it\/#organization\",\"name\":\"MyCapil\",\"url\":\"https:\/\/mycapil.com\/it\/\",\"logo\":{\"@type\":\"ImageObject\",\"inLanguage\":\"it\",\"@id\":\"https:\/\/mycapil.com\/it\/#\/schema\/logo\/image\/\",\"url\":\"https:\/\/mycapil.com\/wp-content\/uploads\/2020\/02\/Mycapil3.png\",\"contentUrl\":\"https:\/\/mycapil.com\/wp-content\/uploads\/2020\/02\/Mycapil3.png\",\"width\":339,\"height\":113,\"caption\":\"MyCapil\"},\"image\":{\"@id\":\"https:\/\/mycapil.com\/it\/#\/schema\/logo\/image\/\"}},{\"@type\":\"Person\",\"@id\":\"https:\/\/mycapil.com\/it\/#\/schema\/person\/edb7928a381976a0b94e47505ff847d5\",\"name\":\"MyCapil\",\"image\":{\"@type\":\"ImageObject\",\"inLanguage\":\"it\",\"@id\":\"https:\/\/mycapil.com\/it\/#\/schema\/person\/image\/\",\"url\":\"https:\/\/secure.gravatar.com\/avatar\/7d6a4dd75e3893e11a15320ce302770387ef8f0b488173747313e3e308c679b0?s=96&d=mm&r=g\",\"contentUrl\":\"https:\/\/secure.gravatar.com\/avatar\/7d6a4dd75e3893e11a15320ce302770387ef8f0b488173747313e3e308c679b0?s=96&d=mm&r=g\",\"caption\":\"MyCapil\"}}]}<\/script>\n<!-- \/ Yoast SEO plugin. -->","yoast_head_json":{"title":"Calvo a meno di 30 anni: cosa posso fare? - MyCapil \u2714\ufe0f","description":"In questo articolo parleremo di Calvo a meno di 30 anni: cosa posso fare? . Visita i nostri articoli su MyCapil \u2714\ufe0f","robots":{"index":"index","follow":"follow","max-snippet":"max-snippet:-1","max-image-preview":"max-image-preview:large","max-video-preview":"max-video-preview:-1"},"canonical":"https:\/\/mycapil.com\/it\/calvo-30-anni-cosa-posso-fare\/","og_locale":"it_IT","og_type":"article","og_title":"Calvo a meno di 30 anni: cosa posso fare? - MyCapil \u2714\ufe0f","og_description":"In questo articolo parleremo di Calvo a meno di 30 anni: cosa posso fare? . Visita i nostri articoli su MyCapil \u2714\ufe0f","og_url":"https:\/\/mycapil.com\/it\/calvo-30-anni-cosa-posso-fare\/","og_site_name":"MyCapil","article_published_time":"2022-01-14T08:54:36+00:00","og_image":[{"width":639,"height":394,"url":"https:\/\/mycapil.com\/wp-content\/uploads\/2022\/01\/calvo-30-anni.jpg","type":"image\/jpeg"}],"author":"MyCapil","twitter_card":"summary_large_image","twitter_misc":{"Written by":"MyCapil","Est. reading time":"5 minutes"},"schema":{"@context":"https:\/\/schema.org","@graph":[{"@type":"Article","@id":"https:\/\/mycapil.com\/it\/calvo-30-anni-cosa-posso-fare\/#article","isPartOf":{"@id":"https:\/\/mycapil.com\/it\/calvo-30-anni-cosa-posso-fare\/"},"author":{"name":"MyCapil","@id":"https:\/\/mycapil.com\/it\/#\/schema\/person\/edb7928a381976a0b94e47505ff847d5"},"headline":"Calvo a meno di 30 anni: cosa posso fare?","datePublished":"2022-01-14T08:54:36+00:00","mainEntityOfPage":{"@id":"https:\/\/mycapil.com\/it\/calvo-30-anni-cosa-posso-fare\/"},"wordCount":974,"commentCount":0,"publisher":{"@id":"https:\/\/mycapil.com\/it\/#organization"},"image":{"@id":"https:\/\/mycapil.com\/it\/calvo-30-anni-cosa-posso-fare\/#primaryimage"},"thumbnailUrl":"https:\/\/mycapil.com\/wp-content\/uploads\/2022\/01\/calvo-30-anni.jpg","articleSection":["Trattamenti alopecia"],"inLanguage":"it","potentialAction":[{"@type":"CommentAction","name":"Comment","target":["https:\/\/mycapil.com\/it\/calvo-30-anni-cosa-posso-fare\/#respond"]}]},{"@type":"WebPage","@id":"https:\/\/mycapil.com\/it\/calvo-30-anni-cosa-posso-fare\/","url":"https:\/\/mycapil.com\/it\/calvo-30-anni-cosa-posso-fare\/","name":"Calvo a meno di 30 anni: cosa posso fare? - MyCapil \u2714\ufe0f","isPartOf":{"@id":"https:\/\/mycapil.com\/it\/#website"},"primaryImageOfPage":{"@id":"https:\/\/mycapil.com\/it\/calvo-30-anni-cosa-posso-fare\/#primaryimage"},"image":{"@id":"https:\/\/mycapil.com\/it\/calvo-30-anni-cosa-posso-fare\/#primaryimage"},"thumbnailUrl":"https:\/\/mycapil.com\/wp-content\/uploads\/2022\/01\/calvo-30-anni.jpg","datePublished":"2022-01-14T08:54:36+00:00","description":"In questo articolo parleremo di Calvo a meno di 30 anni: cosa posso fare? . Visita i nostri articoli su MyCapil \u2714\ufe0f","breadcrumb":{"@id":"https:\/\/mycapil.com\/it\/calvo-30-anni-cosa-posso-fare\/#breadcrumb"},"inLanguage":"it","potentialAction":[{"@type":"ReadAction","target":["https:\/\/mycapil.com\/it\/calvo-30-anni-cosa-posso-fare\/"]}]},{"@type":"ImageObject","inLanguage":"it","@id":"https:\/\/mycapil.com\/it\/calvo-30-anni-cosa-posso-fare\/#primaryimage","url":"https:\/\/mycapil.com\/wp-content\/uploads\/2022\/01\/calvo-30-anni.jpg","contentUrl":"https:\/\/mycapil.com\/wp-content\/uploads\/2022\/01\/calvo-30-anni.jpg","width":639,"height":394,"caption":"Calvo a meno di 30 anni: cosa posso fare?"},{"@type":"BreadcrumbList","@id":"https:\/\/mycapil.com\/it\/calvo-30-anni-cosa-posso-fare\/#breadcrumb","itemListElement":[{"@type":"ListItem","position":1,"name":"Comienzo","item":"https:\/\/mycapil.com\/it\/home\/"},{"@type":"ListItem","position":2,"name":"Calvo a meno di 30 anni: cosa posso fare?"}]},{"@type":"WebSite","@id":"https:\/\/mycapil.com\/it\/#website","url":"https:\/\/mycapil.com\/it\/","name":"MyCapil","description":"Alopecia, perdita di capelli, capillare","publisher":{"@id":"https:\/\/mycapil.com\/it\/#organization"},"potentialAction":[{"@type":"SearchAction","target":{"@type":"EntryPoint","urlTemplate":"https:\/\/mycapil.com\/it\/?s={search_term_string}"},"query-input":{"@type":"PropertyValueSpecification","valueRequired":true,"valueName":"search_term_string"}}],"inLanguage":"it"},{"@type":"Organization","@id":"https:\/\/mycapil.com\/it\/#organization","name":"MyCapil","url":"https:\/\/mycapil.com\/it\/","logo":{"@type":"ImageObject","inLanguage":"it","@id":"https:\/\/mycapil.com\/it\/#\/schema\/logo\/image\/","url":"https:\/\/mycapil.com\/wp-content\/uploads\/2020\/02\/Mycapil3.png","contentUrl":"https:\/\/mycapil.com\/wp-content\/uploads\/2020\/02\/Mycapil3.png","width":339,"height":113,"caption":"MyCapil"},"image":{"@id":"https:\/\/mycapil.com\/it\/#\/schema\/logo\/image\/"}},{"@type":"Person","@id":"https:\/\/mycapil.com\/it\/#\/schema\/person\/edb7928a381976a0b94e47505ff847d5","name":"MyCapil","image":{"@type":"ImageObject","inLanguage":"it","@id":"https:\/\/mycapil.com\/it\/#\/schema\/person\/image\/","url":"https:\/\/secure.gravatar.com\/avatar\/7d6a4dd75e3893e11a15320ce302770387ef8f0b488173747313e3e308c679b0?s=96&d=mm&r=g","contentUrl":"https:\/\/secure.gravatar.com\/avatar\/7d6a4dd75e3893e11a15320ce302770387ef8f0b488173747313e3e308c679b0?s=96&d=mm&r=g","caption":"MyCapil"}}]}},"_links":{"self":[{"href":"https:\/\/mycapil.com\/it\/wp-json\/wp\/v2\/posts\/6005","targetHints":{"allow":["GET"]}}],"collection":[{"href":"https:\/\/mycapil.com\/it\/wp-json\/wp\/v2\/posts"}],"about":[{"href":"https:\/\/mycapil.com\/it\/wp-json\/wp\/v2\/types\/post"}],"author":[{"embeddable":true,"href":"https:\/\/mycapil.com\/it\/wp-json\/wp\/v2\/users\/2"}],"replies":[{"embeddable":true,"href":"https:\/\/mycapil.com\/it\/wp-json\/wp\/v2\/comments?post=6005"}],"version-history":[{"count":1,"href":"https:\/\/mycapil.com\/it\/wp-json\/wp\/v2\/posts\/6005\/revisions"}],"predecessor-version":[{"id":6011,"href":"https:\/\/mycapil.com\/it\/wp-json\/wp\/v2\/posts\/6005\/revisions\/6011"}],"wp:featuredmedia":[{"embeddable":true,"href":"https:\/\/mycapil.com\/it\/wp-json\/wp\/v2\/media\/6006"}],"wp:attachment":[{"href":"https:\/\/mycapil.com\/it\/wp-json\/wp\/v2\/media?parent=6005"}],"wp:term":[{"taxonomy":"category","embeddable":true,"href":"https:\/\/mycapil.com\/it\/wp-json\/wp\/v2\/categories?post=6005"},{"taxonomy":"post_tag","embeddable":true,"href":"https:\/\/mycapil.com\/it\/wp-json\/wp\/v2\/tags?post=6005"}],"curies":[{"name":"wp","href":"https:\/\/api.w.org\/{rel}","templated":true}]}}