{"id":6267,"date":"2022-02-07T04:56:15","date_gmt":"2022-02-07T08:56:15","guid":{"rendered":"https:\/\/mycapil.com\/?p=6267"},"modified":"2022-02-07T04:56:15","modified_gmt":"2022-02-07T08:56:15","slug":"dermatite-seborroica","status":"publish","type":"post","link":"https:\/\/mycapil.com\/it\/dermatite-seborroica\/","title":{"rendered":"Dermatite seborroica e caduta dei capelli"},"content":{"rendered":"<p>La dermatite seborroica, chiamata anche eczema seborroico, \u00e8 una dermatite cronica della pelle che colpisce prevalentemente il cuoio capelluto: danneggiando i follicoli piliferi, ostacola la crescita dei capelli. Si tratta di una malattia fungina che pu\u00f2 manifestarsi quando la pelle presenta un\u2019infiammazione &#8211; infatti con &#8220;seborrea&#8221; si intende un\u2019infiammazione cronica, causa di squame e pelle grassa che si verifica quando il sebo \u00e8 prodotto in eccesso.<\/p>\n<p>La caduta dei capelli \u00e8 strettamente associata alla dermatite seborroica perch\u00e9 l&#8217;aumento della produzione di sebo pu\u00f2 creare irritazioni e infiammazioni sul cuoio capelluto, causa di un intenso prurito. Graffiare il cuoio capelluto pu\u00f2 danneggiare i follicoli piliferi che ostacolano la crescita naturale dei capelli, causandone la perdita.<\/p>\n<p>In alcuni casi, l\u2019eccessiva produzione di sebo pu\u00f2 anche causare il cosiddetto \u201csquilibrio di Malassezia\u201d : un fungo che causare ulteriori infiammazioni e danni ai follicoli piliferi, almeno se non trattato. Proprio come l&#8217;aumento della produzione di sebo, l&#8217;aumento della produzione di Malassezia pu\u00f2 portare alla caduta dei capelli.<\/p>\n<h2>Causa della dermatite seborroica<\/h2>\n<p>Non esiste una causa diretta della dermatite seborroica: questa condizione si sviluppa spesso in persone che non hanno nessun tipo di complicazione. Tuttavia, ci sono alcuni fattori di rischio che possono aumentare le possibilit\u00e0, tra cui:<\/p>\n<ul>\n<li>un sistema immunitario indebolito<\/li>\n<li>alcuni tipi di farmaci<\/li>\n<li>stress di tipo cronico<\/li>\n<li>genetica<\/li>\n<li>condizioni preesistenti come psoriasi, HIV, acne, morbo di Parkinson, depressione, alcolismo, disturbi alimentari, guarigione da ictus o infarto.<\/li>\n<\/ul>\n<h2>I sintomi della dermatite seborroica<\/h2>\n<p>La dermatite seborroica ha un impatto diretto sul cuoio capelluto e sulla capacit\u00e0 dei follicoli piliferi di produrre capelli. Poich\u00e9 le ghiandole sebacee secernono pi\u00f9 sebo del solito, i sintomi sono sempre una conseguenza dell\u2019eccesso di sebo sulla pelle e all&#8217;interno dei follicoli piliferi.<\/p>\n<p>I sintomi pi\u00f9 comuni includono presenza di:<\/p>\n<ul>\n<li>squame<\/li>\n<li>macchie grasse sulla testa<\/li>\n<li>forfora<\/li>\n<li>prurito al cuoio capelluto<\/li>\n<li>eruzione cutanea nel cuoio capelluto<\/li>\n<li>arrossamento<\/li>\n<li>infiammazione<\/li>\n<li>diradamento e perdita di capelli<\/li>\n<\/ul>\n<h2>Come viene trattata la dermatite seborroica?<\/h2>\n<p>Per trattare efficacemente questa condizione della pelle, bisogna essere sicuri di cominciare dei trattamenti mirati alle cause, piuttosto che a fermare i sintomi. Per esempio, trattare la caduta dei capelli, il diradamento dei capelli e la desquamazione della pelle senza trattare l&#8217;infezione fungina che li causa, pu\u00f2 soltanto peggiorare i sintomi.<\/p>\n<p>Esistono una serie di trattamenti disponibili, inclusi farmaci antimicotici o antifungini, metodi di trattamento omeopatici e farmaci da prescrizione.<\/p>\n<h2>Farmaci omeopatici e senza obbligo di prescrizione<\/h2>\n<p>Lo <strong>zinco piritione<\/strong> pu\u00f2 essere efficace perch\u00e9 questo principio attivo ha propriet\u00e0 antimicotiche e antibatteriche, ed \u00e8 spesso infuso negli shampoo per trattare la forfora e i funghi che causano prurito e desquamazione della pelle. \u00c8 anche disponibile in creme e detergenti per il viso.<\/p>\n<p>I potenziali effetti collaterali dello zinco piritione includono una sensazione di bruciore o bruciore sul cuoio capelluto e desquamazione della pelle, pertanto \u00e8 raccomandabile provarlo in minime dosi prima di procedere con un\u2019applicazione completa.<\/p>\n<p>Il <strong>solfuro di selenio<\/strong> \u00e8 un composto inorganico nonch\u00e9 un altro potente antimicotico, in grado di trattare la dermatite seborroica eliminando il lievito di Malassezia e riducendo l&#8217;infiammazione della pelle. Questo trattamento \u00e8 disponibile anche in shampoo, creme, detergenti per il viso e il corpo. I potenziali effetti collaterali includono irritazione della pelle, untuosit\u00e0 e secchezza.<\/p>\n<p>Il <strong>ketoconazolo<\/strong> \u00e8 un agente altamente efficace per trattare le infezioni fungine sulla pelle. Questo antimicotico notevolmente potente riesce a bloccare e prevenire la crescita di funghi, soprattutto quelli che causano la riacutizzazione della dermatite seborroica.<\/p>\n<p>I potenziali effetti collaterali del ketoconazolo includono nausea, mal di stomaco, vertigini, mal di testa ed eruzioni cutanee.<\/p>\n<p>L&#8217;<strong>acido salicilico<\/strong> pu\u00f2 ammorbidire le squame sulla testa causate dalla produzione irregolare di sebo; per questo motivo \u00e8 un ingrediente presente in molti shampoo antiforfora. Sebbene non ci siano molti dati per supportare l&#8217;acido salicilico come trattamento contro la dermatite seborroica da solo, \u00e8 spesso combinato con altri agenti nella produzione di shampoo mirati a trattare il cuoio capelluto squamoso. I potenziali effetti collaterali includono sensazione di bruciore o prurito sulla pelle e desquamazione.<\/p>\n<p>Lo <strong>shampoo antimicotico<\/strong> \u00e8 il trattamento predominante per la dermatite seborroica. Poich\u00e9 questa condizione della pelle colpisce principalmente il cuoio capelluto, l&#8217;applicazione di uno shampoo di questo tipo pu\u00f2 curare l&#8217;infezione e alleviare i sintomi. Le lozioni che includono solfuro di selenio, zinco piritione, ketoconazolo o acido salicilico si sono dimostrati efficaci per ridurre la forfora, curare arrossamenti e infiammazioni, e alleviare il prurito.<\/p>\n<p>I potenziali effetti collaterali dello shampoo antimicotico (in particolare ketoconazolo) includono prurito o irritazione della pelle, untuosit\u00e0 e secchezza del cuoio capelluto ed eruzioni cutanee.<\/p>\n<p>I <strong>corticosteroidi<\/strong> (o cortisonici) si sono dimostrati altamente efficaci nel trattamento della dermatite seborroica. Questi farmaci riducono l&#8217;infiammazione, alleviano l&#8217;eritema (macchie rosse sulla pelle) e alleviano il prurito. Generalmente disponibili in creme e unguenti, presentano potenziali effetti collaterali quali arrossamento e desquamazione della pelle, nausea, vesciche, mal di testa, vertigini, aumento della sudorazione, acne e insonnia.<\/p>\n<p>&nbsp;<\/p>\n<p>Gli <strong>inibitori topici della calcineurina<\/strong> sono agenti immunomodulanti, cio\u00e8 che agiscono direttamente sul sistema immunitario per ridurre l&#8217;infiammazione della pelle. Noti anche per il trattamento della dermatite seborroica, bloccano le sostanze chimiche che innescano l&#8217;infiammazione e causano arrossamento e prurito. I potenziali effetti collaterali degli inibitori topici della calcineurina includono irritazione della pelle, acne facciale, arrossamento del viso.<\/p>\n<h2>La dermatite seborroica \u00e8 curabile?<\/h2>\n<p>Poich\u00e9 la dermatite seborroica \u00e8 una malattia cronica, \u00e8 probabile che persista come condizione per tutta la vita. Le riacutizzazioni possono verificarsi stagionalmente o quando una persona sperimenta periodi di stress.<\/p>\n<p>Nonostante ci\u00f2, i sintomi di questa condizione sono curabili e i capelli possono ricrescere. A questo proposito, come gi\u00e0 accennato, sono disponibili farmaci da banco e topici. Se trattata adeguatamente con antimicotici e antinfiammatori, tutto andr\u00e0 per il meglio e i capelli ricresceranno.<\/p>\n<p>Tuttavia, il trattamento mirato \u00e8 molto personale (dipende dallo stile di vita del paziente, dai sintomi e dalla gravit\u00e0 della sua condizione). Prima di decidere su un\u2019eventuale opzione di trattamento, non sottovalutare i rischi degli effetti collaterali di ciascun metodo. Infine, se stai riscontrando i sintomi della dermatite seborroica, contatta immediatamente il tuo dermatologo di fiducia.<\/p>\n","protected":false},"excerpt":{"rendered":"<p>La dermatite seborroica, chiamata anche eczema seborroico, \u00e8 una dermatite cronica della pelle che colpisce prevalentemente il cuoio capelluto: danneggiando i follicoli piliferi, ostacola la crescita dei capelli. Si tratta di una malattia fungina che pu\u00f2 manifestarsi quando la pelle presenta un\u2019infiammazione &#8211; infatti con &#8220;seborrea&#8221; si intende un\u2019infiammazione cronica, causa di squame e pelle [&hellip;]<\/p>\n","protected":false},"author":2,"featured_media":6268,"comment_status":"open","ping_status":"open","sticky":false,"template":"","format":"standard","meta":{"footnotes":""},"categories":[70],"tags":[],"class_list":{"0":"post-6267","1":"post","2":"type-post","3":"status-publish","4":"format-standard","5":"has-post-thumbnail","7":"category-perdita-di-capelli"},"yoast_head":"<!-- This site is optimized with the Yoast SEO plugin v25.9 - https:\/\/yoast.com\/wordpress\/plugins\/seo\/ -->\n<title>Dermatite seborroica e caduta dei capelli - MyCapil \u2714\ufe0f<\/title>\n<meta name=\"description\" content=\"In questo articolo parleremo di Dermatite seborroica e caduta dei capelli . Visita il nostro blog\" \/>\n<meta name=\"robots\" content=\"index, follow, max-snippet:-1, max-image-preview:large, max-video-preview:-1\" \/>\n<link rel=\"canonical\" href=\"https:\/\/mycapil.com\/it\/dermatite-seborroica\/\" \/>\n<meta property=\"og:locale\" content=\"it_IT\" \/>\n<meta property=\"og:type\" content=\"article\" \/>\n<meta property=\"og:title\" content=\"Dermatite seborroica e caduta dei capelli - MyCapil \u2714\ufe0f\" \/>\n<meta property=\"og:description\" content=\"In questo articolo parleremo di Dermatite seborroica e caduta dei capelli . Visita il nostro blog\" \/>\n<meta property=\"og:url\" content=\"https:\/\/mycapil.com\/it\/dermatite-seborroica\/\" \/>\n<meta property=\"og:site_name\" content=\"MyCapil\" \/>\n<meta property=\"article:published_time\" content=\"2022-02-07T08:56:15+00:00\" \/>\n<meta property=\"og:image\" content=\"https:\/\/mycapil.com\/wp-content\/uploads\/2022\/02\/dermatite.jpg\" \/>\n\t<meta property=\"og:image:width\" content=\"992\" \/>\n\t<meta property=\"og:image:height\" content=\"558\" \/>\n\t<meta property=\"og:image:type\" content=\"image\/jpeg\" \/>\n<meta name=\"author\" content=\"MyCapil\" \/>\n<meta name=\"twitter:card\" content=\"summary_large_image\" \/>\n<meta name=\"twitter:label1\" content=\"Written by\" \/>\n\t<meta name=\"twitter:data1\" content=\"MyCapil\" \/>\n\t<meta name=\"twitter:label2\" content=\"Est. reading time\" \/>\n\t<meta name=\"twitter:data2\" content=\"5 minutes\" \/>\n<script type=\"application\/ld+json\" class=\"yoast-schema-graph\">{\"@context\":\"https:\/\/schema.org\",\"@graph\":[{\"@type\":\"Article\",\"@id\":\"https:\/\/mycapil.com\/it\/dermatite-seborroica\/#article\",\"isPartOf\":{\"@id\":\"https:\/\/mycapil.com\/it\/dermatite-seborroica\/\"},\"author\":{\"name\":\"MyCapil\",\"@id\":\"https:\/\/mycapil.com\/it\/#\/schema\/person\/edb7928a381976a0b94e47505ff847d5\"},\"headline\":\"Dermatite seborroica e caduta dei capelli\",\"datePublished\":\"2022-02-07T08:56:15+00:00\",\"mainEntityOfPage\":{\"@id\":\"https:\/\/mycapil.com\/it\/dermatite-seborroica\/\"},\"wordCount\":992,\"commentCount\":0,\"publisher\":{\"@id\":\"https:\/\/mycapil.com\/it\/#organization\"},\"image\":{\"@id\":\"https:\/\/mycapil.com\/it\/dermatite-seborroica\/#primaryimage\"},\"thumbnailUrl\":\"https:\/\/mycapil.com\/wp-content\/uploads\/2022\/02\/dermatite.jpg\",\"articleSection\":[\"Perdita di capelli\"],\"inLanguage\":\"it\",\"potentialAction\":[{\"@type\":\"CommentAction\",\"name\":\"Comment\",\"target\":[\"https:\/\/mycapil.com\/it\/dermatite-seborroica\/#respond\"]}]},{\"@type\":\"WebPage\",\"@id\":\"https:\/\/mycapil.com\/it\/dermatite-seborroica\/\",\"url\":\"https:\/\/mycapil.com\/it\/dermatite-seborroica\/\",\"name\":\"Dermatite seborroica e caduta dei capelli - MyCapil \u2714\ufe0f\",\"isPartOf\":{\"@id\":\"https:\/\/mycapil.com\/it\/#website\"},\"primaryImageOfPage\":{\"@id\":\"https:\/\/mycapil.com\/it\/dermatite-seborroica\/#primaryimage\"},\"image\":{\"@id\":\"https:\/\/mycapil.com\/it\/dermatite-seborroica\/#primaryimage\"},\"thumbnailUrl\":\"https:\/\/mycapil.com\/wp-content\/uploads\/2022\/02\/dermatite.jpg\",\"datePublished\":\"2022-02-07T08:56:15+00:00\",\"description\":\"In questo articolo parleremo di Dermatite seborroica e caduta dei capelli . Visita il nostro blog\",\"breadcrumb\":{\"@id\":\"https:\/\/mycapil.com\/it\/dermatite-seborroica\/#breadcrumb\"},\"inLanguage\":\"it\",\"potentialAction\":[{\"@type\":\"ReadAction\",\"target\":[\"https:\/\/mycapil.com\/it\/dermatite-seborroica\/\"]}]},{\"@type\":\"ImageObject\",\"inLanguage\":\"it\",\"@id\":\"https:\/\/mycapil.com\/it\/dermatite-seborroica\/#primaryimage\",\"url\":\"https:\/\/mycapil.com\/wp-content\/uploads\/2022\/02\/dermatite.jpg\",\"contentUrl\":\"https:\/\/mycapil.com\/wp-content\/uploads\/2022\/02\/dermatite.jpg\",\"width\":992,\"height\":558,\"caption\":\"Dermatite seborroica e caduta dei capelli\"},{\"@type\":\"BreadcrumbList\",\"@id\":\"https:\/\/mycapil.com\/it\/dermatite-seborroica\/#breadcrumb\",\"itemListElement\":[{\"@type\":\"ListItem\",\"position\":1,\"name\":\"Comienzo\",\"item\":\"https:\/\/mycapil.com\/it\/home\/\"},{\"@type\":\"ListItem\",\"position\":2,\"name\":\"Dermatite seborroica e caduta dei capelli\"}]},{\"@type\":\"WebSite\",\"@id\":\"https:\/\/mycapil.com\/it\/#website\",\"url\":\"https:\/\/mycapil.com\/it\/\",\"name\":\"MyCapil\",\"description\":\"Alopecia, perdita di capelli, capillare\",\"publisher\":{\"@id\":\"https:\/\/mycapil.com\/it\/#organization\"},\"potentialAction\":[{\"@type\":\"SearchAction\",\"target\":{\"@type\":\"EntryPoint\",\"urlTemplate\":\"https:\/\/mycapil.com\/it\/?s={search_term_string}\"},\"query-input\":{\"@type\":\"PropertyValueSpecification\",\"valueRequired\":true,\"valueName\":\"search_term_string\"}}],\"inLanguage\":\"it\"},{\"@type\":\"Organization\",\"@id\":\"https:\/\/mycapil.com\/it\/#organization\",\"name\":\"MyCapil\",\"url\":\"https:\/\/mycapil.com\/it\/\",\"logo\":{\"@type\":\"ImageObject\",\"inLanguage\":\"it\",\"@id\":\"https:\/\/mycapil.com\/it\/#\/schema\/logo\/image\/\",\"url\":\"https:\/\/mycapil.com\/wp-content\/uploads\/2020\/02\/Mycapil3.png\",\"contentUrl\":\"https:\/\/mycapil.com\/wp-content\/uploads\/2020\/02\/Mycapil3.png\",\"width\":339,\"height\":113,\"caption\":\"MyCapil\"},\"image\":{\"@id\":\"https:\/\/mycapil.com\/it\/#\/schema\/logo\/image\/\"}},{\"@type\":\"Person\",\"@id\":\"https:\/\/mycapil.com\/it\/#\/schema\/person\/edb7928a381976a0b94e47505ff847d5\",\"name\":\"MyCapil\",\"image\":{\"@type\":\"ImageObject\",\"inLanguage\":\"it\",\"@id\":\"https:\/\/mycapil.com\/it\/#\/schema\/person\/image\/\",\"url\":\"https:\/\/secure.gravatar.com\/avatar\/7d6a4dd75e3893e11a15320ce302770387ef8f0b488173747313e3e308c679b0?s=96&d=mm&r=g\",\"contentUrl\":\"https:\/\/secure.gravatar.com\/avatar\/7d6a4dd75e3893e11a15320ce302770387ef8f0b488173747313e3e308c679b0?s=96&d=mm&r=g\",\"caption\":\"MyCapil\"}}]}<\/script>\n<!-- \/ Yoast SEO plugin. -->","yoast_head_json":{"title":"Dermatite seborroica e caduta dei capelli - MyCapil \u2714\ufe0f","description":"In questo articolo parleremo di Dermatite seborroica e caduta dei capelli . Visita il nostro blog","robots":{"index":"index","follow":"follow","max-snippet":"max-snippet:-1","max-image-preview":"max-image-preview:large","max-video-preview":"max-video-preview:-1"},"canonical":"https:\/\/mycapil.com\/it\/dermatite-seborroica\/","og_locale":"it_IT","og_type":"article","og_title":"Dermatite seborroica e caduta dei capelli - MyCapil \u2714\ufe0f","og_description":"In questo articolo parleremo di Dermatite seborroica e caduta dei capelli . Visita il nostro blog","og_url":"https:\/\/mycapil.com\/it\/dermatite-seborroica\/","og_site_name":"MyCapil","article_published_time":"2022-02-07T08:56:15+00:00","og_image":[{"width":992,"height":558,"url":"https:\/\/mycapil.com\/wp-content\/uploads\/2022\/02\/dermatite.jpg","type":"image\/jpeg"}],"author":"MyCapil","twitter_card":"summary_large_image","twitter_misc":{"Written by":"MyCapil","Est. reading time":"5 minutes"},"schema":{"@context":"https:\/\/schema.org","@graph":[{"@type":"Article","@id":"https:\/\/mycapil.com\/it\/dermatite-seborroica\/#article","isPartOf":{"@id":"https:\/\/mycapil.com\/it\/dermatite-seborroica\/"},"author":{"name":"MyCapil","@id":"https:\/\/mycapil.com\/it\/#\/schema\/person\/edb7928a381976a0b94e47505ff847d5"},"headline":"Dermatite seborroica e caduta dei capelli","datePublished":"2022-02-07T08:56:15+00:00","mainEntityOfPage":{"@id":"https:\/\/mycapil.com\/it\/dermatite-seborroica\/"},"wordCount":992,"commentCount":0,"publisher":{"@id":"https:\/\/mycapil.com\/it\/#organization"},"image":{"@id":"https:\/\/mycapil.com\/it\/dermatite-seborroica\/#primaryimage"},"thumbnailUrl":"https:\/\/mycapil.com\/wp-content\/uploads\/2022\/02\/dermatite.jpg","articleSection":["Perdita di capelli"],"inLanguage":"it","potentialAction":[{"@type":"CommentAction","name":"Comment","target":["https:\/\/mycapil.com\/it\/dermatite-seborroica\/#respond"]}]},{"@type":"WebPage","@id":"https:\/\/mycapil.com\/it\/dermatite-seborroica\/","url":"https:\/\/mycapil.com\/it\/dermatite-seborroica\/","name":"Dermatite seborroica e caduta dei capelli - MyCapil \u2714\ufe0f","isPartOf":{"@id":"https:\/\/mycapil.com\/it\/#website"},"primaryImageOfPage":{"@id":"https:\/\/mycapil.com\/it\/dermatite-seborroica\/#primaryimage"},"image":{"@id":"https:\/\/mycapil.com\/it\/dermatite-seborroica\/#primaryimage"},"thumbnailUrl":"https:\/\/mycapil.com\/wp-content\/uploads\/2022\/02\/dermatite.jpg","datePublished":"2022-02-07T08:56:15+00:00","description":"In questo articolo parleremo di Dermatite seborroica e caduta dei capelli . Visita il nostro blog","breadcrumb":{"@id":"https:\/\/mycapil.com\/it\/dermatite-seborroica\/#breadcrumb"},"inLanguage":"it","potentialAction":[{"@type":"ReadAction","target":["https:\/\/mycapil.com\/it\/dermatite-seborroica\/"]}]},{"@type":"ImageObject","inLanguage":"it","@id":"https:\/\/mycapil.com\/it\/dermatite-seborroica\/#primaryimage","url":"https:\/\/mycapil.com\/wp-content\/uploads\/2022\/02\/dermatite.jpg","contentUrl":"https:\/\/mycapil.com\/wp-content\/uploads\/2022\/02\/dermatite.jpg","width":992,"height":558,"caption":"Dermatite seborroica e caduta dei capelli"},{"@type":"BreadcrumbList","@id":"https:\/\/mycapil.com\/it\/dermatite-seborroica\/#breadcrumb","itemListElement":[{"@type":"ListItem","position":1,"name":"Comienzo","item":"https:\/\/mycapil.com\/it\/home\/"},{"@type":"ListItem","position":2,"name":"Dermatite seborroica e caduta dei capelli"}]},{"@type":"WebSite","@id":"https:\/\/mycapil.com\/it\/#website","url":"https:\/\/mycapil.com\/it\/","name":"MyCapil","description":"Alopecia, perdita di capelli, capillare","publisher":{"@id":"https:\/\/mycapil.com\/it\/#organization"},"potentialAction":[{"@type":"SearchAction","target":{"@type":"EntryPoint","urlTemplate":"https:\/\/mycapil.com\/it\/?s={search_term_string}"},"query-input":{"@type":"PropertyValueSpecification","valueRequired":true,"valueName":"search_term_string"}}],"inLanguage":"it"},{"@type":"Organization","@id":"https:\/\/mycapil.com\/it\/#organization","name":"MyCapil","url":"https:\/\/mycapil.com\/it\/","logo":{"@type":"ImageObject","inLanguage":"it","@id":"https:\/\/mycapil.com\/it\/#\/schema\/logo\/image\/","url":"https:\/\/mycapil.com\/wp-content\/uploads\/2020\/02\/Mycapil3.png","contentUrl":"https:\/\/mycapil.com\/wp-content\/uploads\/2020\/02\/Mycapil3.png","width":339,"height":113,"caption":"MyCapil"},"image":{"@id":"https:\/\/mycapil.com\/it\/#\/schema\/logo\/image\/"}},{"@type":"Person","@id":"https:\/\/mycapil.com\/it\/#\/schema\/person\/edb7928a381976a0b94e47505ff847d5","name":"MyCapil","image":{"@type":"ImageObject","inLanguage":"it","@id":"https:\/\/mycapil.com\/it\/#\/schema\/person\/image\/","url":"https:\/\/secure.gravatar.com\/avatar\/7d6a4dd75e3893e11a15320ce302770387ef8f0b488173747313e3e308c679b0?s=96&d=mm&r=g","contentUrl":"https:\/\/secure.gravatar.com\/avatar\/7d6a4dd75e3893e11a15320ce302770387ef8f0b488173747313e3e308c679b0?s=96&d=mm&r=g","caption":"MyCapil"}}]}},"_links":{"self":[{"href":"https:\/\/mycapil.com\/it\/wp-json\/wp\/v2\/posts\/6267","targetHints":{"allow":["GET"]}}],"collection":[{"href":"https:\/\/mycapil.com\/it\/wp-json\/wp\/v2\/posts"}],"about":[{"href":"https:\/\/mycapil.com\/it\/wp-json\/wp\/v2\/types\/post"}],"author":[{"embeddable":true,"href":"https:\/\/mycapil.com\/it\/wp-json\/wp\/v2\/users\/2"}],"replies":[{"embeddable":true,"href":"https:\/\/mycapil.com\/it\/wp-json\/wp\/v2\/comments?post=6267"}],"version-history":[{"count":1,"href":"https:\/\/mycapil.com\/it\/wp-json\/wp\/v2\/posts\/6267\/revisions"}],"predecessor-version":[{"id":6273,"href":"https:\/\/mycapil.com\/it\/wp-json\/wp\/v2\/posts\/6267\/revisions\/6273"}],"wp:featuredmedia":[{"embeddable":true,"href":"https:\/\/mycapil.com\/it\/wp-json\/wp\/v2\/media\/6268"}],"wp:attachment":[{"href":"https:\/\/mycapil.com\/it\/wp-json\/wp\/v2\/media?parent=6267"}],"wp:term":[{"taxonomy":"category","embeddable":true,"href":"https:\/\/mycapil.com\/it\/wp-json\/wp\/v2\/categories?post=6267"},{"taxonomy":"post_tag","embeddable":true,"href":"https:\/\/mycapil.com\/it\/wp-json\/wp\/v2\/tags?post=6267"}],"curies":[{"name":"wp","href":"https:\/\/api.w.org\/{rel}","templated":true}]}}