{"id":7220,"date":"2022-04-20T03:01:26","date_gmt":"2022-04-20T07:01:26","guid":{"rendered":"https:\/\/mycapil.com\/?p=7220"},"modified":"2022-04-20T03:01:26","modified_gmt":"2022-04-20T07:01:26","slug":"capelli-secchi","status":"publish","type":"post","link":"https:\/\/mycapil.com\/it\/capelli-secchi\/","title":{"rendered":"Capelli secchi: come idratarli e ripararli"},"content":{"rendered":"<p>I capelli asciutti non assorbono o trattengono abbastanza umidit\u00e0 per mantenerne la consistenza e la luminosit\u00e0 di sempre, ecco perch\u00e9 sembrano spenti ed eccessivamente fragili. La maggior parte delle volte \u00e8 improbabile che si tratti di un problema di salute che causa la secchezza dei capelli.<\/p>\n<p>I capelli secchi possono essere causati da fattori, tra cui:<\/p>\n<ul>\n<li>carenze nutrizionali<\/li>\n<li>eccessiva esposizione al sole<\/li>\n<li>contatto con acqua clorurata<\/li>\n<li>lavaggi eccessivi<\/li>\n<li>uso di prodotti e strumenti aggressivi<\/li>\n<\/ul>\n<p>Alcune possibili cause mediche dei capelli secchi possono essere l&#8217;anoressia nervosa, la malattia di Menkes, l&#8217;ipoparatiroidismo, l&#8217;ipotiroidismo e altre anomalie di natura ormonale. Se anche tu stai accusando una secchezza eccessiva, continua a leggere questo articolo per sapere come riparare i tuoi capelli danneggiati.<\/p>\n<h2>Rimedi casalinghi per trattare i capelli secchi<\/h2>\n<p>Oltre ai prodotti farmaceutici o cosmetici, \u00e8 possibile optare per rimedi casalinghi con lo scopo di curare un\u2019eccessiva secchezza e fragilit\u00e0. Di seguito elenchiamo i 12 rimedi casalinghi che preferiamo.<\/p>\n<h3>1.Impiego di oli caldi<\/h3>\n<p>L&#8217;olio d&#8217;oliva \u00e8 uno dei rimedi pi\u00f9 popolari contro i capelli secchi &#8211; ma non \u00e8 l\u2019unico. Per ottenere dei buoni risultati, prova anche i seguenti:<\/p>\n<ul>\n<li>olio di cocco<\/li>\n<li>olio di mandorle<\/li>\n<li>olio di ricino<\/li>\n<li>olio di jojoba<\/li>\n<li>olio di mais<\/li>\n<\/ul>\n<p>Sono tutti ricchi di vitamina E e antiossidanti e aiutano a sigillare lo strato esterno del capello o la cuticola per l&#8217;umidit\u00e0, riparando cos\u00ec i danni provocati dalla secchezza.<\/p>\n<p>Per preparare questo rimedio, segui le seguenti raccomandazioni:<\/p>\n<ul>\n<li>Riscalda (senza far bollire) circa mezzo bicchiere di olio.<\/li>\n<li>Massaggialo delicatamente sui capelli per alcuni minuti.<\/li>\n<li>Copri la testa con un asciugamano riscaldato.<\/li>\n<li>Lascia agire per 30-45 minuti o durante la notte.<\/li>\n<li>Trascorso questo tempo, procedi con lo shampoo e risciacqua abbondantemente.<\/li>\n<\/ul>\n<p>Questo trattamento rafforzer\u00e0 e aggiunger\u00e0 lucentezza ai capelli secchi in poco tempo.<\/p>\n<h3>2. Usa prodotti mirati per la cura del tuo tipo di capelli<\/h3>\n<p>Questo \u00e8 un errore che spesso commettono in molti senza pensarci troppo: magari chi ha i capelli grassi, opta per uno shampoo che li fa diventare ancora pi\u00f9 oleosi, o ci si\u00a0\u00a0lava con la prima bottiglia che si trova in bagno. In realt\u00e0, chi vuole avere dei capelli in salute deve conoscerne le caratteristiche prima di procedere con la scelta dei prodotti &#8211; ogni testa \u00e8 a s\u00e9 e con delle caratteristiche diverse.<\/p>\n<h3>3. La birra al posto del balsamo<\/h3>\n<p>Contenendo malto e luppolo, la birra \u00e8 in grado di apportare due proteine che aiutano a riparare le cuticole dei capelli, rendendoli lisci e lucenti. Chi lava i capelli come di consueto e poi applica alcune gocce sulla lunghezza delle ciocche e le lascia asciugare naturalmente, avr\u00e0 scoperto un balsamo sorprendente. Contrariamente a quello che si potrebbe pensare, un p\u00f2 di birra sui capelli non lascia nessun odore sgradevole.<\/p>\n<h3>4. Una maschera all&#8217;olio di cocco<\/h3>\n<p>L&#8217;olio di cocco ha un effetto idratante, soprattutto sui capelli. \u00c9 consigliato preparare una semplice maschera facendo bollire delle foglie di alloro con dell\u2019olio di cocco per 2-3 minuti e lasciando riposare l\u2019unguento in un luogo fresco per alcuni giorni. Trascorso il tempo, la maschera fredda pu\u00f2 essere strofinata delicatamente sui capelli e sul cuoio capelluto e infine, basta coprire la testa con un asciugamano caldo. Lasciandolo in posa per qualche minuto prima di procedere con il risciacquo,l\u2019olio di cocco fa miracoli.<\/p>\n<h3>5. Preparato alla gelatina<\/h3>\n<p>Applicare un composto a base di gelatina per curare i capelli secchi \u00e8 semplice e far\u00e0 bene a causa dell\u2019effetto sulle proteine dei capelli. Basta rivestire le ciocche di capelli e idratarle: il tutto render\u00e0 i capelli lisci e lucenti.<\/p>\n<p>Per preparare questo rimedio basta:<\/p>\n<ul>\n<li>Mescolare 1 cucchiaio di gelatina con 1 tazza di acqua tiepida.<\/li>\n<li>Lasciare da parte per 5 minuti per lasciare solidificare il composto.<\/li>\n<li>Aggiungere 1 cucchiaino di aceto di mele e 6 gocce di olio essenziale a scelta (gelsomino, lavanda, salvia o rosmarino) e amalgamare.<\/li>\n<li>Applicare sui capelli puliti.<\/li>\n<li>Lasciare in posa per 10 minuti.<\/li>\n<li>Risciacquare con acqua tiepida abbondante.<\/li>\n<\/ul>\n<h3>6. Utilizzare preparati a base di uova e maionese<\/h3>\n<p>Le uova e la maionese sono buone non solo a tavola. La ragione della loro utilit\u00e0 sta nelle proteine che aiutano a fortificare e rafforzare i capelli e a ridare idratazione quando eccessivamente sfibrati o secchi. Procedete in uno dei seguenti modi:<\/p>\n<p>#1<\/p>\n<ul>\n<li>Montare un albume con 2 cucchiai di acqua tiepida.<\/li>\n<li>Applicare la miscela sui capelli e sul cuoio capelluto.<\/li>\n<li>Massaggiare con la punta delle dita con movimenti circolari per alcuni minuti.<\/li>\n<li>Sciacquare i capelli con acqua fredda e poi procedere con lo shampoo.<\/li>\n<\/ul>\n<p>#2<\/p>\n<ul>\n<li>Mescolare tre uova in una ciotola.<\/li>\n<li>Aggiungere 2 cucchiai di olio d&#8217;oliva e 1 cucchiaio di miele.<\/li>\n<li>Applicare la miscela su capelli e cuoio capelluto.<\/li>\n<li>Coprire la testa con una una cuffia da doccia per circa 30 minuti.<\/li>\n<li>Sciacquare i capelli con acqua fredda abbondante.<\/li>\n<li>Procedere con lo shampoo come di consueto.<\/li>\n<\/ul>\n<p>#3<\/p>\n<ul>\n<li>Bagnare i capelli con acqua tiepida e applicare delicatamente uno strato spesso di maionese.<\/li>\n<li>Massaggiare delicatamente capelli e cuoio capelluto, avendo cura di distribuire il composto dalle ciocche fino alle punte.<\/li>\n<li>Lasciare in posa sulla testa coperta con una cuffia per 30 minuti o 1 ora massimo.<\/li>\n<li>Sciacquare con acqua fredda.<\/li>\n<li>Procedere con lo shampoo.<\/li>\n<\/ul>\n<h3>7. Applicare una maschera allo yogurt e olio<\/h3>\n<p>Yogurt e olio costituiscono un trattamento efficace che pu\u00f2 essere realizzato a casa per combattere i capelli secchi. Per prepararlo, basta seguire le seguenti istruzioni:<\/p>\n<ul>\n<li>Aggiungere 2 cucchiai di olio d&#8217;oliva e 6 gocce di olio essenziale a mezza tazza di yogurt bianco.<\/li>\n<li>Mescolare accuratamente.<\/li>\n<li>Applicare la miscela sui capelli appena lavati.<\/li>\n<li>Coprire con una cuffia di plastica e lasciare agire per 15-20 minuti.<\/li>\n<li>Sciacquare accuratamente i capelli con acqua tiepida abbondante.<\/li>\n<\/ul>\n<h2>Conclusioni<\/h2>\n<p>Con l\u2019estate alle porte, i nostri capelli sono i primi a risentirne. Per ridonare quella lucentezza di sempre, basta seguire i nostri consigli e non saranno pi\u00f9 spenti e senza vita<\/p>\n","protected":false},"excerpt":{"rendered":"<p>I capelli asciutti non assorbono o trattengono abbastanza umidit\u00e0 per mantenerne la consistenza e la luminosit\u00e0 di sempre, ecco perch\u00e9 sembrano spenti ed eccessivamente fragili. La maggior parte delle volte \u00e8 improbabile che si tratti di un problema di salute che causa la secchezza dei capelli. I capelli secchi possono essere causati da fattori, tra [&hellip;]<\/p>\n","protected":false},"author":2,"featured_media":7221,"comment_status":"open","ping_status":"open","sticky":false,"template":"","format":"standard","meta":{"footnotes":""},"categories":[5],"tags":[],"class_list":{"0":"post-7220","1":"post","2":"type-post","3":"status-publish","4":"format-standard","5":"has-post-thumbnail","7":"category-notizia"},"yoast_head":"<!-- This site is optimized with the Yoast SEO plugin v25.9 - https:\/\/yoast.com\/wordpress\/plugins\/seo\/ -->\n<title>Capelli secchi: come idratarli e ripararli - MyCapil \u2714\ufe0f<\/title>\n<meta name=\"description\" content=\"In questo articolo parleremo di Capelli secchi: come idratarli e ripararli . Visita il nostro blog\" \/>\n<meta name=\"robots\" content=\"index, follow, max-snippet:-1, max-image-preview:large, max-video-preview:-1\" \/>\n<link rel=\"canonical\" href=\"https:\/\/mycapil.com\/it\/capelli-secchi\/\" \/>\n<meta property=\"og:locale\" content=\"it_IT\" \/>\n<meta property=\"og:type\" content=\"article\" \/>\n<meta property=\"og:title\" content=\"Capelli secchi: come idratarli e ripararli - MyCapil \u2714\ufe0f\" \/>\n<meta property=\"og:description\" content=\"In questo articolo parleremo di Capelli secchi: come idratarli e ripararli . Visita il nostro blog\" \/>\n<meta property=\"og:url\" content=\"https:\/\/mycapil.com\/it\/capelli-secchi\/\" \/>\n<meta property=\"og:site_name\" content=\"MyCapil\" \/>\n<meta property=\"article:published_time\" content=\"2022-04-20T07:01:26+00:00\" \/>\n<meta property=\"og:image\" content=\"https:\/\/mycapil.com\/wp-content\/uploads\/2022\/04\/Capelli-secchi.jpg\" \/>\n\t<meta property=\"og:image:width\" content=\"600\" \/>\n\t<meta property=\"og:image:height\" content=\"411\" \/>\n\t<meta property=\"og:image:type\" content=\"image\/jpeg\" \/>\n<meta name=\"author\" content=\"MyCapil\" \/>\n<meta name=\"twitter:card\" content=\"summary_large_image\" \/>\n<meta name=\"twitter:label1\" content=\"Written by\" \/>\n\t<meta name=\"twitter:data1\" content=\"MyCapil\" \/>\n\t<meta name=\"twitter:label2\" content=\"Est. reading time\" \/>\n\t<meta name=\"twitter:data2\" content=\"5 minutes\" \/>\n<script type=\"application\/ld+json\" class=\"yoast-schema-graph\">{\"@context\":\"https:\/\/schema.org\",\"@graph\":[{\"@type\":\"Article\",\"@id\":\"https:\/\/mycapil.com\/it\/capelli-secchi\/#article\",\"isPartOf\":{\"@id\":\"https:\/\/mycapil.com\/it\/capelli-secchi\/\"},\"author\":{\"name\":\"MyCapil\",\"@id\":\"https:\/\/mycapil.com\/it\/#\/schema\/person\/edb7928a381976a0b94e47505ff847d5\"},\"headline\":\"Capelli secchi: come idratarli e ripararli\",\"datePublished\":\"2022-04-20T07:01:26+00:00\",\"mainEntityOfPage\":{\"@id\":\"https:\/\/mycapil.com\/it\/capelli-secchi\/\"},\"wordCount\":945,\"commentCount\":0,\"publisher\":{\"@id\":\"https:\/\/mycapil.com\/it\/#organization\"},\"image\":{\"@id\":\"https:\/\/mycapil.com\/it\/capelli-secchi\/#primaryimage\"},\"thumbnailUrl\":\"https:\/\/mycapil.com\/wp-content\/uploads\/2022\/04\/Capelli-secchi.jpg\",\"articleSection\":[\"Notizia\"],\"inLanguage\":\"it\",\"potentialAction\":[{\"@type\":\"CommentAction\",\"name\":\"Comment\",\"target\":[\"https:\/\/mycapil.com\/it\/capelli-secchi\/#respond\"]}]},{\"@type\":\"WebPage\",\"@id\":\"https:\/\/mycapil.com\/it\/capelli-secchi\/\",\"url\":\"https:\/\/mycapil.com\/it\/capelli-secchi\/\",\"name\":\"Capelli secchi: come idratarli e ripararli - MyCapil \u2714\ufe0f\",\"isPartOf\":{\"@id\":\"https:\/\/mycapil.com\/it\/#website\"},\"primaryImageOfPage\":{\"@id\":\"https:\/\/mycapil.com\/it\/capelli-secchi\/#primaryimage\"},\"image\":{\"@id\":\"https:\/\/mycapil.com\/it\/capelli-secchi\/#primaryimage\"},\"thumbnailUrl\":\"https:\/\/mycapil.com\/wp-content\/uploads\/2022\/04\/Capelli-secchi.jpg\",\"datePublished\":\"2022-04-20T07:01:26+00:00\",\"description\":\"In questo articolo parleremo di Capelli secchi: come idratarli e ripararli . Visita il nostro blog\",\"breadcrumb\":{\"@id\":\"https:\/\/mycapil.com\/it\/capelli-secchi\/#breadcrumb\"},\"inLanguage\":\"it\",\"potentialAction\":[{\"@type\":\"ReadAction\",\"target\":[\"https:\/\/mycapil.com\/it\/capelli-secchi\/\"]}]},{\"@type\":\"ImageObject\",\"inLanguage\":\"it\",\"@id\":\"https:\/\/mycapil.com\/it\/capelli-secchi\/#primaryimage\",\"url\":\"https:\/\/mycapil.com\/wp-content\/uploads\/2022\/04\/Capelli-secchi.jpg\",\"contentUrl\":\"https:\/\/mycapil.com\/wp-content\/uploads\/2022\/04\/Capelli-secchi.jpg\",\"width\":600,\"height\":411,\"caption\":\"Capelli secchi: come idratarli e ripararli\"},{\"@type\":\"BreadcrumbList\",\"@id\":\"https:\/\/mycapil.com\/it\/capelli-secchi\/#breadcrumb\",\"itemListElement\":[{\"@type\":\"ListItem\",\"position\":1,\"name\":\"Comienzo\",\"item\":\"https:\/\/mycapil.com\/it\/home\/\"},{\"@type\":\"ListItem\",\"position\":2,\"name\":\"Capelli secchi: come idratarli e ripararli\"}]},{\"@type\":\"WebSite\",\"@id\":\"https:\/\/mycapil.com\/it\/#website\",\"url\":\"https:\/\/mycapil.com\/it\/\",\"name\":\"MyCapil\",\"description\":\"Alopecia, perdita di capelli, capillare\",\"publisher\":{\"@id\":\"https:\/\/mycapil.com\/it\/#organization\"},\"potentialAction\":[{\"@type\":\"SearchAction\",\"target\":{\"@type\":\"EntryPoint\",\"urlTemplate\":\"https:\/\/mycapil.com\/it\/?s={search_term_string}\"},\"query-input\":{\"@type\":\"PropertyValueSpecification\",\"valueRequired\":true,\"valueName\":\"search_term_string\"}}],\"inLanguage\":\"it\"},{\"@type\":\"Organization\",\"@id\":\"https:\/\/mycapil.com\/it\/#organization\",\"name\":\"MyCapil\",\"url\":\"https:\/\/mycapil.com\/it\/\",\"logo\":{\"@type\":\"ImageObject\",\"inLanguage\":\"it\",\"@id\":\"https:\/\/mycapil.com\/it\/#\/schema\/logo\/image\/\",\"url\":\"https:\/\/mycapil.com\/wp-content\/uploads\/2020\/02\/Mycapil3.png\",\"contentUrl\":\"https:\/\/mycapil.com\/wp-content\/uploads\/2020\/02\/Mycapil3.png\",\"width\":339,\"height\":113,\"caption\":\"MyCapil\"},\"image\":{\"@id\":\"https:\/\/mycapil.com\/it\/#\/schema\/logo\/image\/\"}},{\"@type\":\"Person\",\"@id\":\"https:\/\/mycapil.com\/it\/#\/schema\/person\/edb7928a381976a0b94e47505ff847d5\",\"name\":\"MyCapil\",\"image\":{\"@type\":\"ImageObject\",\"inLanguage\":\"it\",\"@id\":\"https:\/\/mycapil.com\/it\/#\/schema\/person\/image\/\",\"url\":\"https:\/\/secure.gravatar.com\/avatar\/7d6a4dd75e3893e11a15320ce302770387ef8f0b488173747313e3e308c679b0?s=96&d=mm&r=g\",\"contentUrl\":\"https:\/\/secure.gravatar.com\/avatar\/7d6a4dd75e3893e11a15320ce302770387ef8f0b488173747313e3e308c679b0?s=96&d=mm&r=g\",\"caption\":\"MyCapil\"}}]}<\/script>\n<!-- \/ Yoast SEO plugin. -->","yoast_head_json":{"title":"Capelli secchi: come idratarli e ripararli - MyCapil \u2714\ufe0f","description":"In questo articolo parleremo di Capelli secchi: come idratarli e ripararli . Visita il nostro blog","robots":{"index":"index","follow":"follow","max-snippet":"max-snippet:-1","max-image-preview":"max-image-preview:large","max-video-preview":"max-video-preview:-1"},"canonical":"https:\/\/mycapil.com\/it\/capelli-secchi\/","og_locale":"it_IT","og_type":"article","og_title":"Capelli secchi: come idratarli e ripararli - MyCapil \u2714\ufe0f","og_description":"In questo articolo parleremo di Capelli secchi: come idratarli e ripararli . Visita il nostro blog","og_url":"https:\/\/mycapil.com\/it\/capelli-secchi\/","og_site_name":"MyCapil","article_published_time":"2022-04-20T07:01:26+00:00","og_image":[{"width":600,"height":411,"url":"https:\/\/mycapil.com\/wp-content\/uploads\/2022\/04\/Capelli-secchi.jpg","type":"image\/jpeg"}],"author":"MyCapil","twitter_card":"summary_large_image","twitter_misc":{"Written by":"MyCapil","Est. reading time":"5 minutes"},"schema":{"@context":"https:\/\/schema.org","@graph":[{"@type":"Article","@id":"https:\/\/mycapil.com\/it\/capelli-secchi\/#article","isPartOf":{"@id":"https:\/\/mycapil.com\/it\/capelli-secchi\/"},"author":{"name":"MyCapil","@id":"https:\/\/mycapil.com\/it\/#\/schema\/person\/edb7928a381976a0b94e47505ff847d5"},"headline":"Capelli secchi: come idratarli e ripararli","datePublished":"2022-04-20T07:01:26+00:00","mainEntityOfPage":{"@id":"https:\/\/mycapil.com\/it\/capelli-secchi\/"},"wordCount":945,"commentCount":0,"publisher":{"@id":"https:\/\/mycapil.com\/it\/#organization"},"image":{"@id":"https:\/\/mycapil.com\/it\/capelli-secchi\/#primaryimage"},"thumbnailUrl":"https:\/\/mycapil.com\/wp-content\/uploads\/2022\/04\/Capelli-secchi.jpg","articleSection":["Notizia"],"inLanguage":"it","potentialAction":[{"@type":"CommentAction","name":"Comment","target":["https:\/\/mycapil.com\/it\/capelli-secchi\/#respond"]}]},{"@type":"WebPage","@id":"https:\/\/mycapil.com\/it\/capelli-secchi\/","url":"https:\/\/mycapil.com\/it\/capelli-secchi\/","name":"Capelli secchi: come idratarli e ripararli - MyCapil \u2714\ufe0f","isPartOf":{"@id":"https:\/\/mycapil.com\/it\/#website"},"primaryImageOfPage":{"@id":"https:\/\/mycapil.com\/it\/capelli-secchi\/#primaryimage"},"image":{"@id":"https:\/\/mycapil.com\/it\/capelli-secchi\/#primaryimage"},"thumbnailUrl":"https:\/\/mycapil.com\/wp-content\/uploads\/2022\/04\/Capelli-secchi.jpg","datePublished":"2022-04-20T07:01:26+00:00","description":"In questo articolo parleremo di Capelli secchi: come idratarli e ripararli . Visita il nostro blog","breadcrumb":{"@id":"https:\/\/mycapil.com\/it\/capelli-secchi\/#breadcrumb"},"inLanguage":"it","potentialAction":[{"@type":"ReadAction","target":["https:\/\/mycapil.com\/it\/capelli-secchi\/"]}]},{"@type":"ImageObject","inLanguage":"it","@id":"https:\/\/mycapil.com\/it\/capelli-secchi\/#primaryimage","url":"https:\/\/mycapil.com\/wp-content\/uploads\/2022\/04\/Capelli-secchi.jpg","contentUrl":"https:\/\/mycapil.com\/wp-content\/uploads\/2022\/04\/Capelli-secchi.jpg","width":600,"height":411,"caption":"Capelli secchi: come idratarli e ripararli"},{"@type":"BreadcrumbList","@id":"https:\/\/mycapil.com\/it\/capelli-secchi\/#breadcrumb","itemListElement":[{"@type":"ListItem","position":1,"name":"Comienzo","item":"https:\/\/mycapil.com\/it\/home\/"},{"@type":"ListItem","position":2,"name":"Capelli secchi: come idratarli e ripararli"}]},{"@type":"WebSite","@id":"https:\/\/mycapil.com\/it\/#website","url":"https:\/\/mycapil.com\/it\/","name":"MyCapil","description":"Alopecia, perdita di capelli, capillare","publisher":{"@id":"https:\/\/mycapil.com\/it\/#organization"},"potentialAction":[{"@type":"SearchAction","target":{"@type":"EntryPoint","urlTemplate":"https:\/\/mycapil.com\/it\/?s={search_term_string}"},"query-input":{"@type":"PropertyValueSpecification","valueRequired":true,"valueName":"search_term_string"}}],"inLanguage":"it"},{"@type":"Organization","@id":"https:\/\/mycapil.com\/it\/#organization","name":"MyCapil","url":"https:\/\/mycapil.com\/it\/","logo":{"@type":"ImageObject","inLanguage":"it","@id":"https:\/\/mycapil.com\/it\/#\/schema\/logo\/image\/","url":"https:\/\/mycapil.com\/wp-content\/uploads\/2020\/02\/Mycapil3.png","contentUrl":"https:\/\/mycapil.com\/wp-content\/uploads\/2020\/02\/Mycapil3.png","width":339,"height":113,"caption":"MyCapil"},"image":{"@id":"https:\/\/mycapil.com\/it\/#\/schema\/logo\/image\/"}},{"@type":"Person","@id":"https:\/\/mycapil.com\/it\/#\/schema\/person\/edb7928a381976a0b94e47505ff847d5","name":"MyCapil","image":{"@type":"ImageObject","inLanguage":"it","@id":"https:\/\/mycapil.com\/it\/#\/schema\/person\/image\/","url":"https:\/\/secure.gravatar.com\/avatar\/7d6a4dd75e3893e11a15320ce302770387ef8f0b488173747313e3e308c679b0?s=96&d=mm&r=g","contentUrl":"https:\/\/secure.gravatar.com\/avatar\/7d6a4dd75e3893e11a15320ce302770387ef8f0b488173747313e3e308c679b0?s=96&d=mm&r=g","caption":"MyCapil"}}]}},"_links":{"self":[{"href":"https:\/\/mycapil.com\/it\/wp-json\/wp\/v2\/posts\/7220","targetHints":{"allow":["GET"]}}],"collection":[{"href":"https:\/\/mycapil.com\/it\/wp-json\/wp\/v2\/posts"}],"about":[{"href":"https:\/\/mycapil.com\/it\/wp-json\/wp\/v2\/types\/post"}],"author":[{"embeddable":true,"href":"https:\/\/mycapil.com\/it\/wp-json\/wp\/v2\/users\/2"}],"replies":[{"embeddable":true,"href":"https:\/\/mycapil.com\/it\/wp-json\/wp\/v2\/comments?post=7220"}],"version-history":[{"count":1,"href":"https:\/\/mycapil.com\/it\/wp-json\/wp\/v2\/posts\/7220\/revisions"}],"predecessor-version":[{"id":7226,"href":"https:\/\/mycapil.com\/it\/wp-json\/wp\/v2\/posts\/7220\/revisions\/7226"}],"wp:featuredmedia":[{"embeddable":true,"href":"https:\/\/mycapil.com\/it\/wp-json\/wp\/v2\/media\/7221"}],"wp:attachment":[{"href":"https:\/\/mycapil.com\/it\/wp-json\/wp\/v2\/media?parent=7220"}],"wp:term":[{"taxonomy":"category","embeddable":true,"href":"https:\/\/mycapil.com\/it\/wp-json\/wp\/v2\/categories?post=7220"},{"taxonomy":"post_tag","embeddable":true,"href":"https:\/\/mycapil.com\/it\/wp-json\/wp\/v2\/tags?post=7220"}],"curies":[{"name":"wp","href":"https:\/\/api.w.org\/{rel}","templated":true}]}}