{"id":2529,"date":"2021-02-14T15:16:09","date_gmt":"2021-02-14T19:16:09","guid":{"rendered":"https:\/\/mycapil.com\/?p=2529"},"modified":"2022-04-05T03:50:08","modified_gmt":"2022-04-05T07:50:08","slug":"transplante-capilar-brasil","status":"publish","type":"post","link":"https:\/\/mycapil.com\/pt-br\/transplante-capilar-brasil\/","title":{"rendered":"As tr\u00eas maiores cl\u00ednicas de transplante capilar em Brasil"},"content":{"rendered":"<p><span style=\"font-weight: 400;\">A procura por transplante capilar aumentou de forma significativa no Brasil, principalmente em 2020 durante a pandemia, em que os calvos viram uma grande vantagem de poder ficar em casa e assim tratar o problema de maneira mais \u00edntima, com menor exposi\u00e7\u00e3o p\u00fablica.<\/span><\/p>\n<p><span style=\"font-weight: 400;\">A justificativa pela crescente busca por tratamentos contra a queda de cabelo est\u00e1 no alto \u00edndice de atingidos pela alopecia no pa\u00eds. S\u00e3o mais de 42 milh\u00f5es de brasileiros que sofrem de calv\u00edcie, segundo uma pesquisa realizada pela Sociedade Brasileira do Cabelo (SBC).<\/span><\/p>\n<p><span style=\"font-weight: 400;\">Como se pode ver, a perda dos cabelos \u00e9 algo que incomoda bastante, tanto os homens que s\u00e3o os mais afetados, quanto as mulheres. De acordo com relatos hist\u00f3ricos, desde a antiguidade o ser humano j\u00e1 tentava resolver a calv\u00edcie. Papiros eg\u00edpcios de 4000 a.C. recomendavam a aplica\u00e7\u00e3o no couro cabeludo de uma mistura de gorduras do corpo de animais, como le\u00e3o, jacar\u00e9 e cobra. J\u00falio C\u00e9sar (100 a.C.-44 a.C.), o imperador romano, apelava para receitas que inclu\u00edam ratos queimados.<\/span><\/p>\n<p><span style=\"font-weight: 400;\">Ainda que do ponto de vista org\u00e2nico sejamos capazes de sobreviver sem um fio capilar na cabe\u00e7a, os cabelos est\u00e3o diretamente associados \u00e0 autoestima e imagem da pessoa, sendo uma das quest\u00f5es mais enraizadas na cultura ocidental, sobretudo.<\/span><\/p>\n<p><span style=\"font-weight: 400;\">Assim, os brasileiros est\u00e3o cada vez mais buscando nos transplantes capilares a solu\u00e7\u00e3o para recuperar os cabelos e o bem-estar com rela\u00e7\u00e3o a si mesmo. E para garantir um resultado eficaz e satisfat\u00f3rio \u00e9 muito importante realizar o procedimento com especialistas qualificados e confi\u00e1veis, uma vez que com o aumento da demanda naturalmente surgem aventureiros de toda ordem oferecendo tratamentos arriscados e ineficientes.<\/span><\/p>\n<p><span style=\"font-weight: 400;\">Quando o transplante capilar \u00e9 realizado por equipes treinadas, especializadas e de refer\u00eancia, obt\u00e9m-se um efeito extremamente natural. O resultado final de um enxerto mal feito \u00e9 desastroso, repercutindo negativamente n\u00e3o s\u00f3 na apar\u00eancia, mas tamb\u00e9m na esfera emocional do paciente.<\/span><\/p>\n<p><span style=\"font-weight: 400;\">Trazemos a seguir o ranking das tr\u00eas melhores cl\u00ednicas de enxerto capilar no Brasil para ajudar na escolha consciente de algo que ir\u00e1 transformar uma vida da cabe\u00e7a, literalmente, aos p\u00e9s.<\/span><\/p>\n<h2><span style=\"font-weight: 400;\">As tr\u00eas melhores cl\u00ednicas de transplante de cabelos<\/span><\/h2>\n<h3><span style=\"font-weight: 400;\">1. Capilclinic<\/span><\/h3>\n<p><img loading=\"lazy\" decoding=\"async\" class=\"size-full wp-image-7119 aligncenter\" src=\"https:\/\/mycapil.com\/wp-content\/uploads\/2021\/02\/capilclinic-1.jpg\" alt=\"Capilclinic Brasil\" width=\"274\" height=\"57\" srcset=\"https:\/\/mycapil.com\/wp-content\/uploads\/2021\/02\/capilclinic-1.jpg 274w, https:\/\/mycapil.com\/wp-content\/uploads\/2021\/02\/capilclinic-1-150x31.jpg 150w\" sizes=\"auto, (max-width: 274px) 100vw, 274px\" \/><\/p>\n<p><span style=\"font-weight: 400;\">L\u00edderes em transplante capilar no Brasil, a cl\u00ednica oferece tratamentos personalizados com a solu\u00e7\u00e3o adaptada a cada caso. Origin\u00e1ria da Turquia, a Capilclinic possui unidades em diversos pa\u00edses como Espanha, M\u00e9xico, Brasil e outros.<\/span><\/p>\n<p><span style=\"font-weight: 400;\">Com tratamentos capilares de vanguarda, a CapilClinic oferece resultados definitivos para a calv\u00edcie, principalmente por trabalharem sem limite de fol\u00edculos nos procedimentos. S\u00e3o pacotes de recupera\u00e7\u00e3o capilar com excelentes pre\u00e7os e que incluem: diagn\u00f3stico preciso, uso das t\u00e9cnicas FUE Saphira ou DHI, tratamentos e rem\u00e9dios p\u00f3s-operat\u00f3rio, acompanhamento presencial e \u00e0 dist\u00e2ncia.<\/span><\/p>\n<p><span style=\"font-weight: 400;\">A equipe respons\u00e1vel pela cl\u00ednica, situada em S\u00e3o Paulo, \u00e9 composta somente por m\u00e9dicos brasileiros, liderada pelo doutor Alvaro Tulio Fortes, um dos melhores e mais experientes especialistas em enxertos de cabelo no Brasil.<\/span><\/p>\n<p><span style=\"font-weight: 400;\">M\u00e9dico e administrador, doutor Alvaro realiza cirurgias de transplante capilar desde o ano de 2014, focando sua expertise na T\u00e9cnica FUE, desenvolvida junto com v\u00e1rios cirurgi\u00f5es conceituados em todo o mundo ao participar de rodadas de cirurgias e cursos \u201chands on \u201c(em que o cirurgi\u00e3o pratica a t\u00e9cnica).<\/span><\/p>\n<p><a href=\"https:\/\/www.capilclinic.com.br\" target=\"_blank\" rel=\"noopener\">https:\/\/www.capilclinic.com.br<\/a><\/p>\n<p style=\"text-align: center;\"><iframe loading=\"lazy\" style=\"border: 0;\" src=\"https:\/\/www.google.com\/maps\/embed?pb=!1m18!1m12!1m3!1d3656.0278765758694!2d-46.66146428554192!3d-23.60333316902758!2m3!1f0!2f0!3f0!3m2!1i1024!2i768!4f13.1!3m3!1m2!1s0x94ce5a1a9314022d%3A0xd19cc731fdb61b73!2sCapilClinic%20Brasil%20Transplante%20Capilar!5e0!3m2!1ses!2ses!4v1649144710679!5m2!1ses!2ses\" width=\"600\" height=\"450\" allowfullscreen=\"allowfullscreen\"><\/iframe><\/p>\n<h3><span style=\"font-weight: 400;\">2. Cl\u00ednica Fernando Basto<\/span><\/h3>\n<p><img loading=\"lazy\" decoding=\"async\" class=\"size-full wp-image-7125 aligncenter\" src=\"https:\/\/mycapil.com\/wp-content\/uploads\/2021\/02\/clinica-fernando-basto.png\" alt=\"Cl\u00ednica Fernando Basto\" width=\"116\" height=\"58\" \/><\/p>\n<p><span style=\"font-weight: 400;\">Renomado cirurgi\u00e3o de transplante capilar no Brasil, Dr. Fernando Basto se preocupa com a precis\u00e3o do resultado desde a primeira consulta, ao analisar a regi\u00e3o calva receptora e a qualidade da \u00e1rea doadora com um dermatosc\u00f3pio de alta defini\u00e7\u00e3o.<\/span><\/p>\n<p><span style=\"font-weight: 400;\">Dr. Basto ressalta que saber ouvir os anseios do paciente pode determinar o sucesso do tratamento. Para ele, a rela\u00e7\u00e3o m\u00e9dico e paciente deve ser a melhor poss\u00edvel, em que o cliente deve se sentir seguro e confiante na escolha do cirurgi\u00e3o que realizar\u00e1 o seu procedimento, afinal trata-se de uma opera\u00e7\u00e3o importante, refinada e muito complexa, que s\u00f3 o especialista em transplante capilar tem habilidades para conduzir com perfei\u00e7\u00e3o. A cl\u00ednica trabalha com seis t\u00e9cnicas, conforme a necessidade do paciente. S\u00e3o elas: a cl\u00e1ssica FUT, a FUE, Transplante Capilar Combinado, que une as t\u00e9cnicas FUT e FUE (hydrid technique) em um \u00fanico procedimento, T\u00e9cnica da Linha Anterior Irregular (Basto technique), Transplante Capilar Agrupado, um processo proporcione melhores resultados para as calv\u00edcies femininas e Transplante Capilar de Fio Longo (Preview long hair) utilizada na corre\u00e7\u00e3o das regi\u00f5es frontal e temporal.<\/span><\/p>\n<p><a href=\"https:\/\/www.fernandobasto.com.br\/\" target=\"_blank\" rel=\"noopener nofollow\">https:\/\/www.fernandobasto.com.br\/<\/a><\/p>\n<p style=\"text-align: center;\"><iframe loading=\"lazy\" style=\"border: 0;\" src=\"https:\/\/www.google.com\/maps\/embed?pb=!1m18!1m12!1m3!1d3950.6218101100144!2d-34.917796385842735!3d-8.037869682486882!2m3!1f0!2f0!3f0!3m2!1i1024!2i768!4f13.1!3m3!1m2!1s0x7ab18fb736e7a6b%3A0x1307661f2be51581!2sCl%C3%ADnica%20Fernando%20Basto!5e0!3m2!1ses!2ses!4v1649144745599!5m2!1ses!2ses\" width=\"600\" height=\"450\" allowfullscreen=\"allowfullscreen\"><\/iframe><\/p>\n<h3><span style=\"font-weight: 400;\">3. <\/span><span style=\"font-weight: 400;\">Dr. Felipe Haikal<\/span><\/h3>\n<p><img loading=\"lazy\" decoding=\"async\" class=\"size-full wp-image-7130 aligncenter\" src=\"https:\/\/mycapil.com\/wp-content\/uploads\/2021\/02\/felipe-haikal.png\" alt=\"Dr. Felipe Haikal\" width=\"298\" height=\"64\" srcset=\"https:\/\/mycapil.com\/wp-content\/uploads\/2021\/02\/felipe-haikal.png 298w, https:\/\/mycapil.com\/wp-content\/uploads\/2021\/02\/felipe-haikal-150x32.png 150w\" sizes=\"auto, (max-width: 298px) 100vw, 298px\" \/><\/p>\n<p><span style=\"font-weight: 400;\">Situada em Ribeir\u00e3o Preto, interior de S\u00e3o Paulo, a cl\u00ednica Dr. Felipe Haikal destaca-se pelos bem sucedidos procedimentos de transplante capilar, doen\u00e7as do couro cabeludo e queda de cabelo.<\/span><\/p>\n<p><span style=\"font-weight: 400;\">Os tratamentos oferecidos devolvem a autoestima para os pacientes que em raz\u00e3o da calv\u00edcie muitas vezes t\u00eam o psicol\u00f3gico afetado. Dentre os m\u00e9todos est\u00e3o o transplante capilar (FUE), tricoscopia (Exame Capilar), transplante de barba, transplante capilar masculino e feminino, transplante de sobrancelhas, dentre outros.<\/span><\/p>\n<p><span style=\"font-weight: 400;\">De acordo com o Dr. Felipe Haikal, o transplante capilar se baseia em um princ\u00edpio muito bem estabelecido e aceito pela medicina: &#8220;Um fio transplantado ir\u00e1 durar o mesmo tempo que duraria no seu local de origem. Por isso, utilizamos fios da regi\u00e3o posterior da cabe\u00e7a, que s\u00e3o mais resistentes \u00e0 queda e proporcionam um resultado muito natural.\u201d<\/span><\/p>\n<p><a href=\"https:\/\/www.drfelipehaikal.com.br\/\" target=\"_blank\" rel=\"noopener nofollow\">https:\/\/www.drfelipehaikal.com.br\/<\/a><\/p>\n<p style=\"text-align: center;\"><iframe loading=\"lazy\" style=\"border: 0;\" src=\"https:\/\/www.google.com\/maps\/embed?pb=!1m18!1m12!1m3!1d3720.1617830130194!2d-47.81836058601482!3d-21.185731185913546!2m3!1f0!2f0!3f0!3m2!1i1024!2i768!4f13.1!3m3!1m2!1s0x94b9beeee62b98b3%3A0x7df0bfa0aa6013af!2sDr.%20Felipe%20Haikal%20-%20Transplante%20Capilar%20em%20Ribeir%C3%A3o%20Preto!5e0!3m2!1ses!2ses!4v1649144892462!5m2!1ses!2ses\" width=\"600\" height=\"450\" allowfullscreen=\"allowfullscreen\"><\/iframe><\/p>\n<h2><span style=\"font-weight: 400;\">Conhe\u00e7a mais sobre transplante capilar<\/span><\/h2>\n<h3><span style=\"font-weight: 400;\">\u00a0<\/span><span style=\"font-weight: 400;\">1.<\/span> <span style=\"font-weight: 400;\">Como ocorre a calv\u00edcie?<\/span><\/h3>\n<p><span style=\"font-weight: 400;\">A calv\u00edcie androgen\u00e9tica \u00e9 causada pelo efeito da enzima 5-\u03b1-redutase que reage com a testosterona transformando-a em diidrotestosterona (DHT). A a\u00e7\u00e3o deste novo horm\u00f4nio (DHT) atua no fol\u00edculo piloso acelerando a queda dos cabelos.<\/span><\/p>\n<p><span style=\"font-weight: 400;\">O processo de miniaturiza\u00e7\u00e3o progressiva dos fios decorrente dessa a\u00e7\u00e3o transforma os fios grossos (chamados pelos terminais) em fios finos e cada vez mais curtos (chamados de velus ou penugem).<\/span><\/p>\n<p><span style=\"font-weight: 400;\">Durante esse processo ainda podem ser observados a mesma quantidade de ra\u00edzes vivas, por\u00e9m estas geram fios menores e mais fracos. Com isso, \u00e9 poss\u00edvel enxergar a pele do couro cabeludo, a fase em que os portadores da calv\u00edcie percebem que est\u00e3o com menos cabelos.<\/span><\/p>\n<h3><span style=\"font-weight: 400;\">2.<\/span> <span style=\"font-weight: 400;\">A calv\u00edcie \u00e9 tratada somente com o transplante capilar?<\/span><\/h3>\n<p><span style=\"font-weight: 400;\">O transplante capilar \u00e9 o \u00fanico procedimento eficaz e permanente para corrigir a calv\u00edcie. Tem sido utilizado para o tratamento da calv\u00edcie masculina e feminina, al\u00e9m de falhas nas sobrancelhas, barba, bigode e demais regi\u00f5es do corpo.<\/span><\/p>\n<p><span style=\"font-weight: 400;\">As t\u00e9cnicas de transplante capilar s\u00e3o utilizadas na maioria dos casos para finalidade est\u00e9tica, mas podem ser usadas tamb\u00e9m para repara\u00e7\u00e3o de danos causados no couro cabeludo por acidentes ou queimaduras, por exemplo.<\/span><\/p>\n<h3><span style=\"font-weight: 400;\">3.<\/span> <span style=\"font-weight: 400;\">Quais as principais t\u00e9cnicas de transplante de cabelos?<\/span><\/h3>\n<p><span style=\"font-weight: 400;\">A cl\u00e1ssica FUT, em portugu\u00eas Transplante de Unidades Foliculares, que como o pr\u00f3prio nome diz, fol\u00edculos capilares s\u00e3o retirados da faixa de couro cabeludo da regi\u00e3o doadora. \u00c9 o m\u00e9todo mais tradicional de transplante capilar, que retira as unidades foliculares atrav\u00e9s de uma incis\u00e3o linear na \u00e1rea doadora (regi\u00e3o occipital e temporal). O cirurgi\u00e3o remove uma tira de couro cabeludo que mede aproximadamente de 25 a 30 cm de comprimento, por 1,5 a 2,0 cm de largura. A regi\u00e3o doadora ent\u00e3o recebe uma sutura para aproximar as bordas da ferida cir\u00fargica, que resultar\u00e1 em uma cicatriz linear, camuflada pelos cabelos da regi\u00e3o.<\/span><\/p>\n<p><span style=\"font-weight: 400;\">A FUE, Extra\u00e7\u00e3o de Unidades Foliculares, \u00e9 um m\u00e9todo de extra\u00e7\u00e3o das unidades foliculares uma por uma da \u00e1rea doadora. \u00c9 conhecida como transplante de cabelos sem cicatriz linear. Por meio desse m\u00e9todo, os fol\u00edculos, de um a quatro fios, s\u00e3o removidos da \u00e1rea doadora (regi\u00e3o occipital e temporal) pelo especialista. A remo\u00e7\u00e3o \u00e9 de <\/span><i><span style=\"font-weight: 400;\">punchs<\/span><\/i><span style=\"font-weight: 400;\"> muito finos, geralmente de 8mm, e feita um a um, de forma aleat\u00f3ria, pelo couro cabeludo. A extra\u00e7\u00e3o \u00e9 realizada por aparelhos motorizados, com uma ponta girat\u00f3ria.<\/span><\/p>\n<p><span style=\"font-weight: 400;\">H\u00e1 tamb\u00e9m a t\u00e9cnica h\u00edbrida, em que une a FUT e a FUE para resultados ainda mais satisfat\u00f3rios em um transplante capilar. Nesta t\u00e9cnica retira-se uma faixa de couro cabeludo (t\u00e9cnica FUT) da regi\u00e3o posterior da cabe\u00e7a (\u00e1rea doadora) para colheita das unidades foliculares e, ap\u00f3s fazer as suturas, s\u00e3o colhidas, de forma unit\u00e1ria (t\u00e9cnica FUE), mais unidades foliculares para serem todas transplantadas na \u00e1rea calva. Apesar de mais invasivo, o m\u00e9todo h\u00edbrido possibilita obter um n\u00famero maior de enxertos transplantados em uma mesma sess\u00e3o, otimizando o resultado final.<\/span><\/p>\n<h3><span style=\"font-weight: 400;\">4.<\/span> <span style=\"font-weight: 400;\">Em quais casos a t\u00e9cnica FUE \u00e9 indicada?<\/span><\/h3>\n<ul>\n<li style=\"font-weight: 400;\" aria-level=\"1\"><span style=\"font-weight: 400;\">Se voc\u00ea sofre de alopecia androgen\u00e9tica.<\/span><\/li>\n<li style=\"font-weight: 400;\" aria-level=\"1\"><span style=\"font-weight: 400;\">Se voc\u00ea sofre de perda de cabelo localizada.<\/span><\/li>\n<li style=\"font-weight: 400;\" aria-level=\"1\"><span style=\"font-weight: 400;\">Se voc\u00ea sofre de alopecia cicatricial de extens\u00e3o reduzida.<\/span><\/li>\n<li style=\"font-weight: 400;\" aria-level=\"1\"><span style=\"font-weight: 400;\">Se voc\u00ea deseja usar o cabelo curto e n\u00e3o quer uma cicatriz linear.<\/span><\/li>\n<li style=\"font-weight: 400;\" aria-level=\"1\"><span style=\"font-weight: 400;\">Se voc\u00ea quer esconder cicatrizes ou transplantes anteriores.<\/span><\/li>\n<\/ul>\n<h3><span style=\"font-weight: 400;\">5.<\/span><span style=\"font-weight: 400;\"> \u00a0 \u00a0 <\/span><span style=\"font-weight: 400;\">Qual a melhor t\u00e9cnica de transplante capilar?<\/span><\/h3>\n<p><span style=\"font-weight: 400;\">Tanto o m\u00e9todo FUT quanto o FUE s\u00e3o t\u00e9cnicas avan\u00e7adas e que garantem excelentes resultados. \u00c9 fundamental entender que a escolha da t\u00e9cnica mais adequada deve ser individualizada, em cada caso deve ser feita pelo cirurgi\u00e3o junto com o paciente. Fatores como a quantidade de fios dispon\u00edveis na \u00e1rea doadora, o est\u00e1gio da calv\u00edcie e o estilo de corte utilizado, entre outros, devem ser levados em conta ao indicar a t\u00e9cnica ideal para cada paciente.<\/span><\/p>\n<h3><span style=\"font-weight: 400;\">6.<\/span> <span style=\"font-weight: 400;\">O p\u00f3s-operat\u00f3rio \u00e9 doloroso?<\/span><\/h3>\n<p><span style=\"font-weight: 400;\">O paciente n\u00e3o sentir\u00e1 dor ap\u00f3s a interven\u00e7\u00e3o. No entanto, o m\u00e9dico prescrever\u00e1 analg\u00e9sicos para evitar sentir qualquer desconforto.<\/span><\/p>\n","protected":false},"excerpt":{"rendered":"<p>A procura por transplante capilar aumentou de forma significativa no Brasil, principalmente em 2020 durante a pandemia, em que os calvos viram uma grande vantagem de poder ficar em casa e assim tratar o problema de maneira mais \u00edntima, com menor exposi\u00e7\u00e3o p\u00fablica. A justificativa pela crescente busca por tratamentos contra a queda de cabelo [&hellip;]<\/p>\n","protected":false},"author":2,"featured_media":2530,"comment_status":"open","ping_status":"open","sticky":false,"template":"","format":"standard","meta":{"footnotes":""},"categories":[56],"tags":[],"class_list":{"0":"post-2529","1":"post","2":"type-post","3":"status-publish","4":"format-standard","5":"has-post-thumbnail","7":"category-noticia"},"yoast_head":"<!-- This site is optimized with the Yoast SEO plugin v25.9 - https:\/\/yoast.com\/wordpress\/plugins\/seo\/ -->\n<title>Maiores Cl\u00ednicas Transplante Capilar Brasil | MyCapil \ud83e\udd47<\/title>\n<meta name=\"description\" content=\"Neste artigo, falaremos sobre As tr\u00eas maiores cl\u00ednicas de transplante capilar em Brasil . Visite nosso blog\" \/>\n<meta name=\"robots\" content=\"index, follow, max-snippet:-1, max-image-preview:large, max-video-preview:-1\" \/>\n<link rel=\"canonical\" href=\"https:\/\/mycapil.com\/pt-br\/transplante-capilar-brasil\/\" \/>\n<meta property=\"og:locale\" content=\"pt_PT\" \/>\n<meta property=\"og:type\" content=\"article\" \/>\n<meta property=\"og:title\" content=\"Maiores Cl\u00ednicas Transplante Capilar Brasil | MyCapil \ud83e\udd47\" \/>\n<meta property=\"og:description\" content=\"Neste artigo, falaremos sobre As tr\u00eas maiores cl\u00ednicas de transplante capilar em Brasil . Visite nosso blog\" \/>\n<meta property=\"og:url\" content=\"https:\/\/mycapil.com\/pt-br\/transplante-capilar-brasil\/\" \/>\n<meta property=\"og:site_name\" content=\"MyCapil\" \/>\n<meta property=\"article:published_time\" content=\"2021-02-14T19:16:09+00:00\" \/>\n<meta property=\"article:modified_time\" content=\"2022-04-05T07:50:08+00:00\" \/>\n<meta property=\"og:image\" content=\"https:\/\/mycapil.com\/wp-content\/uploads\/2021\/02\/hair-transplant-brazil.jpg\" \/>\n\t<meta property=\"og:image:width\" content=\"600\" \/>\n\t<meta property=\"og:image:height\" content=\"400\" \/>\n\t<meta property=\"og:image:type\" content=\"image\/jpeg\" \/>\n<meta name=\"author\" content=\"MyCapil\" \/>\n<meta name=\"twitter:card\" content=\"summary_large_image\" \/>\n<meta name=\"twitter:label1\" content=\"Written by\" \/>\n\t<meta name=\"twitter:data1\" content=\"MyCapil\" \/>\n\t<meta name=\"twitter:label2\" content=\"Est. reading time\" \/>\n\t<meta name=\"twitter:data2\" content=\"8 minutes\" \/>\n<script type=\"application\/ld+json\" class=\"yoast-schema-graph\">{\"@context\":\"https:\/\/schema.org\",\"@graph\":[{\"@type\":\"Article\",\"@id\":\"https:\/\/mycapil.com\/pt-br\/transplante-capilar-brasil\/#article\",\"isPartOf\":{\"@id\":\"https:\/\/mycapil.com\/pt-br\/transplante-capilar-brasil\/\"},\"author\":{\"name\":\"MyCapil\",\"@id\":\"https:\/\/mycapil.com\/pt-br\/#\/schema\/person\/edb7928a381976a0b94e47505ff847d5\"},\"headline\":\"As tr\u00eas maiores cl\u00ednicas de transplante capilar em Brasil\",\"datePublished\":\"2021-02-14T19:16:09+00:00\",\"dateModified\":\"2022-04-05T07:50:08+00:00\",\"mainEntityOfPage\":{\"@id\":\"https:\/\/mycapil.com\/pt-br\/transplante-capilar-brasil\/\"},\"wordCount\":1655,\"commentCount\":0,\"publisher\":{\"@id\":\"https:\/\/mycapil.com\/pt-br\/#organization\"},\"image\":{\"@id\":\"https:\/\/mycapil.com\/pt-br\/transplante-capilar-brasil\/#primaryimage\"},\"thumbnailUrl\":\"https:\/\/mycapil.com\/wp-content\/uploads\/2021\/02\/hair-transplant-brazil.jpg\",\"articleSection\":[\"Not\u00edcia\"],\"inLanguage\":\"pt\",\"potentialAction\":[{\"@type\":\"CommentAction\",\"name\":\"Comment\",\"target\":[\"https:\/\/mycapil.com\/pt-br\/transplante-capilar-brasil\/#respond\"]}]},{\"@type\":\"WebPage\",\"@id\":\"https:\/\/mycapil.com\/pt-br\/transplante-capilar-brasil\/\",\"url\":\"https:\/\/mycapil.com\/pt-br\/transplante-capilar-brasil\/\",\"name\":\"Maiores Cl\u00ednicas Transplante Capilar Brasil | MyCapil \ud83e\udd47\",\"isPartOf\":{\"@id\":\"https:\/\/mycapil.com\/pt-br\/#website\"},\"primaryImageOfPage\":{\"@id\":\"https:\/\/mycapil.com\/pt-br\/transplante-capilar-brasil\/#primaryimage\"},\"image\":{\"@id\":\"https:\/\/mycapil.com\/pt-br\/transplante-capilar-brasil\/#primaryimage\"},\"thumbnailUrl\":\"https:\/\/mycapil.com\/wp-content\/uploads\/2021\/02\/hair-transplant-brazil.jpg\",\"datePublished\":\"2021-02-14T19:16:09+00:00\",\"dateModified\":\"2022-04-05T07:50:08+00:00\",\"description\":\"Neste artigo, falaremos sobre As tr\u00eas maiores cl\u00ednicas de transplante capilar em Brasil . Visite nosso blog\",\"breadcrumb\":{\"@id\":\"https:\/\/mycapil.com\/pt-br\/transplante-capilar-brasil\/#breadcrumb\"},\"inLanguage\":\"pt\",\"potentialAction\":[{\"@type\":\"ReadAction\",\"target\":[\"https:\/\/mycapil.com\/pt-br\/transplante-capilar-brasil\/\"]}]},{\"@type\":\"ImageObject\",\"inLanguage\":\"pt\",\"@id\":\"https:\/\/mycapil.com\/pt-br\/transplante-capilar-brasil\/#primaryimage\",\"url\":\"https:\/\/mycapil.com\/wp-content\/uploads\/2021\/02\/hair-transplant-brazil.jpg\",\"contentUrl\":\"https:\/\/mycapil.com\/wp-content\/uploads\/2021\/02\/hair-transplant-brazil.jpg\",\"width\":600,\"height\":400,\"caption\":\"Flag of Brazil\"},{\"@type\":\"BreadcrumbList\",\"@id\":\"https:\/\/mycapil.com\/pt-br\/transplante-capilar-brasil\/#breadcrumb\",\"itemListElement\":[{\"@type\":\"ListItem\",\"position\":1,\"name\":\"Home\",\"item\":\"https:\/\/mycapil.com\/pt-br\/\"},{\"@type\":\"ListItem\",\"position\":2,\"name\":\"As tr\u00eas maiores cl\u00ednicas de transplante capilar em Brasil\"}]},{\"@type\":\"WebSite\",\"@id\":\"https:\/\/mycapil.com\/pt-br\/#website\",\"url\":\"https:\/\/mycapil.com\/pt-br\/\",\"name\":\"MyCapil\",\"description\":\"Alopecia, queda de cabelo, capilar\",\"publisher\":{\"@id\":\"https:\/\/mycapil.com\/pt-br\/#organization\"},\"potentialAction\":[{\"@type\":\"SearchAction\",\"target\":{\"@type\":\"EntryPoint\",\"urlTemplate\":\"https:\/\/mycapil.com\/pt-br\/?s={search_term_string}\"},\"query-input\":{\"@type\":\"PropertyValueSpecification\",\"valueRequired\":true,\"valueName\":\"search_term_string\"}}],\"inLanguage\":\"pt\"},{\"@type\":\"Organization\",\"@id\":\"https:\/\/mycapil.com\/pt-br\/#organization\",\"name\":\"MyCapil\",\"url\":\"https:\/\/mycapil.com\/pt-br\/\",\"logo\":{\"@type\":\"ImageObject\",\"inLanguage\":\"pt\",\"@id\":\"https:\/\/mycapil.com\/pt-br\/#\/schema\/logo\/image\/\",\"url\":\"https:\/\/mycapil.com\/wp-content\/uploads\/2020\/02\/Mycapil3.png\",\"contentUrl\":\"https:\/\/mycapil.com\/wp-content\/uploads\/2020\/02\/Mycapil3.png\",\"width\":339,\"height\":113,\"caption\":\"MyCapil\"},\"image\":{\"@id\":\"https:\/\/mycapil.com\/pt-br\/#\/schema\/logo\/image\/\"}},{\"@type\":\"Person\",\"@id\":\"https:\/\/mycapil.com\/pt-br\/#\/schema\/person\/edb7928a381976a0b94e47505ff847d5\",\"name\":\"MyCapil\",\"image\":{\"@type\":\"ImageObject\",\"inLanguage\":\"pt\",\"@id\":\"https:\/\/mycapil.com\/pt-br\/#\/schema\/person\/image\/\",\"url\":\"https:\/\/secure.gravatar.com\/avatar\/7d6a4dd75e3893e11a15320ce302770387ef8f0b488173747313e3e308c679b0?s=96&d=mm&r=g\",\"contentUrl\":\"https:\/\/secure.gravatar.com\/avatar\/7d6a4dd75e3893e11a15320ce302770387ef8f0b488173747313e3e308c679b0?s=96&d=mm&r=g\",\"caption\":\"MyCapil\"}}]}<\/script>\n<!-- \/ Yoast SEO plugin. -->","yoast_head_json":{"title":"Maiores Cl\u00ednicas Transplante Capilar Brasil | MyCapil \ud83e\udd47","description":"Neste artigo, falaremos sobre As tr\u00eas maiores cl\u00ednicas de transplante capilar em Brasil . Visite nosso blog","robots":{"index":"index","follow":"follow","max-snippet":"max-snippet:-1","max-image-preview":"max-image-preview:large","max-video-preview":"max-video-preview:-1"},"canonical":"https:\/\/mycapil.com\/pt-br\/transplante-capilar-brasil\/","og_locale":"pt_PT","og_type":"article","og_title":"Maiores Cl\u00ednicas Transplante Capilar Brasil | MyCapil \ud83e\udd47","og_description":"Neste artigo, falaremos sobre As tr\u00eas maiores cl\u00ednicas de transplante capilar em Brasil . Visite nosso blog","og_url":"https:\/\/mycapil.com\/pt-br\/transplante-capilar-brasil\/","og_site_name":"MyCapil","article_published_time":"2021-02-14T19:16:09+00:00","article_modified_time":"2022-04-05T07:50:08+00:00","og_image":[{"width":600,"height":400,"url":"https:\/\/mycapil.com\/wp-content\/uploads\/2021\/02\/hair-transplant-brazil.jpg","type":"image\/jpeg"}],"author":"MyCapil","twitter_card":"summary_large_image","twitter_misc":{"Written by":"MyCapil","Est. reading time":"8 minutes"},"schema":{"@context":"https:\/\/schema.org","@graph":[{"@type":"Article","@id":"https:\/\/mycapil.com\/pt-br\/transplante-capilar-brasil\/#article","isPartOf":{"@id":"https:\/\/mycapil.com\/pt-br\/transplante-capilar-brasil\/"},"author":{"name":"MyCapil","@id":"https:\/\/mycapil.com\/pt-br\/#\/schema\/person\/edb7928a381976a0b94e47505ff847d5"},"headline":"As tr\u00eas maiores cl\u00ednicas de transplante capilar em Brasil","datePublished":"2021-02-14T19:16:09+00:00","dateModified":"2022-04-05T07:50:08+00:00","mainEntityOfPage":{"@id":"https:\/\/mycapil.com\/pt-br\/transplante-capilar-brasil\/"},"wordCount":1655,"commentCount":0,"publisher":{"@id":"https:\/\/mycapil.com\/pt-br\/#organization"},"image":{"@id":"https:\/\/mycapil.com\/pt-br\/transplante-capilar-brasil\/#primaryimage"},"thumbnailUrl":"https:\/\/mycapil.com\/wp-content\/uploads\/2021\/02\/hair-transplant-brazil.jpg","articleSection":["Not\u00edcia"],"inLanguage":"pt","potentialAction":[{"@type":"CommentAction","name":"Comment","target":["https:\/\/mycapil.com\/pt-br\/transplante-capilar-brasil\/#respond"]}]},{"@type":"WebPage","@id":"https:\/\/mycapil.com\/pt-br\/transplante-capilar-brasil\/","url":"https:\/\/mycapil.com\/pt-br\/transplante-capilar-brasil\/","name":"Maiores Cl\u00ednicas Transplante Capilar Brasil | MyCapil \ud83e\udd47","isPartOf":{"@id":"https:\/\/mycapil.com\/pt-br\/#website"},"primaryImageOfPage":{"@id":"https:\/\/mycapil.com\/pt-br\/transplante-capilar-brasil\/#primaryimage"},"image":{"@id":"https:\/\/mycapil.com\/pt-br\/transplante-capilar-brasil\/#primaryimage"},"thumbnailUrl":"https:\/\/mycapil.com\/wp-content\/uploads\/2021\/02\/hair-transplant-brazil.jpg","datePublished":"2021-02-14T19:16:09+00:00","dateModified":"2022-04-05T07:50:08+00:00","description":"Neste artigo, falaremos sobre As tr\u00eas maiores cl\u00ednicas de transplante capilar em Brasil . Visite nosso blog","breadcrumb":{"@id":"https:\/\/mycapil.com\/pt-br\/transplante-capilar-brasil\/#breadcrumb"},"inLanguage":"pt","potentialAction":[{"@type":"ReadAction","target":["https:\/\/mycapil.com\/pt-br\/transplante-capilar-brasil\/"]}]},{"@type":"ImageObject","inLanguage":"pt","@id":"https:\/\/mycapil.com\/pt-br\/transplante-capilar-brasil\/#primaryimage","url":"https:\/\/mycapil.com\/wp-content\/uploads\/2021\/02\/hair-transplant-brazil.jpg","contentUrl":"https:\/\/mycapil.com\/wp-content\/uploads\/2021\/02\/hair-transplant-brazil.jpg","width":600,"height":400,"caption":"Flag of Brazil"},{"@type":"BreadcrumbList","@id":"https:\/\/mycapil.com\/pt-br\/transplante-capilar-brasil\/#breadcrumb","itemListElement":[{"@type":"ListItem","position":1,"name":"Home","item":"https:\/\/mycapil.com\/pt-br\/"},{"@type":"ListItem","position":2,"name":"As tr\u00eas maiores cl\u00ednicas de transplante capilar em Brasil"}]},{"@type":"WebSite","@id":"https:\/\/mycapil.com\/pt-br\/#website","url":"https:\/\/mycapil.com\/pt-br\/","name":"MyCapil","description":"Alopecia, queda de cabelo, capilar","publisher":{"@id":"https:\/\/mycapil.com\/pt-br\/#organization"},"potentialAction":[{"@type":"SearchAction","target":{"@type":"EntryPoint","urlTemplate":"https:\/\/mycapil.com\/pt-br\/?s={search_term_string}"},"query-input":{"@type":"PropertyValueSpecification","valueRequired":true,"valueName":"search_term_string"}}],"inLanguage":"pt"},{"@type":"Organization","@id":"https:\/\/mycapil.com\/pt-br\/#organization","name":"MyCapil","url":"https:\/\/mycapil.com\/pt-br\/","logo":{"@type":"ImageObject","inLanguage":"pt","@id":"https:\/\/mycapil.com\/pt-br\/#\/schema\/logo\/image\/","url":"https:\/\/mycapil.com\/wp-content\/uploads\/2020\/02\/Mycapil3.png","contentUrl":"https:\/\/mycapil.com\/wp-content\/uploads\/2020\/02\/Mycapil3.png","width":339,"height":113,"caption":"MyCapil"},"image":{"@id":"https:\/\/mycapil.com\/pt-br\/#\/schema\/logo\/image\/"}},{"@type":"Person","@id":"https:\/\/mycapil.com\/pt-br\/#\/schema\/person\/edb7928a381976a0b94e47505ff847d5","name":"MyCapil","image":{"@type":"ImageObject","inLanguage":"pt","@id":"https:\/\/mycapil.com\/pt-br\/#\/schema\/person\/image\/","url":"https:\/\/secure.gravatar.com\/avatar\/7d6a4dd75e3893e11a15320ce302770387ef8f0b488173747313e3e308c679b0?s=96&d=mm&r=g","contentUrl":"https:\/\/secure.gravatar.com\/avatar\/7d6a4dd75e3893e11a15320ce302770387ef8f0b488173747313e3e308c679b0?s=96&d=mm&r=g","caption":"MyCapil"}}]}},"_links":{"self":[{"href":"https:\/\/mycapil.com\/pt-br\/wp-json\/wp\/v2\/posts\/2529","targetHints":{"allow":["GET"]}}],"collection":[{"href":"https:\/\/mycapil.com\/pt-br\/wp-json\/wp\/v2\/posts"}],"about":[{"href":"https:\/\/mycapil.com\/pt-br\/wp-json\/wp\/v2\/types\/post"}],"author":[{"embeddable":true,"href":"https:\/\/mycapil.com\/pt-br\/wp-json\/wp\/v2\/users\/2"}],"replies":[{"embeddable":true,"href":"https:\/\/mycapil.com\/pt-br\/wp-json\/wp\/v2\/comments?post=2529"}],"version-history":[{"count":3,"href":"https:\/\/mycapil.com\/pt-br\/wp-json\/wp\/v2\/posts\/2529\/revisions"}],"predecessor-version":[{"id":7135,"href":"https:\/\/mycapil.com\/pt-br\/wp-json\/wp\/v2\/posts\/2529\/revisions\/7135"}],"wp:featuredmedia":[{"embeddable":true,"href":"https:\/\/mycapil.com\/pt-br\/wp-json\/wp\/v2\/media\/2530"}],"wp:attachment":[{"href":"https:\/\/mycapil.com\/pt-br\/wp-json\/wp\/v2\/media?parent=2529"}],"wp:term":[{"taxonomy":"category","embeddable":true,"href":"https:\/\/mycapil.com\/pt-br\/wp-json\/wp\/v2\/categories?post=2529"},{"taxonomy":"post_tag","embeddable":true,"href":"https:\/\/mycapil.com\/pt-br\/wp-json\/wp\/v2\/tags?post=2529"}],"curies":[{"name":"wp","href":"https:\/\/api.w.org\/{rel}","templated":true}]}}