{"id":3204,"date":"2021-06-13T16:32:11","date_gmt":"2021-06-13T20:32:11","guid":{"rendered":"https:\/\/mycapil.com\/?p=3204"},"modified":"2021-06-13T16:32:11","modified_gmt":"2021-06-13T20:32:11","slug":"melhores-alisadores-cabelo-profissionais","status":"publish","type":"post","link":"https:\/\/mycapil.com\/pt-br\/melhores-alisadores-cabelo-profissionais\/","title":{"rendered":"Os cinco melhores alisadores de cabelo profissionais"},"content":{"rendered":"<p><span style=\"font-weight: 400;\">Que o processo de transi\u00e7\u00e3o capilar se tornou um fen\u00f4meno desde o ano passado todos j\u00e1 sabemos. Mas at\u00e9 que se chegue ao resultado esperado de um cabelo em sua forma natural, livre de qu\u00edmicas, as mulheres podem contar com o poderoso aliado de sempre para encarar esse desafio.<\/span><\/p>\n<p><span style=\"font-weight: 400;\">Os alisadores de cabelo, conhecidos tamb\u00e9m como prancha ou chapinha, n\u00e3o s\u00f3 auxiliam nas fases mais complicadas da transi\u00e7\u00e3o capilar como permitem mudar o visual de vez em quando depois de conquistados os belos e originais cachos e ondas.<\/span><\/p>\n<p><span style=\"font-weight: 400;\">Agora \u00e9 preciso muita aten\u00e7\u00e3o na hora de escolher uma chapinha para deixar os fios lisos, brilhantes e sem frizz. Investir em um produto de qualidade \u00e9 fundamental tanto para obter um bom resultado quanto para garantir o cuidado e sa\u00fade dos cabelos.<\/span><\/p>\n<p><span style=\"font-weight: 400;\">Para escolher um bom alisador de cabelo, preferencialmente usado por profissionais, alguns fatores devem ser considerados. \u00c9 o que veremos agora.<\/span><\/p>\n<h2><span style=\"font-weight: 400;\">Como escolher o melhor alisador de cabelo<\/span><\/h2>\n<ul>\n<li style=\"font-weight: 400;\" aria-level=\"1\"><span style=\"font-weight: 400;\">Material da placa: a placa da chapinha pode ser de cer\u00e2mica, que mant\u00e9m a temperatura est\u00e1vel e quase sempre possui tecnologia de \u00edon ou turmalina, o que garante um efeito mais brilhante e sedoso nos fios. A placa de tit\u00e2nio tamb\u00e9m \u00e9 recomendada por ser mais resistente e com aquecimento mais r\u00e1pido. Ambos os materiais deslizam bem sobre o cabelo e distribuem o calor por igual, o que evita danificar os fios.<\/span><\/li>\n<li style=\"font-weight: 400;\" aria-level=\"1\"><span style=\"font-weight: 400;\">Temperatura: para um alisamento eventual, o recomendado \u00e9 usar a prancha a uma temperatura de, no m\u00e1ximo, 200 graus Celsius. Se for para os procedimentos de escova progressiva, alisamento definitivo e selagem, a temperatura precisa ser mais elevada. Para quem tem cabelo muito fino ou com pouco volume n\u00e3o deve usar o aparelho acima de 180 \u00ba C. Por isso, d\u00ea prefer\u00eancia para os alisadores de cabelo que permitem selecionar a temperatura e oferecem maior seguran\u00e7a.<\/span><\/li>\n<li style=\"font-weight: 400;\" aria-level=\"1\"><span style=\"font-weight: 400;\">Largura da placa: chapinhas com placas mais largas conseguem alisar uma quantidade maior de cabelo por vez, pegando mechas mais grossas, enquanto as mais estreitas s\u00e3o indicadas para pouco volume e acabamentos, como a franja ou aqueles fiozinhos novos que nascem espetados nas \u201centradas\u201d.<\/span><\/li>\n<li style=\"font-weight: 400;\" aria-level=\"1\"><span style=\"font-weight: 400;\">Tecnologia: s\u00e3o os recursos de tratamentos que um alisador de cabelo oferece. Uma das mais utilizadas \u00e9 a emiss\u00e3o de \u00edons negativos, que auxiliam na selagem das cut\u00edculas dos fios, proporcionando brilho e hidrata\u00e7\u00e3o ao cabelo.<\/span><\/li>\n<\/ul>\n<p><span style=\"font-weight: 400;\">Diante desses itens relevantes a serem observados em uma chapinha, trouxemos uma lista com cinco melhores alisadores de cabelo para ajudar o cliente a fazer uma excelente compra.\u00a0<\/span><\/p>\n<h2><span style=\"font-weight: 400;\">Cinco melhores pranchas de cabelo profissionais<\/span><\/h2>\n<h3><span style=\"font-weight: 400;\">1.<\/span> <span style=\"font-weight: 400;\"> MQ Hair Titanium Pro 480<\/span><\/h3>\n<p><span style=\"font-weight: 400;\">Uma prancha usada tanto profissionalmente quanto para uso dom\u00e9stico. A MQ Hair Titanium Pro 480 \u00e9 ideal para alisamentos que necessitam de temperaturas bem elevadas. Possui 17 n\u00edveis de temperatura, chegando a 250\u00baC em segundos. Conta com um display digital com bot\u00f5es na lateral da prancha para controlar o calor.<\/span><\/p>\n<p><span style=\"font-weight: 400;\">Serve para diferentes tipos de cabelo, com um design para f\u00e1cil e seguro manuseio. Tem apoio para os dedos e material t\u00e9rmico para segurar sem o risco de queimar as m\u00e3os. As placas da prancha s\u00e3o de tit\u00e2nio e possui a tecnologia Ionic, para emiss\u00e3o de \u00edons que diminuem o frizz e aumentam o brilho do cabelo.<\/span><\/p>\n<h3><span style=\"font-weight: 400;\">2.<\/span> <span style=\"font-weight: 400;\">Mondial P-20 Golden Rose<\/span><\/h3>\n<p><span style=\"font-weight: 400;\">A Mondial P-20 Golden Rose \u00e9 uma \u00f3tima op\u00e7\u00e3o de chapinha com caracter\u00edsticas de qualidade e custo razo\u00e1vel. A temperatura vai de 100 a 220\u00baC, se adequando dos cabelos finos at\u00e9 os mais grossos. O controle de temperatura possui sete regulagens.<\/span><\/p>\n<p><span style=\"font-weight: 400;\">O revestimento de cer\u00e2mica deixa os fios mais alinhados e sem frizz por causa da tecnologia tourmaline de \u00edons negativos. Este alisador de cabelo \u00e9 bivolt, tem um cabo girat\u00f3rio 360\u00ba e chapas flutuantes para facilitar os movimentos. Conta ainda com uma trava de seguran\u00e7a, essencial para quem tem crian\u00e7a em casa.<\/span><\/p>\n<h3><span style=\"font-weight: 400;\">3.<\/span><span style=\"font-weight: 400;\"> \u00a0 \u00a0 <\/span><span style=\"font-weight: 400;\">Taiff Cer\u00e2mica<\/span><\/h3>\n<p><span style=\"font-weight: 400;\">O alisador de cabelo perfeito para quem possui os fios muito finos, sens\u00edveis e com pouco volume. Este \u00e9 um modelo b\u00e1sico da Taiff, com placas revestidas em cer\u00e2mica que deslizam bem e distribuem o calor uniformemente.<\/span><\/p>\n<p><span style=\"font-weight: 400;\">A temperatura m\u00e1xima da Taiff Cer\u00e2mica \u00e9 de 180 \u00ba C, por isso \u00e9 indicada para cabelos que n\u00e3o toleram muito calor. Por ser uma chapinha que n\u00e3o oferece nenhuma tecnologia de tratamento, a dica \u00e9 utilizar produtos espec\u00edficos para prote\u00e7\u00e3o t\u00e9rmica e redu\u00e7\u00e3o de frizz. Tem um excelente custo-benef\u00edcio e \u00e9 um aparelho bivolt, ideal para viagens.<\/span><\/p>\n<h3><span style=\"font-weight: 400;\">4.<\/span> <span style=\"font-weight: 400;\"> Taiff Super Mini<\/span><\/h3>\n<p><span style=\"font-weight: 400;\">Sem d\u00favida a melhor op\u00e7\u00e3o de chapinha port\u00e1til, leve e compacta, pr\u00e1tica para carregar na bolsa e na mala com um estojo t\u00e9rmico que a acompanha. A Taiff Super Mini tamb\u00e9m \u00e9 bivolt. Apesar de ser um modelo compacto, seu cabo mede 1, 80 m, o que garante uma boa mobilidade.<\/span><\/p>\n<p><span style=\"font-weight: 400;\">As placas s\u00e3o mais finas e revestidas de cer\u00e2mica, indicada principalmente para retoques de raiz, alisamento de franjas curtas e para aqueles indesejados fios rebeldes que nascem no alto da testa. A temperatura \u00e9 de at\u00e9 200\u00ba C sendo atingida em 90 segundos. Pelas placas finas, funciona tamb\u00e9m para modelar cachos. Um aparelho b\u00e1sico, sem controle de temperatura e tecnologias de tratamento. Mas para quem busca por um alisador para acabamento dos fios, leve e compacta para carregar no dia a dia e em viagens \u00e9 uma excelente escolha.<\/span><\/p>\n<h3><span style=\"font-weight: 400;\">\u00a05.<\/span> <span style=\"font-weight: 400;\">Taiff Vulcan<\/span><\/h3>\n<p><span style=\"font-weight: 400;\">A Taiff Vulcan \u00e9 um alisador de cabelo de uso profissional, mas que tamb\u00e9m pode ser usada em casa. S\u00e3o duas temperaturas, 200 e 250\u00b0 C, selecionadas por bot\u00f5es e indicadas em um visor digital que a prancha possui.<\/span><\/p>\n<p><span style=\"font-weight: 400;\">Suas placas de cer\u00e2mica permitem um impec\u00e1vel deslizamento e a distribui\u00e7\u00e3o do calor por igual, al\u00e9m de uma boa largura que facilita o alisamento de cabelos com muito volume. Possui ainda o sistema de flutua\u00e7\u00e3o orbital, em que as placas t\u00eam uma mobilidade que permite movimentos mais precisos por todo o comprimento do cabelo.<\/span><\/p>\n<p><span style=\"font-weight: 400;\">Por ter apenas duas temperaturas bem elevadas, \u00e9 preciso avaliar se \u00e9 mesmo adequada para uso dom\u00e9stico. Para o caso de cabelos grossos, ondulados e volumosos \u00e9 certamente uma boa escolha.<\/span><\/p>\n","protected":false},"excerpt":{"rendered":"<p>Que o processo de transi\u00e7\u00e3o capilar se tornou um fen\u00f4meno desde o ano passado todos j\u00e1 sabemos. Mas at\u00e9 que se chegue ao resultado esperado de um cabelo em sua forma natural, livre de qu\u00edmicas, as mulheres podem contar com o poderoso aliado de sempre para encarar esse desafio. Os alisadores de cabelo, conhecidos tamb\u00e9m [&hellip;]<\/p>\n","protected":false},"author":2,"featured_media":3206,"comment_status":"open","ping_status":"open","sticky":false,"template":"","format":"standard","meta":{"footnotes":""},"categories":[56],"tags":[],"class_list":{"0":"post-3204","1":"post","2":"type-post","3":"status-publish","4":"format-standard","5":"has-post-thumbnail","7":"category-noticia"},"yoast_head":"<!-- This site is optimized with the Yoast SEO plugin v25.9 - https:\/\/yoast.com\/wordpress\/plugins\/seo\/ -->\n<title>Melhores alisadores de cabelo profissionais - Top 5 MyCapil \u2714\ufe0f<\/title>\n<meta name=\"description\" content=\"Neste artigo, falaremos sobre Os cinco melhores alisadores de cabelo profissionais. Visite nosso blog\" \/>\n<meta name=\"robots\" content=\"index, follow, max-snippet:-1, max-image-preview:large, max-video-preview:-1\" \/>\n<link rel=\"canonical\" href=\"https:\/\/mycapil.com\/pt-br\/melhores-alisadores-cabelo-profissionais\/\" \/>\n<meta property=\"og:locale\" content=\"pt_PT\" \/>\n<meta property=\"og:type\" content=\"article\" \/>\n<meta property=\"og:title\" content=\"Melhores alisadores de cabelo profissionais - Top 5 MyCapil \u2714\ufe0f\" \/>\n<meta property=\"og:description\" content=\"Neste artigo, falaremos sobre Os cinco melhores alisadores de cabelo profissionais. Visite nosso blog\" \/>\n<meta property=\"og:url\" content=\"https:\/\/mycapil.com\/pt-br\/melhores-alisadores-cabelo-profissionais\/\" \/>\n<meta property=\"og:site_name\" content=\"MyCapil\" \/>\n<meta property=\"article:published_time\" content=\"2021-06-13T20:32:11+00:00\" \/>\n<meta property=\"og:image\" content=\"https:\/\/mycapil.com\/wp-content\/uploads\/2021\/06\/melhores-alisadores-pelo.jpg\" \/>\n\t<meta property=\"og:image:width\" content=\"600\" \/>\n\t<meta property=\"og:image:height\" content=\"400\" \/>\n\t<meta property=\"og:image:type\" content=\"image\/jpeg\" \/>\n<meta name=\"author\" content=\"MyCapil\" \/>\n<meta name=\"twitter:card\" content=\"summary_large_image\" \/>\n<meta name=\"twitter:label1\" content=\"Written by\" \/>\n\t<meta name=\"twitter:data1\" content=\"MyCapil\" \/>\n\t<meta name=\"twitter:label2\" content=\"Est. reading time\" \/>\n\t<meta name=\"twitter:data2\" content=\"5 minutes\" \/>\n<script type=\"application\/ld+json\" class=\"yoast-schema-graph\">{\"@context\":\"https:\/\/schema.org\",\"@graph\":[{\"@type\":\"Article\",\"@id\":\"https:\/\/mycapil.com\/pt-br\/melhores-alisadores-cabelo-profissionais\/#article\",\"isPartOf\":{\"@id\":\"https:\/\/mycapil.com\/pt-br\/melhores-alisadores-cabelo-profissionais\/\"},\"author\":{\"name\":\"MyCapil\",\"@id\":\"https:\/\/mycapil.com\/pt-br\/#\/schema\/person\/edb7928a381976a0b94e47505ff847d5\"},\"headline\":\"Os cinco melhores alisadores de cabelo profissionais\",\"datePublished\":\"2021-06-13T20:32:11+00:00\",\"mainEntityOfPage\":{\"@id\":\"https:\/\/mycapil.com\/pt-br\/melhores-alisadores-cabelo-profissionais\/\"},\"wordCount\":1038,\"commentCount\":0,\"publisher\":{\"@id\":\"https:\/\/mycapil.com\/pt-br\/#organization\"},\"image\":{\"@id\":\"https:\/\/mycapil.com\/pt-br\/melhores-alisadores-cabelo-profissionais\/#primaryimage\"},\"thumbnailUrl\":\"https:\/\/mycapil.com\/wp-content\/uploads\/2021\/06\/melhores-alisadores-pelo.jpg\",\"articleSection\":[\"Not\u00edcia\"],\"inLanguage\":\"pt\",\"potentialAction\":[{\"@type\":\"CommentAction\",\"name\":\"Comment\",\"target\":[\"https:\/\/mycapil.com\/pt-br\/melhores-alisadores-cabelo-profissionais\/#respond\"]}]},{\"@type\":\"WebPage\",\"@id\":\"https:\/\/mycapil.com\/pt-br\/melhores-alisadores-cabelo-profissionais\/\",\"url\":\"https:\/\/mycapil.com\/pt-br\/melhores-alisadores-cabelo-profissionais\/\",\"name\":\"Melhores alisadores de cabelo profissionais - Top 5 MyCapil \u2714\ufe0f\",\"isPartOf\":{\"@id\":\"https:\/\/mycapil.com\/pt-br\/#website\"},\"primaryImageOfPage\":{\"@id\":\"https:\/\/mycapil.com\/pt-br\/melhores-alisadores-cabelo-profissionais\/#primaryimage\"},\"image\":{\"@id\":\"https:\/\/mycapil.com\/pt-br\/melhores-alisadores-cabelo-profissionais\/#primaryimage\"},\"thumbnailUrl\":\"https:\/\/mycapil.com\/wp-content\/uploads\/2021\/06\/melhores-alisadores-pelo.jpg\",\"datePublished\":\"2021-06-13T20:32:11+00:00\",\"description\":\"Neste artigo, falaremos sobre Os cinco melhores alisadores de cabelo profissionais. Visite nosso blog\",\"breadcrumb\":{\"@id\":\"https:\/\/mycapil.com\/pt-br\/melhores-alisadores-cabelo-profissionais\/#breadcrumb\"},\"inLanguage\":\"pt\",\"potentialAction\":[{\"@type\":\"ReadAction\",\"target\":[\"https:\/\/mycapil.com\/pt-br\/melhores-alisadores-cabelo-profissionais\/\"]}]},{\"@type\":\"ImageObject\",\"inLanguage\":\"pt\",\"@id\":\"https:\/\/mycapil.com\/pt-br\/melhores-alisadores-cabelo-profissionais\/#primaryimage\",\"url\":\"https:\/\/mycapil.com\/wp-content\/uploads\/2021\/06\/melhores-alisadores-pelo.jpg\",\"contentUrl\":\"https:\/\/mycapil.com\/wp-content\/uploads\/2021\/06\/melhores-alisadores-pelo.jpg\",\"width\":600,\"height\":400,\"caption\":\"Os cinco melhores alisadores de cabelo profissionais\"},{\"@type\":\"BreadcrumbList\",\"@id\":\"https:\/\/mycapil.com\/pt-br\/melhores-alisadores-cabelo-profissionais\/#breadcrumb\",\"itemListElement\":[{\"@type\":\"ListItem\",\"position\":1,\"name\":\"Home\",\"item\":\"https:\/\/mycapil.com\/pt-br\/\"},{\"@type\":\"ListItem\",\"position\":2,\"name\":\"Os cinco melhores alisadores de cabelo profissionais\"}]},{\"@type\":\"WebSite\",\"@id\":\"https:\/\/mycapil.com\/pt-br\/#website\",\"url\":\"https:\/\/mycapil.com\/pt-br\/\",\"name\":\"MyCapil\",\"description\":\"Alopecia, queda de cabelo, capilar\",\"publisher\":{\"@id\":\"https:\/\/mycapil.com\/pt-br\/#organization\"},\"potentialAction\":[{\"@type\":\"SearchAction\",\"target\":{\"@type\":\"EntryPoint\",\"urlTemplate\":\"https:\/\/mycapil.com\/pt-br\/?s={search_term_string}\"},\"query-input\":{\"@type\":\"PropertyValueSpecification\",\"valueRequired\":true,\"valueName\":\"search_term_string\"}}],\"inLanguage\":\"pt\"},{\"@type\":\"Organization\",\"@id\":\"https:\/\/mycapil.com\/pt-br\/#organization\",\"name\":\"MyCapil\",\"url\":\"https:\/\/mycapil.com\/pt-br\/\",\"logo\":{\"@type\":\"ImageObject\",\"inLanguage\":\"pt\",\"@id\":\"https:\/\/mycapil.com\/pt-br\/#\/schema\/logo\/image\/\",\"url\":\"https:\/\/mycapil.com\/wp-content\/uploads\/2020\/02\/Mycapil3.png\",\"contentUrl\":\"https:\/\/mycapil.com\/wp-content\/uploads\/2020\/02\/Mycapil3.png\",\"width\":339,\"height\":113,\"caption\":\"MyCapil\"},\"image\":{\"@id\":\"https:\/\/mycapil.com\/pt-br\/#\/schema\/logo\/image\/\"}},{\"@type\":\"Person\",\"@id\":\"https:\/\/mycapil.com\/pt-br\/#\/schema\/person\/edb7928a381976a0b94e47505ff847d5\",\"name\":\"MyCapil\",\"image\":{\"@type\":\"ImageObject\",\"inLanguage\":\"pt\",\"@id\":\"https:\/\/mycapil.com\/pt-br\/#\/schema\/person\/image\/\",\"url\":\"https:\/\/secure.gravatar.com\/avatar\/7d6a4dd75e3893e11a15320ce302770387ef8f0b488173747313e3e308c679b0?s=96&d=mm&r=g\",\"contentUrl\":\"https:\/\/secure.gravatar.com\/avatar\/7d6a4dd75e3893e11a15320ce302770387ef8f0b488173747313e3e308c679b0?s=96&d=mm&r=g\",\"caption\":\"MyCapil\"}}]}<\/script>\n<!-- \/ Yoast SEO plugin. -->","yoast_head_json":{"title":"Melhores alisadores de cabelo profissionais - Top 5 MyCapil \u2714\ufe0f","description":"Neste artigo, falaremos sobre Os cinco melhores alisadores de cabelo profissionais. Visite nosso blog","robots":{"index":"index","follow":"follow","max-snippet":"max-snippet:-1","max-image-preview":"max-image-preview:large","max-video-preview":"max-video-preview:-1"},"canonical":"https:\/\/mycapil.com\/pt-br\/melhores-alisadores-cabelo-profissionais\/","og_locale":"pt_PT","og_type":"article","og_title":"Melhores alisadores de cabelo profissionais - Top 5 MyCapil \u2714\ufe0f","og_description":"Neste artigo, falaremos sobre Os cinco melhores alisadores de cabelo profissionais. Visite nosso blog","og_url":"https:\/\/mycapil.com\/pt-br\/melhores-alisadores-cabelo-profissionais\/","og_site_name":"MyCapil","article_published_time":"2021-06-13T20:32:11+00:00","og_image":[{"width":600,"height":400,"url":"https:\/\/mycapil.com\/wp-content\/uploads\/2021\/06\/melhores-alisadores-pelo.jpg","type":"image\/jpeg"}],"author":"MyCapil","twitter_card":"summary_large_image","twitter_misc":{"Written by":"MyCapil","Est. reading time":"5 minutes"},"schema":{"@context":"https:\/\/schema.org","@graph":[{"@type":"Article","@id":"https:\/\/mycapil.com\/pt-br\/melhores-alisadores-cabelo-profissionais\/#article","isPartOf":{"@id":"https:\/\/mycapil.com\/pt-br\/melhores-alisadores-cabelo-profissionais\/"},"author":{"name":"MyCapil","@id":"https:\/\/mycapil.com\/pt-br\/#\/schema\/person\/edb7928a381976a0b94e47505ff847d5"},"headline":"Os cinco melhores alisadores de cabelo profissionais","datePublished":"2021-06-13T20:32:11+00:00","mainEntityOfPage":{"@id":"https:\/\/mycapil.com\/pt-br\/melhores-alisadores-cabelo-profissionais\/"},"wordCount":1038,"commentCount":0,"publisher":{"@id":"https:\/\/mycapil.com\/pt-br\/#organization"},"image":{"@id":"https:\/\/mycapil.com\/pt-br\/melhores-alisadores-cabelo-profissionais\/#primaryimage"},"thumbnailUrl":"https:\/\/mycapil.com\/wp-content\/uploads\/2021\/06\/melhores-alisadores-pelo.jpg","articleSection":["Not\u00edcia"],"inLanguage":"pt","potentialAction":[{"@type":"CommentAction","name":"Comment","target":["https:\/\/mycapil.com\/pt-br\/melhores-alisadores-cabelo-profissionais\/#respond"]}]},{"@type":"WebPage","@id":"https:\/\/mycapil.com\/pt-br\/melhores-alisadores-cabelo-profissionais\/","url":"https:\/\/mycapil.com\/pt-br\/melhores-alisadores-cabelo-profissionais\/","name":"Melhores alisadores de cabelo profissionais - Top 5 MyCapil \u2714\ufe0f","isPartOf":{"@id":"https:\/\/mycapil.com\/pt-br\/#website"},"primaryImageOfPage":{"@id":"https:\/\/mycapil.com\/pt-br\/melhores-alisadores-cabelo-profissionais\/#primaryimage"},"image":{"@id":"https:\/\/mycapil.com\/pt-br\/melhores-alisadores-cabelo-profissionais\/#primaryimage"},"thumbnailUrl":"https:\/\/mycapil.com\/wp-content\/uploads\/2021\/06\/melhores-alisadores-pelo.jpg","datePublished":"2021-06-13T20:32:11+00:00","description":"Neste artigo, falaremos sobre Os cinco melhores alisadores de cabelo profissionais. Visite nosso blog","breadcrumb":{"@id":"https:\/\/mycapil.com\/pt-br\/melhores-alisadores-cabelo-profissionais\/#breadcrumb"},"inLanguage":"pt","potentialAction":[{"@type":"ReadAction","target":["https:\/\/mycapil.com\/pt-br\/melhores-alisadores-cabelo-profissionais\/"]}]},{"@type":"ImageObject","inLanguage":"pt","@id":"https:\/\/mycapil.com\/pt-br\/melhores-alisadores-cabelo-profissionais\/#primaryimage","url":"https:\/\/mycapil.com\/wp-content\/uploads\/2021\/06\/melhores-alisadores-pelo.jpg","contentUrl":"https:\/\/mycapil.com\/wp-content\/uploads\/2021\/06\/melhores-alisadores-pelo.jpg","width":600,"height":400,"caption":"Os cinco melhores alisadores de cabelo profissionais"},{"@type":"BreadcrumbList","@id":"https:\/\/mycapil.com\/pt-br\/melhores-alisadores-cabelo-profissionais\/#breadcrumb","itemListElement":[{"@type":"ListItem","position":1,"name":"Home","item":"https:\/\/mycapil.com\/pt-br\/"},{"@type":"ListItem","position":2,"name":"Os cinco melhores alisadores de cabelo profissionais"}]},{"@type":"WebSite","@id":"https:\/\/mycapil.com\/pt-br\/#website","url":"https:\/\/mycapil.com\/pt-br\/","name":"MyCapil","description":"Alopecia, queda de cabelo, capilar","publisher":{"@id":"https:\/\/mycapil.com\/pt-br\/#organization"},"potentialAction":[{"@type":"SearchAction","target":{"@type":"EntryPoint","urlTemplate":"https:\/\/mycapil.com\/pt-br\/?s={search_term_string}"},"query-input":{"@type":"PropertyValueSpecification","valueRequired":true,"valueName":"search_term_string"}}],"inLanguage":"pt"},{"@type":"Organization","@id":"https:\/\/mycapil.com\/pt-br\/#organization","name":"MyCapil","url":"https:\/\/mycapil.com\/pt-br\/","logo":{"@type":"ImageObject","inLanguage":"pt","@id":"https:\/\/mycapil.com\/pt-br\/#\/schema\/logo\/image\/","url":"https:\/\/mycapil.com\/wp-content\/uploads\/2020\/02\/Mycapil3.png","contentUrl":"https:\/\/mycapil.com\/wp-content\/uploads\/2020\/02\/Mycapil3.png","width":339,"height":113,"caption":"MyCapil"},"image":{"@id":"https:\/\/mycapil.com\/pt-br\/#\/schema\/logo\/image\/"}},{"@type":"Person","@id":"https:\/\/mycapil.com\/pt-br\/#\/schema\/person\/edb7928a381976a0b94e47505ff847d5","name":"MyCapil","image":{"@type":"ImageObject","inLanguage":"pt","@id":"https:\/\/mycapil.com\/pt-br\/#\/schema\/person\/image\/","url":"https:\/\/secure.gravatar.com\/avatar\/7d6a4dd75e3893e11a15320ce302770387ef8f0b488173747313e3e308c679b0?s=96&d=mm&r=g","contentUrl":"https:\/\/secure.gravatar.com\/avatar\/7d6a4dd75e3893e11a15320ce302770387ef8f0b488173747313e3e308c679b0?s=96&d=mm&r=g","caption":"MyCapil"}}]}},"_links":{"self":[{"href":"https:\/\/mycapil.com\/pt-br\/wp-json\/wp\/v2\/posts\/3204","targetHints":{"allow":["GET"]}}],"collection":[{"href":"https:\/\/mycapil.com\/pt-br\/wp-json\/wp\/v2\/posts"}],"about":[{"href":"https:\/\/mycapil.com\/pt-br\/wp-json\/wp\/v2\/types\/post"}],"author":[{"embeddable":true,"href":"https:\/\/mycapil.com\/pt-br\/wp-json\/wp\/v2\/users\/2"}],"replies":[{"embeddable":true,"href":"https:\/\/mycapil.com\/pt-br\/wp-json\/wp\/v2\/comments?post=3204"}],"version-history":[{"count":1,"href":"https:\/\/mycapil.com\/pt-br\/wp-json\/wp\/v2\/posts\/3204\/revisions"}],"predecessor-version":[{"id":3211,"href":"https:\/\/mycapil.com\/pt-br\/wp-json\/wp\/v2\/posts\/3204\/revisions\/3211"}],"wp:featuredmedia":[{"embeddable":true,"href":"https:\/\/mycapil.com\/pt-br\/wp-json\/wp\/v2\/media\/3206"}],"wp:attachment":[{"href":"https:\/\/mycapil.com\/pt-br\/wp-json\/wp\/v2\/media?parent=3204"}],"wp:term":[{"taxonomy":"category","embeddable":true,"href":"https:\/\/mycapil.com\/pt-br\/wp-json\/wp\/v2\/categories?post=3204"},{"taxonomy":"post_tag","embeddable":true,"href":"https:\/\/mycapil.com\/pt-br\/wp-json\/wp\/v2\/tags?post=3204"}],"curies":[{"name":"wp","href":"https:\/\/api.w.org\/{rel}","templated":true}]}}