{"id":7784,"date":"2022-05-18T10:09:29","date_gmt":"2022-05-18T14:09:29","guid":{"rendered":"https:\/\/mycapil.com\/?p=7784"},"modified":"2022-05-18T12:04:54","modified_gmt":"2022-05-18T16:04:54","slug":"tricopigmentacao-capilar","status":"publish","type":"post","link":"https:\/\/mycapil.com\/pt-br\/tricopigmentacao-capilar\/","title":{"rendered":"O que \u00e9 a tricopigmenta\u00e7\u00e3o capilar?"},"content":{"rendered":"<p>A tricopigmenta\u00e7\u00e3o capilar \u00e9 uma t\u00e9cnica desenvolvida pelo italiano Ennio Orsini, em 1998, para corrigir falhas de pelos atrav\u00e9s da aplica\u00e7\u00e3o de pigmenta\u00e7\u00e3o para camuflar \u00e1reas com menor quantidade de fios. Trata-se de uma alternativa aos tratamentos contra a calv\u00edcie, nem sempre eficazes ou com um custo muito alto.<\/p>\n<p>O procedimento cria o efeito de feito de cabelo natural e por consequ\u00eancia, maior densidade capilar. Diminui o contraste entre o cabelo e o couro cabeludo e \u00e9 recurso utilizado para casos de queda capilar, para cobrir cicatrizes causadas por cirurgias ou traumas ou para criar o efeito de cabelo raspado quando n\u00e3o h\u00e1 fios.<\/p>\n<p>S\u00e3o distribu\u00eddos pontos irregulares na \u00e1rea desejada para simular a disposi\u00e7\u00e3o natural dos fios, sendo que os pigmentos usados imitam a cor do cabelo do paciente. \u00c9 indicada para homens e mulheres de qualquer idade, resgatando no indiv\u00edduo a sensa\u00e7\u00e3o de possuir cabelo e sua autoestima perdida.<\/p>\n<h2>Como \u00e9 feita a tricopigmenta\u00e7\u00e3o?<\/h2>\n<p>A tricopigmenta\u00e7\u00e3o capilar \u00e9 realizada com um derm\u00f3grafo, agulhas e tintas espec\u00edficas para a pigmenta\u00e7\u00e3o do couro cabeludo. Para a realiza\u00e7\u00e3o da t\u00e9cnica, o primeiro passo \u00e9 fazer a colorimetria, processo que avalia a cor do cabelo para chegar numa tonalidade de pigmento mais pr\u00f3ximo poss\u00edvel da cor dos fios.<\/p>\n<p>S\u00e3o distribu\u00eddos pigmentos em pontos irregulares na regi\u00e3o desejada para simular a disposi\u00e7\u00e3o natural do cabelo. Para a tricopigmenta\u00e7\u00e3o n\u00e3o \u00e9 necess\u00e1rio raspar o cabelo e os fios naturais n\u00e3o s\u00e3o danificados.<\/p>\n<p>A t\u00e9cnica \u00e9 indolor e aplicada sem necessidade de corte, n\u00e3o deixando cicatriz. N\u00e3o h\u00e1 sangramento, por\u00e9m pode haver um pequeno desconforto que pode ser amenizado com o uso de anest\u00e9sicos locais.<\/p>\n<p>O procedimento \u00e9 realizado em sess\u00f5es, que variam conforme o tamanho da \u00e1rea e podem levar de 2 a 4 horas a depender da regi\u00e3o. Recomenda-se um espa\u00e7amento de pelo menos 20 dias entre cada sess\u00e3o at\u00e9 a finaliza\u00e7\u00e3o total. O resultado \u00e9 imediato e apesar dos pigmentos permanentes utilizados, com o tempo ocorre um desgaste natural e o cabelo muda de cor, havendo diminui\u00e7\u00e3o na intensidade do tom at\u00e9 que fique grisalho.<\/p>\n<p>A cor do pigmento org\u00e2nico n\u00e3o se altera, mas diminui a intensidade gradativamente e em at\u00e9 2 anos \u00e9 totalmente absolvido. Por isso, s\u00e3o indicadas sess\u00f5es de manuten\u00e7\u00e3o da cor a cada 6 ou 12 meses para que a tricopigmenta\u00e7\u00e3o capilar mantenha o aspecto natural e denso proposto pela t\u00e9cnica.<\/p>\n<p>Em certos casos, a tricopigmenta\u00e7\u00e3o n\u00e3o \u00e9 indicada, como por exemplo em pessoas com calv\u00edcie avan\u00e7ada que desejam manter os fios longos, pessoas com cabelos brancos, ruivos ou loiros muito claros.<\/p>\n<p>Para garantir um resultado natural e com maior dura\u00e7\u00e3o, o procedimento da tricopigmenta\u00e7\u00e3o capilar deve ser realizado por um especialista competente e respons\u00e1vel. Isso tamb\u00e9m \u00e9 fundamental para a seguran\u00e7a do paciente, pois \u00e9 necess\u00e1rio que o profissional siga a regulamenta\u00e7\u00e3o da Anvisa para que normas de biosseguran\u00e7a sejam cumpridas.<\/p>\n<h2>Para quem \u00e9 indicada a tricopigmenta\u00e7\u00e3o capilar?<\/h2>\n<p><img loading=\"lazy\" decoding=\"async\" class=\"wp-image-7785 size-large aligncenter\" src=\"https:\/\/mycapil.com\/wp-content\/uploads\/2022\/05\/tricop-capilar-1024x683.jpg\" alt=\"\" width=\"696\" height=\"464\" srcset=\"https:\/\/mycapil.com\/wp-content\/uploads\/2022\/05\/tricop-capilar-1024x683.jpg 1024w, https:\/\/mycapil.com\/wp-content\/uploads\/2022\/05\/tricop-capilar-300x200.jpg 300w, https:\/\/mycapil.com\/wp-content\/uploads\/2022\/05\/tricop-capilar-768x512.jpg 768w, https:\/\/mycapil.com\/wp-content\/uploads\/2022\/05\/tricop-capilar-1536x1024.jpg 1536w, https:\/\/mycapil.com\/wp-content\/uploads\/2022\/05\/tricop-capilar-2048x1365.jpg 2048w, https:\/\/mycapil.com\/wp-content\/uploads\/2022\/05\/tricop-capilar-150x100.jpg 150w, https:\/\/mycapil.com\/wp-content\/uploads\/2022\/05\/tricop-capilar-696x464.jpg 696w, https:\/\/mycapil.com\/wp-content\/uploads\/2022\/05\/tricop-capilar-1068x712.jpg 1068w, https:\/\/mycapil.com\/wp-content\/uploads\/2022\/05\/tricop-capilar-1920x1280.jpg 1920w, https:\/\/mycapil.com\/wp-content\/uploads\/2022\/05\/tricop-capilar-630x420.jpg 630w\" sizes=\"auto, (max-width: 696px) 100vw, 696px\" \/><\/p>\n<p>O tratamento \u00e9 indicado tanto para homens quanto mulheres com diferentes graus de calv\u00edcie. Para os casos de alopecia areata, que \u00e9 pass\u00edvel de revers\u00e3o, ou de alopecia androgen\u00e9tica, que \u00e9 a perda definitiva dos cabelos por causa gen\u00e9tica, a chamada calv\u00edcie total, onde se realiza a t\u00e9cnica com o efeito raspado.<\/p>\n<p>A tricopigmenta\u00e7\u00e3o \u00e9 recomendada tamb\u00e9m para o paciente que possui cabelos ralos e finos, mas deseja simular um maior volume dos fios. \u00c9 aconselhada ainda para pessoas que n\u00e3o podem ou n\u00e3o querem realizar o <a href=\"https:\/\/www.capilclinic.com.br\/quanto-custa-um-transplante-capilar\/\">transplante capilar<\/a>.<\/p>\n<p>E para quem fez o transplante capilar \u00e9 comum associar a t\u00e9cnica ao tratamento, com o objetivo de potencializar o efeito est\u00e9tico, criando sensa\u00e7\u00e3o de maior densidade capilar. Tamb\u00e9m \u00e9 utilizada para camuflar cicatrizes do m\u00e9todo FUT de implante de cabelo, com excelentes resultados est\u00e9ticos, deixando as marcas praticamente impercept\u00edveis.<\/p>\n<h2>Caracter\u00edsticas da tricopigmenta\u00e7\u00e3o<\/h2>\n<ul>\n<li>Indolor, realizada sob anestesia local;<\/li>\n<li>N\u00e3o tem sangramento;<\/li>\n<li>N\u00e3o \u00e9 permanente;<\/li>\n<li>Pigmento org\u00e2nico, biocompat\u00edvel e bioabsorv\u00edvel;<\/li>\n<li>Pigmento n\u00e3o migra e n\u00e3o oxida;<\/li>\n<li>N\u00e3o muda de cor;<\/li>\n<li>Efeito natural e delicado;<\/li>\n<li>\u00c9 aplicada na camada mais superficial da pele (cerca de 1\/4 da profundidade de uma tatuagem).<\/li>\n<\/ul>\n<h2>Como \u00e9 o p\u00f3s-operat\u00f3rio?<\/h2>\n<p>Normalmente, o paciente sente um leve desconforto por at\u00e9 48 horas e a pele pode ficar avermelhada nos primeiros dias. Um pouco de coceira tamb\u00e9m pode ser sentida enquanto a pele se recupera, logo \u00e9 importante que o paciente n\u00e3o coce ou arranhe o local e n\u00e3o lave a cabe\u00e7a nos dois dias seguintes ao procedimento.<\/p>\n<p>Sol e piscina com \u00e1gua clorada tamb\u00e9m devem ser evitados nas primeiras semanas e podem influenciar na durabilidade da tricopigmenta\u00e7\u00e3o. Recomenda-se evitar a exposi\u00e7\u00e3o solar direta e prolongada, utilizando chap\u00e9u ou bon\u00e9 sempre que poss\u00edvel, mas n\u00e3o nos primeiros dias.<\/p>\n<p>O excesso do pigmento ser\u00e1 removido durante a primeira lavagem. Tinturas, tonalizantes e outros produtos qu\u00edmicos poder\u00e3o ser utilizados somente ap\u00f3s 15 dias da realiza\u00e7\u00e3o do procedimento.<\/p>\n<h2>Os tipos de tricopigmenta\u00e7\u00e3o capilar<\/h2>\n<p>A perda de cabelo afeta de maneira diferente, logo a tricopigmenta\u00e7\u00e3o capilar deve ser adequar a necessidade de cada pessoa. \u00a0Conhe\u00e7a abaixo quais s\u00e3o os dois tipos da t\u00e9cnica.<\/p>\n<h3>Tricopigmenta\u00e7\u00e3o com efeito densidade (Thickening Effect)<\/h3>\n<p>Indicado para os seguintes casos:<\/p>\n<ul>\n<li>Pacientes que n\u00e3o podem fazer transplante capilar por n\u00e3o possu\u00edrem \u00e1rea doadora suficiente;<\/li>\n<li>Pacientes com rarefa\u00e7\u00e3o capilar inicial, que ainda n\u00e3o possuem indica\u00e7\u00e3o para a cirurgia;<\/li>\n<li>Pacientes que fizeram transplante de cabelo, mas gostariam de ter mais densidade;<\/li>\n<li>Mulheres com rarefa\u00e7\u00e3o capilar.<\/li>\n<\/ul>\n<h3>Tricopigmenta\u00e7\u00e3o com efeito raspado (Shaved Effect)<\/h3>\n<p>Indicado para:<\/p>\n<ul>\n<li>Homens com calv\u00edcie avan\u00e7ada que n\u00e3o querem ou n\u00e3o podem realizar o transplante capilar e raspam o cabelo;<\/li>\n<li>Casos de alopecia areata total, em que todos os fios foram perdidos;<\/li>\n<li>Camuflagem de cicatrizes no couro cabeludo, sejam por trauma ou cicatrizes cir\u00fargicas.<\/li>\n<\/ul>\n<p>&nbsp;<\/p>\n","protected":false},"excerpt":{"rendered":"<p>A tricopigmenta\u00e7\u00e3o capilar \u00e9 uma t\u00e9cnica desenvolvida pelo italiano Ennio Orsini, em 1998, para corrigir falhas de pelos atrav\u00e9s da aplica\u00e7\u00e3o de pigmenta\u00e7\u00e3o para camuflar \u00e1reas com menor quantidade de fios. Trata-se de uma alternativa aos tratamentos contra a calv\u00edcie, nem sempre eficazes ou com um custo muito alto. O procedimento cria o efeito de [&hellip;]<\/p>\n","protected":false},"author":2,"featured_media":7790,"comment_status":"open","ping_status":"open","sticky":false,"template":"","format":"standard","meta":{"footnotes":""},"categories":[56],"tags":[],"class_list":{"0":"post-7784","1":"post","2":"type-post","3":"status-publish","4":"format-standard","5":"has-post-thumbnail","7":"category-noticia"},"yoast_head":"<!-- This site is optimized with the Yoast SEO plugin v25.9 - https:\/\/yoast.com\/wordpress\/plugins\/seo\/ -->\n<title>O que \u00e9 a tricopigmenta\u00e7\u00e3o capilar? - MyCapil \u2714\ufe0f<\/title>\n<meta name=\"description\" content=\"Neste artigo vamos falar sobre O que \u00e9 a tricopigmenta\u00e7\u00e3o capilar? . Visite nosso blog\" \/>\n<meta name=\"robots\" content=\"index, follow, max-snippet:-1, max-image-preview:large, max-video-preview:-1\" \/>\n<link rel=\"canonical\" href=\"https:\/\/mycapil.com\/pt-br\/tricopigmentacao-capilar\/\" \/>\n<meta property=\"og:locale\" content=\"pt_PT\" \/>\n<meta property=\"og:type\" content=\"article\" \/>\n<meta property=\"og:title\" content=\"O que \u00e9 a tricopigmenta\u00e7\u00e3o capilar? - MyCapil \u2714\ufe0f\" \/>\n<meta property=\"og:description\" content=\"Neste artigo vamos falar sobre O que \u00e9 a tricopigmenta\u00e7\u00e3o capilar? . Visite nosso blog\" \/>\n<meta property=\"og:url\" content=\"https:\/\/mycapil.com\/pt-br\/tricopigmentacao-capilar\/\" \/>\n<meta property=\"og:site_name\" content=\"MyCapil\" \/>\n<meta property=\"article:published_time\" content=\"2022-05-18T14:09:29+00:00\" \/>\n<meta property=\"article:modified_time\" content=\"2022-05-18T16:04:54+00:00\" \/>\n<meta property=\"og:image\" content=\"https:\/\/mycapil.com\/wp-content\/uploads\/2022\/05\/tricopigmentacao.-scaled.jpg\" \/>\n\t<meta property=\"og:image:width\" content=\"2560\" \/>\n\t<meta property=\"og:image:height\" content=\"1707\" \/>\n\t<meta property=\"og:image:type\" content=\"image\/jpeg\" \/>\n<meta name=\"author\" content=\"MyCapil\" \/>\n<meta name=\"twitter:card\" content=\"summary_large_image\" \/>\n<meta name=\"twitter:label1\" content=\"Written by\" \/>\n\t<meta name=\"twitter:data1\" content=\"MyCapil\" \/>\n\t<meta name=\"twitter:label2\" content=\"Est. reading time\" \/>\n\t<meta name=\"twitter:data2\" content=\"5 minutes\" \/>\n<script type=\"application\/ld+json\" class=\"yoast-schema-graph\">{\"@context\":\"https:\/\/schema.org\",\"@graph\":[{\"@type\":\"Article\",\"@id\":\"https:\/\/mycapil.com\/pt-br\/tricopigmentacao-capilar\/#article\",\"isPartOf\":{\"@id\":\"https:\/\/mycapil.com\/pt-br\/tricopigmentacao-capilar\/\"},\"author\":{\"name\":\"MyCapil\",\"@id\":\"https:\/\/mycapil.com\/pt-br\/#\/schema\/person\/edb7928a381976a0b94e47505ff847d5\"},\"headline\":\"O que \u00e9 a tricopigmenta\u00e7\u00e3o capilar?\",\"datePublished\":\"2022-05-18T14:09:29+00:00\",\"dateModified\":\"2022-05-18T16:04:54+00:00\",\"mainEntityOfPage\":{\"@id\":\"https:\/\/mycapil.com\/pt-br\/tricopigmentacao-capilar\/\"},\"wordCount\":1029,\"commentCount\":0,\"publisher\":{\"@id\":\"https:\/\/mycapil.com\/pt-br\/#organization\"},\"image\":{\"@id\":\"https:\/\/mycapil.com\/pt-br\/tricopigmentacao-capilar\/#primaryimage\"},\"thumbnailUrl\":\"https:\/\/mycapil.com\/wp-content\/uploads\/2022\/05\/tricopigmentacao.-scaled.jpg\",\"articleSection\":[\"Not\u00edcia\"],\"inLanguage\":\"pt\",\"potentialAction\":[{\"@type\":\"CommentAction\",\"name\":\"Comment\",\"target\":[\"https:\/\/mycapil.com\/pt-br\/tricopigmentacao-capilar\/#respond\"]}]},{\"@type\":\"WebPage\",\"@id\":\"https:\/\/mycapil.com\/pt-br\/tricopigmentacao-capilar\/\",\"url\":\"https:\/\/mycapil.com\/pt-br\/tricopigmentacao-capilar\/\",\"name\":\"O que \u00e9 a tricopigmenta\u00e7\u00e3o capilar? - MyCapil \u2714\ufe0f\",\"isPartOf\":{\"@id\":\"https:\/\/mycapil.com\/pt-br\/#website\"},\"primaryImageOfPage\":{\"@id\":\"https:\/\/mycapil.com\/pt-br\/tricopigmentacao-capilar\/#primaryimage\"},\"image\":{\"@id\":\"https:\/\/mycapil.com\/pt-br\/tricopigmentacao-capilar\/#primaryimage\"},\"thumbnailUrl\":\"https:\/\/mycapil.com\/wp-content\/uploads\/2022\/05\/tricopigmentacao.-scaled.jpg\",\"datePublished\":\"2022-05-18T14:09:29+00:00\",\"dateModified\":\"2022-05-18T16:04:54+00:00\",\"description\":\"Neste artigo vamos falar sobre O que \u00e9 a tricopigmenta\u00e7\u00e3o capilar? . Visite nosso blog\",\"breadcrumb\":{\"@id\":\"https:\/\/mycapil.com\/pt-br\/tricopigmentacao-capilar\/#breadcrumb\"},\"inLanguage\":\"pt\",\"potentialAction\":[{\"@type\":\"ReadAction\",\"target\":[\"https:\/\/mycapil.com\/pt-br\/tricopigmentacao-capilar\/\"]}]},{\"@type\":\"ImageObject\",\"inLanguage\":\"pt\",\"@id\":\"https:\/\/mycapil.com\/pt-br\/tricopigmentacao-capilar\/#primaryimage\",\"url\":\"https:\/\/mycapil.com\/wp-content\/uploads\/2022\/05\/tricopigmentacao.-scaled.jpg\",\"contentUrl\":\"https:\/\/mycapil.com\/wp-content\/uploads\/2022\/05\/tricopigmentacao.-scaled.jpg\",\"width\":2560,\"height\":1707},{\"@type\":\"BreadcrumbList\",\"@id\":\"https:\/\/mycapil.com\/pt-br\/tricopigmentacao-capilar\/#breadcrumb\",\"itemListElement\":[{\"@type\":\"ListItem\",\"position\":1,\"name\":\"Home\",\"item\":\"https:\/\/mycapil.com\/pt-br\/\"},{\"@type\":\"ListItem\",\"position\":2,\"name\":\"O que \u00e9 a tricopigmenta\u00e7\u00e3o capilar?\"}]},{\"@type\":\"WebSite\",\"@id\":\"https:\/\/mycapil.com\/pt-br\/#website\",\"url\":\"https:\/\/mycapil.com\/pt-br\/\",\"name\":\"MyCapil\",\"description\":\"Alopecia, queda de cabelo, capilar\",\"publisher\":{\"@id\":\"https:\/\/mycapil.com\/pt-br\/#organization\"},\"potentialAction\":[{\"@type\":\"SearchAction\",\"target\":{\"@type\":\"EntryPoint\",\"urlTemplate\":\"https:\/\/mycapil.com\/pt-br\/?s={search_term_string}\"},\"query-input\":{\"@type\":\"PropertyValueSpecification\",\"valueRequired\":true,\"valueName\":\"search_term_string\"}}],\"inLanguage\":\"pt\"},{\"@type\":\"Organization\",\"@id\":\"https:\/\/mycapil.com\/pt-br\/#organization\",\"name\":\"MyCapil\",\"url\":\"https:\/\/mycapil.com\/pt-br\/\",\"logo\":{\"@type\":\"ImageObject\",\"inLanguage\":\"pt\",\"@id\":\"https:\/\/mycapil.com\/pt-br\/#\/schema\/logo\/image\/\",\"url\":\"https:\/\/mycapil.com\/wp-content\/uploads\/2020\/02\/Mycapil3.png\",\"contentUrl\":\"https:\/\/mycapil.com\/wp-content\/uploads\/2020\/02\/Mycapil3.png\",\"width\":339,\"height\":113,\"caption\":\"MyCapil\"},\"image\":{\"@id\":\"https:\/\/mycapil.com\/pt-br\/#\/schema\/logo\/image\/\"}},{\"@type\":\"Person\",\"@id\":\"https:\/\/mycapil.com\/pt-br\/#\/schema\/person\/edb7928a381976a0b94e47505ff847d5\",\"name\":\"MyCapil\",\"image\":{\"@type\":\"ImageObject\",\"inLanguage\":\"pt\",\"@id\":\"https:\/\/mycapil.com\/pt-br\/#\/schema\/person\/image\/\",\"url\":\"https:\/\/secure.gravatar.com\/avatar\/7d6a4dd75e3893e11a15320ce302770387ef8f0b488173747313e3e308c679b0?s=96&d=mm&r=g\",\"contentUrl\":\"https:\/\/secure.gravatar.com\/avatar\/7d6a4dd75e3893e11a15320ce302770387ef8f0b488173747313e3e308c679b0?s=96&d=mm&r=g\",\"caption\":\"MyCapil\"}}]}<\/script>\n<!-- \/ Yoast SEO plugin. -->","yoast_head_json":{"title":"O que \u00e9 a tricopigmenta\u00e7\u00e3o capilar? - MyCapil \u2714\ufe0f","description":"Neste artigo vamos falar sobre O que \u00e9 a tricopigmenta\u00e7\u00e3o capilar? . Visite nosso blog","robots":{"index":"index","follow":"follow","max-snippet":"max-snippet:-1","max-image-preview":"max-image-preview:large","max-video-preview":"max-video-preview:-1"},"canonical":"https:\/\/mycapil.com\/pt-br\/tricopigmentacao-capilar\/","og_locale":"pt_PT","og_type":"article","og_title":"O que \u00e9 a tricopigmenta\u00e7\u00e3o capilar? - MyCapil \u2714\ufe0f","og_description":"Neste artigo vamos falar sobre O que \u00e9 a tricopigmenta\u00e7\u00e3o capilar? . Visite nosso blog","og_url":"https:\/\/mycapil.com\/pt-br\/tricopigmentacao-capilar\/","og_site_name":"MyCapil","article_published_time":"2022-05-18T14:09:29+00:00","article_modified_time":"2022-05-18T16:04:54+00:00","og_image":[{"width":2560,"height":1707,"url":"https:\/\/mycapil.com\/wp-content\/uploads\/2022\/05\/tricopigmentacao.-scaled.jpg","type":"image\/jpeg"}],"author":"MyCapil","twitter_card":"summary_large_image","twitter_misc":{"Written by":"MyCapil","Est. reading time":"5 minutes"},"schema":{"@context":"https:\/\/schema.org","@graph":[{"@type":"Article","@id":"https:\/\/mycapil.com\/pt-br\/tricopigmentacao-capilar\/#article","isPartOf":{"@id":"https:\/\/mycapil.com\/pt-br\/tricopigmentacao-capilar\/"},"author":{"name":"MyCapil","@id":"https:\/\/mycapil.com\/pt-br\/#\/schema\/person\/edb7928a381976a0b94e47505ff847d5"},"headline":"O que \u00e9 a tricopigmenta\u00e7\u00e3o capilar?","datePublished":"2022-05-18T14:09:29+00:00","dateModified":"2022-05-18T16:04:54+00:00","mainEntityOfPage":{"@id":"https:\/\/mycapil.com\/pt-br\/tricopigmentacao-capilar\/"},"wordCount":1029,"commentCount":0,"publisher":{"@id":"https:\/\/mycapil.com\/pt-br\/#organization"},"image":{"@id":"https:\/\/mycapil.com\/pt-br\/tricopigmentacao-capilar\/#primaryimage"},"thumbnailUrl":"https:\/\/mycapil.com\/wp-content\/uploads\/2022\/05\/tricopigmentacao.-scaled.jpg","articleSection":["Not\u00edcia"],"inLanguage":"pt","potentialAction":[{"@type":"CommentAction","name":"Comment","target":["https:\/\/mycapil.com\/pt-br\/tricopigmentacao-capilar\/#respond"]}]},{"@type":"WebPage","@id":"https:\/\/mycapil.com\/pt-br\/tricopigmentacao-capilar\/","url":"https:\/\/mycapil.com\/pt-br\/tricopigmentacao-capilar\/","name":"O que \u00e9 a tricopigmenta\u00e7\u00e3o capilar? - MyCapil \u2714\ufe0f","isPartOf":{"@id":"https:\/\/mycapil.com\/pt-br\/#website"},"primaryImageOfPage":{"@id":"https:\/\/mycapil.com\/pt-br\/tricopigmentacao-capilar\/#primaryimage"},"image":{"@id":"https:\/\/mycapil.com\/pt-br\/tricopigmentacao-capilar\/#primaryimage"},"thumbnailUrl":"https:\/\/mycapil.com\/wp-content\/uploads\/2022\/05\/tricopigmentacao.-scaled.jpg","datePublished":"2022-05-18T14:09:29+00:00","dateModified":"2022-05-18T16:04:54+00:00","description":"Neste artigo vamos falar sobre O que \u00e9 a tricopigmenta\u00e7\u00e3o capilar? . Visite nosso blog","breadcrumb":{"@id":"https:\/\/mycapil.com\/pt-br\/tricopigmentacao-capilar\/#breadcrumb"},"inLanguage":"pt","potentialAction":[{"@type":"ReadAction","target":["https:\/\/mycapil.com\/pt-br\/tricopigmentacao-capilar\/"]}]},{"@type":"ImageObject","inLanguage":"pt","@id":"https:\/\/mycapil.com\/pt-br\/tricopigmentacao-capilar\/#primaryimage","url":"https:\/\/mycapil.com\/wp-content\/uploads\/2022\/05\/tricopigmentacao.-scaled.jpg","contentUrl":"https:\/\/mycapil.com\/wp-content\/uploads\/2022\/05\/tricopigmentacao.-scaled.jpg","width":2560,"height":1707},{"@type":"BreadcrumbList","@id":"https:\/\/mycapil.com\/pt-br\/tricopigmentacao-capilar\/#breadcrumb","itemListElement":[{"@type":"ListItem","position":1,"name":"Home","item":"https:\/\/mycapil.com\/pt-br\/"},{"@type":"ListItem","position":2,"name":"O que \u00e9 a tricopigmenta\u00e7\u00e3o capilar?"}]},{"@type":"WebSite","@id":"https:\/\/mycapil.com\/pt-br\/#website","url":"https:\/\/mycapil.com\/pt-br\/","name":"MyCapil","description":"Alopecia, queda de cabelo, capilar","publisher":{"@id":"https:\/\/mycapil.com\/pt-br\/#organization"},"potentialAction":[{"@type":"SearchAction","target":{"@type":"EntryPoint","urlTemplate":"https:\/\/mycapil.com\/pt-br\/?s={search_term_string}"},"query-input":{"@type":"PropertyValueSpecification","valueRequired":true,"valueName":"search_term_string"}}],"inLanguage":"pt"},{"@type":"Organization","@id":"https:\/\/mycapil.com\/pt-br\/#organization","name":"MyCapil","url":"https:\/\/mycapil.com\/pt-br\/","logo":{"@type":"ImageObject","inLanguage":"pt","@id":"https:\/\/mycapil.com\/pt-br\/#\/schema\/logo\/image\/","url":"https:\/\/mycapil.com\/wp-content\/uploads\/2020\/02\/Mycapil3.png","contentUrl":"https:\/\/mycapil.com\/wp-content\/uploads\/2020\/02\/Mycapil3.png","width":339,"height":113,"caption":"MyCapil"},"image":{"@id":"https:\/\/mycapil.com\/pt-br\/#\/schema\/logo\/image\/"}},{"@type":"Person","@id":"https:\/\/mycapil.com\/pt-br\/#\/schema\/person\/edb7928a381976a0b94e47505ff847d5","name":"MyCapil","image":{"@type":"ImageObject","inLanguage":"pt","@id":"https:\/\/mycapil.com\/pt-br\/#\/schema\/person\/image\/","url":"https:\/\/secure.gravatar.com\/avatar\/7d6a4dd75e3893e11a15320ce302770387ef8f0b488173747313e3e308c679b0?s=96&d=mm&r=g","contentUrl":"https:\/\/secure.gravatar.com\/avatar\/7d6a4dd75e3893e11a15320ce302770387ef8f0b488173747313e3e308c679b0?s=96&d=mm&r=g","caption":"MyCapil"}}]}},"_links":{"self":[{"href":"https:\/\/mycapil.com\/pt-br\/wp-json\/wp\/v2\/posts\/7784","targetHints":{"allow":["GET"]}}],"collection":[{"href":"https:\/\/mycapil.com\/pt-br\/wp-json\/wp\/v2\/posts"}],"about":[{"href":"https:\/\/mycapil.com\/pt-br\/wp-json\/wp\/v2\/types\/post"}],"author":[{"embeddable":true,"href":"https:\/\/mycapil.com\/pt-br\/wp-json\/wp\/v2\/users\/2"}],"replies":[{"embeddable":true,"href":"https:\/\/mycapil.com\/pt-br\/wp-json\/wp\/v2\/comments?post=7784"}],"version-history":[{"count":2,"href":"https:\/\/mycapil.com\/pt-br\/wp-json\/wp\/v2\/posts\/7784\/revisions"}],"predecessor-version":[{"id":7796,"href":"https:\/\/mycapil.com\/pt-br\/wp-json\/wp\/v2\/posts\/7784\/revisions\/7796"}],"wp:featuredmedia":[{"embeddable":true,"href":"https:\/\/mycapil.com\/pt-br\/wp-json\/wp\/v2\/media\/7790"}],"wp:attachment":[{"href":"https:\/\/mycapil.com\/pt-br\/wp-json\/wp\/v2\/media?parent=7784"}],"wp:term":[{"taxonomy":"category","embeddable":true,"href":"https:\/\/mycapil.com\/pt-br\/wp-json\/wp\/v2\/categories?post=7784"},{"taxonomy":"post_tag","embeddable":true,"href":"https:\/\/mycapil.com\/pt-br\/wp-json\/wp\/v2\/tags?post=7784"}],"curies":[{"name":"wp","href":"https:\/\/api.w.org\/{rel}","templated":true}]}}