{"id":8238,"date":"2022-07-05T11:07:40","date_gmt":"2022-07-05T15:07:40","guid":{"rendered":"https:\/\/mycapil.com\/?p=8238"},"modified":"2022-07-05T11:09:16","modified_gmt":"2022-07-05T15:09:16","slug":"queratina-para-o-cabelo-para-que-serve-e-beneficios","status":"publish","type":"post","link":"https:\/\/mycapil.com\/pt-br\/queratina-para-o-cabelo-para-que-serve-e-beneficios\/","title":{"rendered":"Queratina para o cabelo: para que serve e benef\u00edcios"},"content":{"rendered":"<p><span style=\"font-weight: 400\">A queratina \u00e9 uma prote\u00edna fibrosa, rica em amino\u00e1cidos que comp\u00f5e 90% da fibra capilar e est\u00e1 presente tamb\u00e9m nas unhas. Tem por fun\u00e7\u00e3o proteger e manter os cabelos saud\u00e1veis. A\u00a0 defici\u00eancia da queratina deixa os fios quebradi\u00e7os, fracos, \u00e1speros e sem vida.<\/span><\/p>\n<p><span style=\"font-weight: 400\">Alguns produtos para cabelo possuem a queratina como ingrediente, com a finalidade de fortalecer e proporcionar maleabilidade e brilho aos fios, raz\u00e3o pela qual \u00e9 usada em sal\u00f5es de beleza para v\u00e1rios tratamentos, como a selagem e a reconstru\u00e7\u00e3o capilar. Os produtos capilares que cont\u00eam queratina podem ser encontrados na forma l\u00edquida, gel, pomada ou associados ao shampoo, condicionador, m\u00e1scara e finalizador.<\/span><\/p>\n<h2><span style=\"font-weight: 400\">Para que a queratina \u00e9 indicada?<\/span><\/h2>\n<p><img loading=\"lazy\" decoding=\"async\" class=\" wp-image-8239\" src=\"https:\/\/mycapil.com\/wp-content\/uploads\/2022\/07\/queratina-2-300x200.jpg\" alt=\"\" width=\"684\" height=\"456\" srcset=\"https:\/\/mycapil.com\/wp-content\/uploads\/2022\/07\/queratina-2-300x200.jpg 300w, https:\/\/mycapil.com\/wp-content\/uploads\/2022\/07\/queratina-2-1024x683.jpg 1024w, https:\/\/mycapil.com\/wp-content\/uploads\/2022\/07\/queratina-2-768x512.jpg 768w, https:\/\/mycapil.com\/wp-content\/uploads\/2022\/07\/queratina-2-1536x1024.jpg 1536w, https:\/\/mycapil.com\/wp-content\/uploads\/2022\/07\/queratina-2-2048x1365.jpg 2048w, https:\/\/mycapil.com\/wp-content\/uploads\/2022\/07\/queratina-2-150x100.jpg 150w, https:\/\/mycapil.com\/wp-content\/uploads\/2022\/07\/queratina-2-696x464.jpg 696w, https:\/\/mycapil.com\/wp-content\/uploads\/2022\/07\/queratina-2-1068x712.jpg 1068w, https:\/\/mycapil.com\/wp-content\/uploads\/2022\/07\/queratina-2-1920x1280.jpg 1920w, https:\/\/mycapil.com\/wp-content\/uploads\/2022\/07\/queratina-2-630x420.jpg 630w\" sizes=\"auto, (max-width: 684px) 100vw, 684px\" \/><\/p>\n<p><span style=\"font-weight: 400\">A queratina \u00e9 indicada para pessoas com cabelos danificados, que ao serem agredidos perdem o nutriente e ficam desprotegidos, opacos, enfraquecidos e ressecados. \u00c9 recomendada tamb\u00e9m para quem j\u00e1 tentou diversos tratamentos de hidrata\u00e7\u00e3o dos fios e n\u00e3o obteve o resultado esperado, ficando a sensa\u00e7\u00e3o de que nada funciona mais.<\/span><\/p>\n<p><span style=\"font-weight: 400\">Secador, chapinha, raios solares e procedimentos qu\u00edmicos podem causar a perda de queratina nos cabelos. Ainda que n\u00e3o seja 100% poss\u00edvel evitar esses danos, \u00e9 poss\u00edvel minimiz\u00e1-los com certos cuidados, como por exemplo n\u00e3o lavar os cabelos com \u00e1gua quente e usar filtro solar, pois os raios ultravioleta agridem as madeixas e eliminam os nutrientes.\u00a0<\/span><\/p>\n<p><span style=\"font-weight: 400\">A queratina tamb\u00e9m ajuda no controle do volume e do frizz, deixando o cabelo mais alinhado e sedoso.A frequ\u00eancia indicada para fazer tratamentos com uso de queratina \u00e9 mensal ou uma vez por semana, no caso dos fios estarem bem danificados. A orienta\u00e7\u00e3o profissional para a periodicidade e dose certa s\u00e3o essenciais nesse tratamento.<\/span><\/p>\n<p><span style=\"font-weight: 400\">Aplicar queratina no cabelo mais do que o necess\u00e1rio pode deix\u00e1-lo r\u00edgido e quebradi\u00e7o. Se os fios est\u00e3o danificados e recebem queratina v\u00e3o ficar ainda mais enrijecidos, pois toda a estrutura capilar se fecha, como se os fios fossem blindados e, assim, os nutrientes n\u00e3o conseguem penetrar.<\/span><\/p>\n<h2><span style=\"font-weight: 400\">Benef\u00edcios da queratina para o cabelo<\/span><\/h2>\n<h3><span style=\"font-weight: 400\">Fortalecimento e prote\u00e7\u00e3o dos fios<\/span><\/h3>\n<p><span style=\"font-weight: 400\">A queratina \u00e9 ideal para tornar resistente o cabelo que est\u00e1 fraco e quebradi\u00e7o. Ela tamb\u00e9m protege os fios dos danos de procedimentos qu\u00edmicos, como alisamentos e tinturas. <\/span><span style=\"font-weight: 400\">Ao utilizar a prote\u00edna com frequ\u00eancia e na dosagem correta, os cabelos ficam fortes, saud\u00e1veis e com brilho.<\/span><\/p>\n<p><span style=\"font-weight: 400\">Para a fun\u00e7\u00e3o protetora dos fios, a queratina atua como uma capa que envolve e preenche as cut\u00edculas capilares das falhas causadas pelas subst\u00e2ncias utilizadas em procedimentos externos ou por alguma defici\u00eancia org\u00e2nica.<\/span><\/p>\n<h3><span style=\"font-weight: 400\">Reposi\u00e7\u00e3o de \u00e1gua na estrutura capilar<\/span><\/h3>\n<p><span style=\"font-weight: 400\">O fio do cabelo \u00e9 constitu\u00eddo de prote\u00edna, \u00e1gua, lip\u00eddeos, minerais e outros elementos. Quando ocorre perda de \u00e1gua e n\u00e3o h\u00e1 reposi\u00e7\u00e3o, os fios ficam fracos, ressecados e sem vida. Dentre os fatores que causam esse problema est\u00e3o o uso excessivo de secador e outros equipamentos que geram calor, lavar os cabelos com \u00e1gua quente, tratamentos com qu\u00edmica, exposi\u00e7\u00e3o solar, polui\u00e7\u00e3o e vento.<\/span><\/p>\n<p><span style=\"font-weight: 400\">Para repor a \u00e1gua e devolver a prote\u00edna do fio, um tratamento com m\u00e1scara de reconstru\u00e7\u00e3o que possua queratina \u00e9 bem eficaz. A hidrata\u00e7\u00e3o vai devolver a massa capilar e reconstruir a fibra, deixando o cabelo saud\u00e1vel e revigorado.<\/span><\/p>\n<h3><span style=\"font-weight: 400\">Redu\u00e7\u00e3o do frizz e das pontas duplas<\/span><\/h3>\n<p><span style=\"font-weight: 400\">N\u00e3o tem coisa pior e mais inc\u00f4moda para as mulheres do que aqueles fios de cabelo arrepiados. O frizz ocorre quando a cut\u00edcula capilar fica ressecada e consequentemente se abre, deixando as escamas abertas, o que pode causar a perda dos nutrientes dos fios.\u00a0<\/span><\/p>\n<p><span style=\"font-weight: 400\">Para se livrar do frizz e das pontas duplas, a dica \u00e9 tentar lavar os cabelos com \u00e1gua morna ou fria, evitando alta temperatura. Se for poss\u00edvel tamb\u00e9m diminua o uso de secador, chapinha ou babyliss, mas principalmente, invista em uma boa hidrata\u00e7\u00e3o com queratina e um protetor t\u00e9rmico para os fios.<\/span><\/p>\n<h3><span style=\"font-weight: 400\">Reconstru\u00e7\u00e3o dos fios\u00a0<\/span><\/h3>\n<p><span style=\"font-weight: 400\">A queratina auxilia na reestrutura\u00e7\u00e3o dos fios ao repor a massa capilar. Cabelos com qu\u00edmica devem ter o procedimento de reconstru\u00e7\u00e3o como parte da rotina de cuidados, de prefer\u00eancia sendo feita a cada 15 dias. Adotar um cronograma capilar a ser cumprido para <a href=\"https:\/\/www.capilclinic.com.br\/hidratar-cabelos-casa\/\">hidratar<\/a>, nutrir e reconstruir os fios favorece o alcance dos benef\u00edcios mencionados acima que resultam na sa\u00fade integral dos cabelos.<\/span><\/p>\n<h2><span style=\"font-weight: 400\">Como usar a queratina no cabelo?<\/span><\/h2>\n<p><span style=\"font-weight: 400\">A queratina pode ser aplicada nos cabelos de algumas formas. Uma \u00e9 aplicando\u00a0 a prote\u00edna diretamente sobre os fios. A outra forma\u00a0 \u00e9 a queratina l\u00edquida, sendo recomendado que seja misturada na m\u00e1scara de hidrata\u00e7\u00e3o para potencializar seu efeito. Uma terceira maneira \u00e9 atrav\u00e9s da reconstru\u00e7\u00e3o capilar com produtos que possuam a queratina como principal ativo.<\/span><\/p>\n<p><span style=\"font-weight: 400\">No caso do uso da queratina liquida pura, o passo a passo \u00e9 o seguinte:<\/span><\/p>\n<ul>\n<li><span style=\"font-weight: 400\">Primeiro passo &#8211; Lave o cabelo com um shampoo reconstrutor, aplicando na raiz e massageando o couro cabeludo. Repita o procedimento se houver necessidade de uma limpeza maior. Em seguida, use o condicionador no comprimento e pontas dos fios, deixe\u00a0 agir por 3 minutos e enx\u00e1gue.<\/span><\/li>\n<li><span style=\"font-weight: 400\">Segundo passo &#8211; Com os cabelos j\u00e1 limpos, retire o excesso de \u00e1gua com as m\u00e3os ou com uma toalha e separe- os em mechas. Aplique a queratina l\u00edquida, borrifando o produto em todo o\u00a0 comprimento e pontas dos fios. Deixe por 10 minutos e n\u00e3o enx\u00e1gue o cabelo.\u00a0<\/span><\/li>\n<li><span style=\"font-weight: 400\">Terceiro passo &#8211; Ap\u00f3s os 10 minutos da a\u00e7\u00e3o da queratina, use uma m\u00e1scara de reconstru\u00e7\u00e3o no comprimento e nas pontas. Deixe o produto agir por tr\u00eas minutos e enx\u00e1gue bem os cabelos.<\/span><\/li>\n<li><span style=\"font-weight: 400\">Quarto passo &#8211; Ap\u00f3s o enxague da queratina l\u00edquida e da m\u00e1scara reconstrutora, \u00e9 importante finalizar e selar os fios para prolongar o efeito do tratamento. Para tanto, aplique um creme de pentear com queratina na f\u00f3rmula, que tamb\u00e9m ir\u00e1 ajudar a proteger os cabelos das agress\u00f5es externas. Depois de passado o creme, penteie e deixe o cabelo secar naturalmente.<\/span><\/li>\n<\/ul>\n","protected":false},"excerpt":{"rendered":"<p>A queratina \u00e9 uma prote\u00edna fibrosa, rica em amino\u00e1cidos que comp\u00f5e 90% da fibra capilar e est\u00e1 presente tamb\u00e9m nas unhas. Tem por fun\u00e7\u00e3o proteger e manter os cabelos saud\u00e1veis. A\u00a0 defici\u00eancia da queratina deixa os fios quebradi\u00e7os, fracos, \u00e1speros e sem vida. Alguns produtos para cabelo possuem a queratina como ingrediente, com a finalidade [&hellip;]<\/p>\n","protected":false},"author":2,"featured_media":8244,"comment_status":"open","ping_status":"open","sticky":false,"template":"","format":"standard","meta":{"footnotes":""},"categories":[56],"tags":[],"class_list":{"0":"post-8238","1":"post","2":"type-post","3":"status-publish","4":"format-standard","5":"has-post-thumbnail","7":"category-noticia"},"yoast_head":"<!-- This site is optimized with the Yoast SEO plugin v25.9 - https:\/\/yoast.com\/wordpress\/plugins\/seo\/ -->\n<title>Queratina para o cabelo: para que serve e benef\u00edcios - MyCapil \u2714\ufe0f<\/title>\n<meta name=\"description\" content=\"Neste artigo vamos falar sobre Queratina para o cabelo: para que serve e benef\u00edcios . Visite nosso blog\" \/>\n<meta name=\"robots\" content=\"index, follow, max-snippet:-1, max-image-preview:large, max-video-preview:-1\" \/>\n<link rel=\"canonical\" href=\"https:\/\/mycapil.com\/pt-br\/queratina-para-o-cabelo-para-que-serve-e-beneficios\/\" \/>\n<meta property=\"og:locale\" content=\"pt_PT\" \/>\n<meta property=\"og:type\" content=\"article\" \/>\n<meta property=\"og:title\" content=\"Queratina para o cabelo: para que serve e benef\u00edcios - MyCapil \u2714\ufe0f\" \/>\n<meta property=\"og:description\" content=\"Neste artigo vamos falar sobre Queratina para o cabelo: para que serve e benef\u00edcios . Visite nosso blog\" \/>\n<meta property=\"og:url\" content=\"https:\/\/mycapil.com\/pt-br\/queratina-para-o-cabelo-para-que-serve-e-beneficios\/\" \/>\n<meta property=\"og:site_name\" content=\"MyCapil\" \/>\n<meta property=\"article:published_time\" content=\"2022-07-05T15:07:40+00:00\" \/>\n<meta property=\"article:modified_time\" content=\"2022-07-05T15:09:16+00:00\" \/>\n<meta property=\"og:image\" content=\"https:\/\/mycapil.com\/wp-content\/uploads\/2022\/07\/queratina-3-scaled.jpg\" \/>\n\t<meta property=\"og:image:width\" content=\"1707\" \/>\n\t<meta property=\"og:image:height\" content=\"2560\" \/>\n\t<meta property=\"og:image:type\" content=\"image\/jpeg\" \/>\n<meta name=\"author\" content=\"MyCapil\" \/>\n<meta name=\"twitter:card\" content=\"summary_large_image\" \/>\n<meta name=\"twitter:label1\" content=\"Written by\" \/>\n\t<meta name=\"twitter:data1\" content=\"MyCapil\" \/>\n\t<meta name=\"twitter:label2\" content=\"Est. reading time\" \/>\n\t<meta name=\"twitter:data2\" content=\"5 minutes\" \/>\n<script type=\"application\/ld+json\" class=\"yoast-schema-graph\">{\"@context\":\"https:\/\/schema.org\",\"@graph\":[{\"@type\":\"Article\",\"@id\":\"https:\/\/mycapil.com\/pt-br\/queratina-para-o-cabelo-para-que-serve-e-beneficios\/#article\",\"isPartOf\":{\"@id\":\"https:\/\/mycapil.com\/pt-br\/queratina-para-o-cabelo-para-que-serve-e-beneficios\/\"},\"author\":{\"name\":\"MyCapil\",\"@id\":\"https:\/\/mycapil.com\/pt-br\/#\/schema\/person\/edb7928a381976a0b94e47505ff847d5\"},\"headline\":\"Queratina para o cabelo: para que serve e benef\u00edcios\",\"datePublished\":\"2022-07-05T15:07:40+00:00\",\"dateModified\":\"2022-07-05T15:09:16+00:00\",\"mainEntityOfPage\":{\"@id\":\"https:\/\/mycapil.com\/pt-br\/queratina-para-o-cabelo-para-que-serve-e-beneficios\/\"},\"wordCount\":1041,\"commentCount\":0,\"publisher\":{\"@id\":\"https:\/\/mycapil.com\/pt-br\/#organization\"},\"image\":{\"@id\":\"https:\/\/mycapil.com\/pt-br\/queratina-para-o-cabelo-para-que-serve-e-beneficios\/#primaryimage\"},\"thumbnailUrl\":\"https:\/\/mycapil.com\/wp-content\/uploads\/2022\/07\/queratina-3-scaled.jpg\",\"articleSection\":[\"Not\u00edcia\"],\"inLanguage\":\"pt\",\"potentialAction\":[{\"@type\":\"CommentAction\",\"name\":\"Comment\",\"target\":[\"https:\/\/mycapil.com\/pt-br\/queratina-para-o-cabelo-para-que-serve-e-beneficios\/#respond\"]}]},{\"@type\":\"WebPage\",\"@id\":\"https:\/\/mycapil.com\/pt-br\/queratina-para-o-cabelo-para-que-serve-e-beneficios\/\",\"url\":\"https:\/\/mycapil.com\/pt-br\/queratina-para-o-cabelo-para-que-serve-e-beneficios\/\",\"name\":\"Queratina para o cabelo: para que serve e benef\u00edcios - MyCapil \u2714\ufe0f\",\"isPartOf\":{\"@id\":\"https:\/\/mycapil.com\/pt-br\/#website\"},\"primaryImageOfPage\":{\"@id\":\"https:\/\/mycapil.com\/pt-br\/queratina-para-o-cabelo-para-que-serve-e-beneficios\/#primaryimage\"},\"image\":{\"@id\":\"https:\/\/mycapil.com\/pt-br\/queratina-para-o-cabelo-para-que-serve-e-beneficios\/#primaryimage\"},\"thumbnailUrl\":\"https:\/\/mycapil.com\/wp-content\/uploads\/2022\/07\/queratina-3-scaled.jpg\",\"datePublished\":\"2022-07-05T15:07:40+00:00\",\"dateModified\":\"2022-07-05T15:09:16+00:00\",\"description\":\"Neste artigo vamos falar sobre Queratina para o cabelo: para que serve e benef\u00edcios . Visite nosso blog\",\"breadcrumb\":{\"@id\":\"https:\/\/mycapil.com\/pt-br\/queratina-para-o-cabelo-para-que-serve-e-beneficios\/#breadcrumb\"},\"inLanguage\":\"pt\",\"potentialAction\":[{\"@type\":\"ReadAction\",\"target\":[\"https:\/\/mycapil.com\/pt-br\/queratina-para-o-cabelo-para-que-serve-e-beneficios\/\"]}]},{\"@type\":\"ImageObject\",\"inLanguage\":\"pt\",\"@id\":\"https:\/\/mycapil.com\/pt-br\/queratina-para-o-cabelo-para-que-serve-e-beneficios\/#primaryimage\",\"url\":\"https:\/\/mycapil.com\/wp-content\/uploads\/2022\/07\/queratina-3-scaled.jpg\",\"contentUrl\":\"https:\/\/mycapil.com\/wp-content\/uploads\/2022\/07\/queratina-3-scaled.jpg\",\"width\":1707,\"height\":2560},{\"@type\":\"BreadcrumbList\",\"@id\":\"https:\/\/mycapil.com\/pt-br\/queratina-para-o-cabelo-para-que-serve-e-beneficios\/#breadcrumb\",\"itemListElement\":[{\"@type\":\"ListItem\",\"position\":1,\"name\":\"Home\",\"item\":\"https:\/\/mycapil.com\/pt-br\/\"},{\"@type\":\"ListItem\",\"position\":2,\"name\":\"Queratina para o cabelo: para que serve e benef\u00edcios\"}]},{\"@type\":\"WebSite\",\"@id\":\"https:\/\/mycapil.com\/pt-br\/#website\",\"url\":\"https:\/\/mycapil.com\/pt-br\/\",\"name\":\"MyCapil\",\"description\":\"Alopecia, queda de cabelo, capilar\",\"publisher\":{\"@id\":\"https:\/\/mycapil.com\/pt-br\/#organization\"},\"potentialAction\":[{\"@type\":\"SearchAction\",\"target\":{\"@type\":\"EntryPoint\",\"urlTemplate\":\"https:\/\/mycapil.com\/pt-br\/?s={search_term_string}\"},\"query-input\":{\"@type\":\"PropertyValueSpecification\",\"valueRequired\":true,\"valueName\":\"search_term_string\"}}],\"inLanguage\":\"pt\"},{\"@type\":\"Organization\",\"@id\":\"https:\/\/mycapil.com\/pt-br\/#organization\",\"name\":\"MyCapil\",\"url\":\"https:\/\/mycapil.com\/pt-br\/\",\"logo\":{\"@type\":\"ImageObject\",\"inLanguage\":\"pt\",\"@id\":\"https:\/\/mycapil.com\/pt-br\/#\/schema\/logo\/image\/\",\"url\":\"https:\/\/mycapil.com\/wp-content\/uploads\/2020\/02\/Mycapil3.png\",\"contentUrl\":\"https:\/\/mycapil.com\/wp-content\/uploads\/2020\/02\/Mycapil3.png\",\"width\":339,\"height\":113,\"caption\":\"MyCapil\"},\"image\":{\"@id\":\"https:\/\/mycapil.com\/pt-br\/#\/schema\/logo\/image\/\"}},{\"@type\":\"Person\",\"@id\":\"https:\/\/mycapil.com\/pt-br\/#\/schema\/person\/edb7928a381976a0b94e47505ff847d5\",\"name\":\"MyCapil\",\"image\":{\"@type\":\"ImageObject\",\"inLanguage\":\"pt\",\"@id\":\"https:\/\/mycapil.com\/pt-br\/#\/schema\/person\/image\/\",\"url\":\"https:\/\/secure.gravatar.com\/avatar\/7d6a4dd75e3893e11a15320ce302770387ef8f0b488173747313e3e308c679b0?s=96&d=mm&r=g\",\"contentUrl\":\"https:\/\/secure.gravatar.com\/avatar\/7d6a4dd75e3893e11a15320ce302770387ef8f0b488173747313e3e308c679b0?s=96&d=mm&r=g\",\"caption\":\"MyCapil\"}}]}<\/script>\n<!-- \/ Yoast SEO plugin. -->","yoast_head_json":{"title":"Queratina para o cabelo: para que serve e benef\u00edcios - MyCapil \u2714\ufe0f","description":"Neste artigo vamos falar sobre Queratina para o cabelo: para que serve e benef\u00edcios . Visite nosso blog","robots":{"index":"index","follow":"follow","max-snippet":"max-snippet:-1","max-image-preview":"max-image-preview:large","max-video-preview":"max-video-preview:-1"},"canonical":"https:\/\/mycapil.com\/pt-br\/queratina-para-o-cabelo-para-que-serve-e-beneficios\/","og_locale":"pt_PT","og_type":"article","og_title":"Queratina para o cabelo: para que serve e benef\u00edcios - MyCapil \u2714\ufe0f","og_description":"Neste artigo vamos falar sobre Queratina para o cabelo: para que serve e benef\u00edcios . Visite nosso blog","og_url":"https:\/\/mycapil.com\/pt-br\/queratina-para-o-cabelo-para-que-serve-e-beneficios\/","og_site_name":"MyCapil","article_published_time":"2022-07-05T15:07:40+00:00","article_modified_time":"2022-07-05T15:09:16+00:00","og_image":[{"width":1707,"height":2560,"url":"https:\/\/mycapil.com\/wp-content\/uploads\/2022\/07\/queratina-3-scaled.jpg","type":"image\/jpeg"}],"author":"MyCapil","twitter_card":"summary_large_image","twitter_misc":{"Written by":"MyCapil","Est. reading time":"5 minutes"},"schema":{"@context":"https:\/\/schema.org","@graph":[{"@type":"Article","@id":"https:\/\/mycapil.com\/pt-br\/queratina-para-o-cabelo-para-que-serve-e-beneficios\/#article","isPartOf":{"@id":"https:\/\/mycapil.com\/pt-br\/queratina-para-o-cabelo-para-que-serve-e-beneficios\/"},"author":{"name":"MyCapil","@id":"https:\/\/mycapil.com\/pt-br\/#\/schema\/person\/edb7928a381976a0b94e47505ff847d5"},"headline":"Queratina para o cabelo: para que serve e benef\u00edcios","datePublished":"2022-07-05T15:07:40+00:00","dateModified":"2022-07-05T15:09:16+00:00","mainEntityOfPage":{"@id":"https:\/\/mycapil.com\/pt-br\/queratina-para-o-cabelo-para-que-serve-e-beneficios\/"},"wordCount":1041,"commentCount":0,"publisher":{"@id":"https:\/\/mycapil.com\/pt-br\/#organization"},"image":{"@id":"https:\/\/mycapil.com\/pt-br\/queratina-para-o-cabelo-para-que-serve-e-beneficios\/#primaryimage"},"thumbnailUrl":"https:\/\/mycapil.com\/wp-content\/uploads\/2022\/07\/queratina-3-scaled.jpg","articleSection":["Not\u00edcia"],"inLanguage":"pt","potentialAction":[{"@type":"CommentAction","name":"Comment","target":["https:\/\/mycapil.com\/pt-br\/queratina-para-o-cabelo-para-que-serve-e-beneficios\/#respond"]}]},{"@type":"WebPage","@id":"https:\/\/mycapil.com\/pt-br\/queratina-para-o-cabelo-para-que-serve-e-beneficios\/","url":"https:\/\/mycapil.com\/pt-br\/queratina-para-o-cabelo-para-que-serve-e-beneficios\/","name":"Queratina para o cabelo: para que serve e benef\u00edcios - MyCapil \u2714\ufe0f","isPartOf":{"@id":"https:\/\/mycapil.com\/pt-br\/#website"},"primaryImageOfPage":{"@id":"https:\/\/mycapil.com\/pt-br\/queratina-para-o-cabelo-para-que-serve-e-beneficios\/#primaryimage"},"image":{"@id":"https:\/\/mycapil.com\/pt-br\/queratina-para-o-cabelo-para-que-serve-e-beneficios\/#primaryimage"},"thumbnailUrl":"https:\/\/mycapil.com\/wp-content\/uploads\/2022\/07\/queratina-3-scaled.jpg","datePublished":"2022-07-05T15:07:40+00:00","dateModified":"2022-07-05T15:09:16+00:00","description":"Neste artigo vamos falar sobre Queratina para o cabelo: para que serve e benef\u00edcios . Visite nosso blog","breadcrumb":{"@id":"https:\/\/mycapil.com\/pt-br\/queratina-para-o-cabelo-para-que-serve-e-beneficios\/#breadcrumb"},"inLanguage":"pt","potentialAction":[{"@type":"ReadAction","target":["https:\/\/mycapil.com\/pt-br\/queratina-para-o-cabelo-para-que-serve-e-beneficios\/"]}]},{"@type":"ImageObject","inLanguage":"pt","@id":"https:\/\/mycapil.com\/pt-br\/queratina-para-o-cabelo-para-que-serve-e-beneficios\/#primaryimage","url":"https:\/\/mycapil.com\/wp-content\/uploads\/2022\/07\/queratina-3-scaled.jpg","contentUrl":"https:\/\/mycapil.com\/wp-content\/uploads\/2022\/07\/queratina-3-scaled.jpg","width":1707,"height":2560},{"@type":"BreadcrumbList","@id":"https:\/\/mycapil.com\/pt-br\/queratina-para-o-cabelo-para-que-serve-e-beneficios\/#breadcrumb","itemListElement":[{"@type":"ListItem","position":1,"name":"Home","item":"https:\/\/mycapil.com\/pt-br\/"},{"@type":"ListItem","position":2,"name":"Queratina para o cabelo: para que serve e benef\u00edcios"}]},{"@type":"WebSite","@id":"https:\/\/mycapil.com\/pt-br\/#website","url":"https:\/\/mycapil.com\/pt-br\/","name":"MyCapil","description":"Alopecia, queda de cabelo, capilar","publisher":{"@id":"https:\/\/mycapil.com\/pt-br\/#organization"},"potentialAction":[{"@type":"SearchAction","target":{"@type":"EntryPoint","urlTemplate":"https:\/\/mycapil.com\/pt-br\/?s={search_term_string}"},"query-input":{"@type":"PropertyValueSpecification","valueRequired":true,"valueName":"search_term_string"}}],"inLanguage":"pt"},{"@type":"Organization","@id":"https:\/\/mycapil.com\/pt-br\/#organization","name":"MyCapil","url":"https:\/\/mycapil.com\/pt-br\/","logo":{"@type":"ImageObject","inLanguage":"pt","@id":"https:\/\/mycapil.com\/pt-br\/#\/schema\/logo\/image\/","url":"https:\/\/mycapil.com\/wp-content\/uploads\/2020\/02\/Mycapil3.png","contentUrl":"https:\/\/mycapil.com\/wp-content\/uploads\/2020\/02\/Mycapil3.png","width":339,"height":113,"caption":"MyCapil"},"image":{"@id":"https:\/\/mycapil.com\/pt-br\/#\/schema\/logo\/image\/"}},{"@type":"Person","@id":"https:\/\/mycapil.com\/pt-br\/#\/schema\/person\/edb7928a381976a0b94e47505ff847d5","name":"MyCapil","image":{"@type":"ImageObject","inLanguage":"pt","@id":"https:\/\/mycapil.com\/pt-br\/#\/schema\/person\/image\/","url":"https:\/\/secure.gravatar.com\/avatar\/7d6a4dd75e3893e11a15320ce302770387ef8f0b488173747313e3e308c679b0?s=96&d=mm&r=g","contentUrl":"https:\/\/secure.gravatar.com\/avatar\/7d6a4dd75e3893e11a15320ce302770387ef8f0b488173747313e3e308c679b0?s=96&d=mm&r=g","caption":"MyCapil"}}]}},"_links":{"self":[{"href":"https:\/\/mycapil.com\/pt-br\/wp-json\/wp\/v2\/posts\/8238","targetHints":{"allow":["GET"]}}],"collection":[{"href":"https:\/\/mycapil.com\/pt-br\/wp-json\/wp\/v2\/posts"}],"about":[{"href":"https:\/\/mycapil.com\/pt-br\/wp-json\/wp\/v2\/types\/post"}],"author":[{"embeddable":true,"href":"https:\/\/mycapil.com\/pt-br\/wp-json\/wp\/v2\/users\/2"}],"replies":[{"embeddable":true,"href":"https:\/\/mycapil.com\/pt-br\/wp-json\/wp\/v2\/comments?post=8238"}],"version-history":[{"count":1,"href":"https:\/\/mycapil.com\/pt-br\/wp-json\/wp\/v2\/posts\/8238\/revisions"}],"predecessor-version":[{"id":8249,"href":"https:\/\/mycapil.com\/pt-br\/wp-json\/wp\/v2\/posts\/8238\/revisions\/8249"}],"wp:featuredmedia":[{"embeddable":true,"href":"https:\/\/mycapil.com\/pt-br\/wp-json\/wp\/v2\/media\/8244"}],"wp:attachment":[{"href":"https:\/\/mycapil.com\/pt-br\/wp-json\/wp\/v2\/media?parent=8238"}],"wp:term":[{"taxonomy":"category","embeddable":true,"href":"https:\/\/mycapil.com\/pt-br\/wp-json\/wp\/v2\/categories?post=8238"},{"taxonomy":"post_tag","embeddable":true,"href":"https:\/\/mycapil.com\/pt-br\/wp-json\/wp\/v2\/tags?post=8238"}],"curies":[{"name":"wp","href":"https:\/\/api.w.org\/{rel}","templated":true}]}}