{"id":8302,"date":"2022-07-18T14:07:10","date_gmt":"2022-07-18T18:07:10","guid":{"rendered":"https:\/\/mycapil.com\/?p=8302"},"modified":"2022-07-18T14:07:10","modified_gmt":"2022-07-18T18:07:10","slug":"quais-sao-os-beneficios-do-oleo-de-argan-para-o-cabelo","status":"publish","type":"post","link":"https:\/\/mycapil.com\/pt-br\/quais-sao-os-beneficios-do-oleo-de-argan-para-o-cabelo\/","title":{"rendered":"Quais s\u00e3o os benef\u00edcios do \u00f3leo de argan para o cabelo?"},"content":{"rendered":"<p>O \u00f3leo de argan, utilizado h\u00e1 mil\u00eanios, \u00e9 extra\u00eddo de uma \u00e1rvore encontrada no Marrocos com o nome de <em>Argania Spinosa<\/em>. J\u00e1 foi usado na culin\u00e1ria de culturas nativas da \u00c1frica e era considerado inclusive um \u00f3leo medicinal.<\/p>\n<p>Essa extra\u00e7\u00e3o das nozes da \u00e1rvore \u00e9 feita de forma natural e manual. A polpa das nozes \u00e9 retirada e as nozes s\u00e3o colocadas para secar ao sol. Em seguida, com o uso de uma pedra, as nozes j\u00e1 secas s\u00e3o abertas e as sementes retiradas. Depois, elas s\u00e3o levemente tostadas para soltar o \u00f3leo e facilitar sua retirada.<\/p>\n<p>\u00c9 uma esp\u00e9cie de ritual que resulta em um produto raro, rico e poderoso para v\u00e1rias finalidades, inclusive como tratamento para os cabelos como \u00e9 mais popularmente conhecido. N\u00e3o \u00e9 \u00e0 toa que tamb\u00e9m chamam o \u00f3leo de argan de \u201couro l\u00edquido\u201d.<\/p>\n<p>E se voc\u00ea pensa que o uso do \u00f3leo para a sa\u00fade dos fios foi somente uma modinha que j\u00e1 passou, est\u00e1 bem enganada. Esse tesouro marroquino ganhou o mundo e ainda faz a cabe\u00e7a de milh\u00f5es por causa dos diversos benef\u00edcios que possui para a sa\u00fade capilar. Vamos conhecer alguns deles?<\/p>\n<h2><span style=\"font-size: large\">Benef\u00edcios do \u00f3leo de argan para os fios<\/span><\/h2>\n<p>O \u00f3leo de argan \u00e9 rico em vitaminas A, D e E, al\u00e9m de ser fonte de \u00e1cidos graxos, antioxidantes, \u00f4mega 6 e fitoester\u00f3is. Essa poderosa composi\u00e7\u00e3o justifica seu efeito surpreendente no cuidado com os cabelos, deixando-os hidratados, suaves, brilhantes e alinhados. Mas o produto n\u00e3o \u00e9 recomendado apenas no tratamento capilar, sendo muito usado tamb\u00e9m para a beleza e sa\u00fade da pele.<\/p>\n<p>Mas, como o assunto aqui \u00e9 os benef\u00edcios para os fios, vejamos os principais para que fique claro a import\u00e2ncia de inserir o \u00f3leo de argan no seu cronograma capilar. Para a finalidade de hidrata\u00e7\u00e3o, o \u00f3leo agir\u00e1 como um retentor de \u00e1gua dentro da fibra capilar, prolongando o efeito hidratante.<\/p>\n<p>Com o objetivo de nutri\u00e7\u00e3o, o produto vai se juntar a outros \u00f3leos para recupera\u00e7\u00e3o e manuten\u00e7\u00e3o saud\u00e1vel da camada lip\u00eddica dos fios e do couro cabeludo. E para reconstru\u00e7\u00e3o, o \u00f3leo de argan se une \u00e0s prote\u00ednas e aos amino\u00e1cidos para maximizar a reposi\u00e7\u00e3o da massa capilar e proteger o cabelo dos efeitos nocivos dos procedimentos qu\u00edmicos.<\/p>\n<p>Confira outras vantagens do \u00f3leo de argan para seu cabelo:<\/p>\n<ol>\n<li>Protege os fios dos danos causados pelo sol, procedimentos qu\u00edmicos, secador, chapinha, sol e polui\u00e7\u00e3o<\/li>\n<li>Combate o frizz e as pontas duplas<\/li>\n<li>Promove o crescimento dos fios<\/li>\n<li>D\u00e1 brilho intenso ao cabelo<\/li>\n<li>Combate o envelhecimento precoce dos cabelos<\/li>\n<li>Diminui a agress\u00e3o que a tintura provoca nos fios<\/li>\n<\/ol>\n<p><span style=\"font-size: large\">Como usar o \u00f3leo de argan<\/span><\/p>\n<p><img loading=\"lazy\" decoding=\"async\" class=\"alignnone  wp-image-8313\" src=\"https:\/\/mycapil.com\/wp-content\/uploads\/2022\/07\/oleo-argan-4-300x300.jpg\" alt=\"\" width=\"653\" height=\"653\" srcset=\"https:\/\/mycapil.com\/wp-content\/uploads\/2022\/07\/oleo-argan-4-300x300.jpg 300w, https:\/\/mycapil.com\/wp-content\/uploads\/2022\/07\/oleo-argan-4-1024x1024.jpg 1024w, https:\/\/mycapil.com\/wp-content\/uploads\/2022\/07\/oleo-argan-4-150x150.jpg 150w, https:\/\/mycapil.com\/wp-content\/uploads\/2022\/07\/oleo-argan-4-768x768.jpg 768w, https:\/\/mycapil.com\/wp-content\/uploads\/2022\/07\/oleo-argan-4-1536x1536.jpg 1536w, https:\/\/mycapil.com\/wp-content\/uploads\/2022\/07\/oleo-argan-4-2048x2048.jpg 2048w, https:\/\/mycapil.com\/wp-content\/uploads\/2022\/07\/oleo-argan-4-696x696.jpg 696w, https:\/\/mycapil.com\/wp-content\/uploads\/2022\/07\/oleo-argan-4-1068x1068.jpg 1068w, https:\/\/mycapil.com\/wp-content\/uploads\/2022\/07\/oleo-argan-4-1920x1920.jpg 1920w, https:\/\/mycapil.com\/wp-content\/uploads\/2022\/07\/oleo-argan-4-420x420.jpg 420w, https:\/\/mycapil.com\/wp-content\/uploads\/2022\/07\/oleo-argan-4-250x250.jpg 250w, https:\/\/mycapil.com\/wp-content\/uploads\/2022\/07\/oleo-argan-4-120x120.jpg 120w\" sizes=\"auto, (max-width: 653px) 100vw, 653px\" \/><\/p>\n<p>O \u00f3leo de argan pode ser utilizado de variadas formas na rotina de cuidados com os cabelos. Por ser um \u00f3leo bem fluido, possui uma absor\u00e7\u00e3o f\u00e1cil e r\u00e1pida. Assim, pode ser aplicado puro, como potencializador em m\u00e1scaras e cremes, como reparador de pontas e como protetor antes e p\u00f3s-qu\u00edmicas.<\/p>\n<ul>\n<li>\n<h3>\u00d3leo de argan puro<\/h3>\n<\/li>\n<\/ul>\n<p>O uso do \u00f3leo na forma natural \u00e9 bem simples para a umecta\u00e7\u00e3o dos fios. Pode ser passado mecha por mecha no cabelo seco, deixando pelo menos por 2 horas para agir ou a noite toda, lavando somente no dia seguinte. Nesse \u00faltimo caso, coloque uma touca para proteger os fios e n\u00e3o sujar o travesseiro.<\/p>\n<p>O \u00f3leo de argan tamb\u00e9m pode ser misturado com outros <a href=\"https:\/\/www.capilclinic.com.br\/oleo-coco-cabelo\/\">\u00f3leos<\/a> para favorecer um tratamento ainda mais potente e eficaz. Outra maneira de us\u00e1-lo puro \u00e9 como reparador de pontas, principalmente por n\u00e3o ter cheiro. Basta pingar tr\u00eas gotas na m\u00e3o, esfregar uma na outra e passar nos fios, evitando o couro cabeludo.<\/p>\n<ul>\n<li>\n<h3>\u00d3leo de argan na m\u00e1scara ou creme de hidrata\u00e7\u00e3o<\/h3>\n<\/li>\n<\/ul>\n<p>A mais popular e preferida para utiliza\u00e7\u00e3o do \u00d3leo de argan \u00e9 na hidrata\u00e7\u00e3o dos cabelos. A receita \u00e9 f\u00e1cil, apenas misture o produto ao creme ou m\u00e1scara que costuma usar, na propor\u00e7\u00e3o de uma colher do \u00f3leo para tr\u00eas colheres de m\u00e1scara. Se o cabelo for longo e volumoso aumente a quantidade suficiente para aplicar nele todo.<\/p>\n<p>Vale ressaltar que esse tipo de mistura do \u00f3leo de argan com creme ou m\u00e1scara deve ser feita apenas na quantidade que ser\u00e1 utilizada e no momento da aplica\u00e7\u00e3o. Colocar o \u00f3leo em todo um produto pode alterar a f\u00f3rmula, diminuindo a efic\u00e1cia ou at\u00e9 mesmo perdendo-a completamente.<\/p>\n<ul>\n<li>\n<h3>\u00d3leo de argan no shampoo<\/h3>\n<\/li>\n<\/ul>\n<p>Outra maneira de aproveitar os benef\u00edcios do \u00f3leo de argan na rotina capilar \u00e9 misturar um pouco no shampoo usual quando for lavar o cabelo. Ele age na prote\u00e7\u00e3o contra a a\u00e7\u00e3o dos sulfatos presentes nos shampoos e que ressecam os fios. A dica \u00e9 a mesma para a mistura no creme ou na m\u00e1scara para utilizar somente na hora da aplica\u00e7\u00e3o e n\u00e3o colocar no vidro todo do shampoo.<\/p>\n<h2><span style=\"font-size: large\">Cuidados no uso do \u00f3leo de argan<\/span><\/h2>\n<p>\u00c9 importante ter aten\u00e7\u00e3o em algumas a\u00e7\u00f5es ap\u00f3s usar o \u00f3leo de argan nos cabelos, como por exemplo passar a prancha (chapinha) ap\u00f3s aplicar o \u00f3leo. A recomenda\u00e7\u00e3o \u00e9 evitar qualquer fonte direta de calor nos fios ap\u00f3s passar qualquer \u00f3leo e n\u00e3o apenas o de argan, para evitar de \u201cfritar\u201d o cabelo e queim\u00e1-lo.<\/p>\n<p>Existe um mito de que o \u00f3leo de argan deixa o cabelo mais liso se associado com o uso da chapinha, o que n\u00e3o \u00e9 verdade uma vez que nenhum \u00f3leo ou subst\u00e2ncia 100% natural tem poder de alisar os fios dessa forma instant\u00e2nea.<\/p>\n<p>Se realmente for necess\u00e1rio utilizar o secador ou a chapinha, espere no m\u00ednimo 20 minutos ap\u00f3s passar o \u00f3leo para jogar o calor nos fios. Esse cuidado \u00e9 importante para n\u00e3o correr o risco do \u00f3leo de argan potencializar alguma qu\u00edmica j\u00e1 presente nos fios, voltando a ativ\u00e1-la com o aquecimento residual. Por isso, tenha bastante cuidado e procure deixar o cabelo secar naturalmente ap\u00f3s o uso do argan.<\/p>\n<p>&nbsp;<\/p>\n<p>&nbsp;<\/p>\n","protected":false},"excerpt":{"rendered":"<p>O \u00f3leo de argan, utilizado h\u00e1 mil\u00eanios, \u00e9 extra\u00eddo de uma \u00e1rvore encontrada no Marrocos com o nome de Argania Spinosa. J\u00e1 foi usado na culin\u00e1ria de culturas nativas da \u00c1frica e era considerado inclusive um \u00f3leo medicinal. Essa extra\u00e7\u00e3o das nozes da \u00e1rvore \u00e9 feita de forma natural e manual. A polpa das nozes [&hellip;]<\/p>\n","protected":false},"author":2,"featured_media":8308,"comment_status":"open","ping_status":"open","sticky":false,"template":"","format":"standard","meta":{"footnotes":""},"categories":[56],"tags":[],"class_list":{"0":"post-8302","1":"post","2":"type-post","3":"status-publish","4":"format-standard","5":"has-post-thumbnail","7":"category-noticia"},"yoast_head":"<!-- This site is optimized with the Yoast SEO plugin v25.9 - https:\/\/yoast.com\/wordpress\/plugins\/seo\/ -->\n<title>Quais s\u00e3o os benef\u00edcios do \u00f3leo de argan para o cabelo? - MyCapil \u2714\ufe0f<\/title>\n<meta name=\"description\" content=\"Neste artigo vamos falar sobre Quais s\u00e3o os benef\u00edcios do \u00f3leo de argan para o cabelo? . Visite nosso blog\" \/>\n<meta name=\"robots\" content=\"index, follow, max-snippet:-1, max-image-preview:large, max-video-preview:-1\" \/>\n<link rel=\"canonical\" href=\"https:\/\/mycapil.com\/pt-br\/quais-sao-os-beneficios-do-oleo-de-argan-para-o-cabelo\/\" \/>\n<meta property=\"og:locale\" content=\"pt_PT\" \/>\n<meta property=\"og:type\" content=\"article\" \/>\n<meta property=\"og:title\" content=\"Quais s\u00e3o os benef\u00edcios do \u00f3leo de argan para o cabelo? - MyCapil \u2714\ufe0f\" \/>\n<meta property=\"og:description\" content=\"Neste artigo vamos falar sobre Quais s\u00e3o os benef\u00edcios do \u00f3leo de argan para o cabelo? . Visite nosso blog\" \/>\n<meta property=\"og:url\" content=\"https:\/\/mycapil.com\/pt-br\/quais-sao-os-beneficios-do-oleo-de-argan-para-o-cabelo\/\" \/>\n<meta property=\"og:site_name\" content=\"MyCapil\" \/>\n<meta property=\"article:published_time\" content=\"2022-07-18T18:07:10+00:00\" \/>\n<meta property=\"og:image\" content=\"https:\/\/mycapil.com\/wp-content\/uploads\/2022\/07\/oleo-argan-3-scaled.jpg\" \/>\n\t<meta property=\"og:image:width\" content=\"2560\" \/>\n\t<meta property=\"og:image:height\" content=\"1707\" \/>\n\t<meta property=\"og:image:type\" content=\"image\/jpeg\" \/>\n<meta name=\"author\" content=\"MyCapil\" \/>\n<meta name=\"twitter:card\" content=\"summary_large_image\" \/>\n<meta name=\"twitter:label1\" content=\"Written by\" \/>\n\t<meta name=\"twitter:data1\" content=\"MyCapil\" \/>\n\t<meta name=\"twitter:label2\" content=\"Est. reading time\" \/>\n\t<meta name=\"twitter:data2\" content=\"5 minutes\" \/>\n<script type=\"application\/ld+json\" class=\"yoast-schema-graph\">{\"@context\":\"https:\/\/schema.org\",\"@graph\":[{\"@type\":\"Article\",\"@id\":\"https:\/\/mycapil.com\/pt-br\/quais-sao-os-beneficios-do-oleo-de-argan-para-o-cabelo\/#article\",\"isPartOf\":{\"@id\":\"https:\/\/mycapil.com\/pt-br\/quais-sao-os-beneficios-do-oleo-de-argan-para-o-cabelo\/\"},\"author\":{\"name\":\"MyCapil\",\"@id\":\"https:\/\/mycapil.com\/pt-br\/#\/schema\/person\/edb7928a381976a0b94e47505ff847d5\"},\"headline\":\"Quais s\u00e3o os benef\u00edcios do \u00f3leo de argan para o cabelo?\",\"datePublished\":\"2022-07-18T18:07:10+00:00\",\"mainEntityOfPage\":{\"@id\":\"https:\/\/mycapil.com\/pt-br\/quais-sao-os-beneficios-do-oleo-de-argan-para-o-cabelo\/\"},\"wordCount\":1043,\"commentCount\":0,\"publisher\":{\"@id\":\"https:\/\/mycapil.com\/pt-br\/#organization\"},\"image\":{\"@id\":\"https:\/\/mycapil.com\/pt-br\/quais-sao-os-beneficios-do-oleo-de-argan-para-o-cabelo\/#primaryimage\"},\"thumbnailUrl\":\"https:\/\/mycapil.com\/wp-content\/uploads\/2022\/07\/oleo-argan-3-scaled.jpg\",\"articleSection\":[\"Not\u00edcia\"],\"inLanguage\":\"pt\",\"potentialAction\":[{\"@type\":\"CommentAction\",\"name\":\"Comment\",\"target\":[\"https:\/\/mycapil.com\/pt-br\/quais-sao-os-beneficios-do-oleo-de-argan-para-o-cabelo\/#respond\"]}]},{\"@type\":\"WebPage\",\"@id\":\"https:\/\/mycapil.com\/pt-br\/quais-sao-os-beneficios-do-oleo-de-argan-para-o-cabelo\/\",\"url\":\"https:\/\/mycapil.com\/pt-br\/quais-sao-os-beneficios-do-oleo-de-argan-para-o-cabelo\/\",\"name\":\"Quais s\u00e3o os benef\u00edcios do \u00f3leo de argan para o cabelo? - MyCapil \u2714\ufe0f\",\"isPartOf\":{\"@id\":\"https:\/\/mycapil.com\/pt-br\/#website\"},\"primaryImageOfPage\":{\"@id\":\"https:\/\/mycapil.com\/pt-br\/quais-sao-os-beneficios-do-oleo-de-argan-para-o-cabelo\/#primaryimage\"},\"image\":{\"@id\":\"https:\/\/mycapil.com\/pt-br\/quais-sao-os-beneficios-do-oleo-de-argan-para-o-cabelo\/#primaryimage\"},\"thumbnailUrl\":\"https:\/\/mycapil.com\/wp-content\/uploads\/2022\/07\/oleo-argan-3-scaled.jpg\",\"datePublished\":\"2022-07-18T18:07:10+00:00\",\"description\":\"Neste artigo vamos falar sobre Quais s\u00e3o os benef\u00edcios do \u00f3leo de argan para o cabelo? . Visite nosso blog\",\"breadcrumb\":{\"@id\":\"https:\/\/mycapil.com\/pt-br\/quais-sao-os-beneficios-do-oleo-de-argan-para-o-cabelo\/#breadcrumb\"},\"inLanguage\":\"pt\",\"potentialAction\":[{\"@type\":\"ReadAction\",\"target\":[\"https:\/\/mycapil.com\/pt-br\/quais-sao-os-beneficios-do-oleo-de-argan-para-o-cabelo\/\"]}]},{\"@type\":\"ImageObject\",\"inLanguage\":\"pt\",\"@id\":\"https:\/\/mycapil.com\/pt-br\/quais-sao-os-beneficios-do-oleo-de-argan-para-o-cabelo\/#primaryimage\",\"url\":\"https:\/\/mycapil.com\/wp-content\/uploads\/2022\/07\/oleo-argan-3-scaled.jpg\",\"contentUrl\":\"https:\/\/mycapil.com\/wp-content\/uploads\/2022\/07\/oleo-argan-3-scaled.jpg\",\"width\":2560,\"height\":1707},{\"@type\":\"BreadcrumbList\",\"@id\":\"https:\/\/mycapil.com\/pt-br\/quais-sao-os-beneficios-do-oleo-de-argan-para-o-cabelo\/#breadcrumb\",\"itemListElement\":[{\"@type\":\"ListItem\",\"position\":1,\"name\":\"Home\",\"item\":\"https:\/\/mycapil.com\/pt-br\/\"},{\"@type\":\"ListItem\",\"position\":2,\"name\":\"Quais s\u00e3o os benef\u00edcios do \u00f3leo de argan para o cabelo?\"}]},{\"@type\":\"WebSite\",\"@id\":\"https:\/\/mycapil.com\/pt-br\/#website\",\"url\":\"https:\/\/mycapil.com\/pt-br\/\",\"name\":\"MyCapil\",\"description\":\"Alopecia, queda de cabelo, capilar\",\"publisher\":{\"@id\":\"https:\/\/mycapil.com\/pt-br\/#organization\"},\"potentialAction\":[{\"@type\":\"SearchAction\",\"target\":{\"@type\":\"EntryPoint\",\"urlTemplate\":\"https:\/\/mycapil.com\/pt-br\/?s={search_term_string}\"},\"query-input\":{\"@type\":\"PropertyValueSpecification\",\"valueRequired\":true,\"valueName\":\"search_term_string\"}}],\"inLanguage\":\"pt\"},{\"@type\":\"Organization\",\"@id\":\"https:\/\/mycapil.com\/pt-br\/#organization\",\"name\":\"MyCapil\",\"url\":\"https:\/\/mycapil.com\/pt-br\/\",\"logo\":{\"@type\":\"ImageObject\",\"inLanguage\":\"pt\",\"@id\":\"https:\/\/mycapil.com\/pt-br\/#\/schema\/logo\/image\/\",\"url\":\"https:\/\/mycapil.com\/wp-content\/uploads\/2020\/02\/Mycapil3.png\",\"contentUrl\":\"https:\/\/mycapil.com\/wp-content\/uploads\/2020\/02\/Mycapil3.png\",\"width\":339,\"height\":113,\"caption\":\"MyCapil\"},\"image\":{\"@id\":\"https:\/\/mycapil.com\/pt-br\/#\/schema\/logo\/image\/\"}},{\"@type\":\"Person\",\"@id\":\"https:\/\/mycapil.com\/pt-br\/#\/schema\/person\/edb7928a381976a0b94e47505ff847d5\",\"name\":\"MyCapil\",\"image\":{\"@type\":\"ImageObject\",\"inLanguage\":\"pt\",\"@id\":\"https:\/\/mycapil.com\/pt-br\/#\/schema\/person\/image\/\",\"url\":\"https:\/\/secure.gravatar.com\/avatar\/7d6a4dd75e3893e11a15320ce302770387ef8f0b488173747313e3e308c679b0?s=96&d=mm&r=g\",\"contentUrl\":\"https:\/\/secure.gravatar.com\/avatar\/7d6a4dd75e3893e11a15320ce302770387ef8f0b488173747313e3e308c679b0?s=96&d=mm&r=g\",\"caption\":\"MyCapil\"}}]}<\/script>\n<!-- \/ Yoast SEO plugin. -->","yoast_head_json":{"title":"Quais s\u00e3o os benef\u00edcios do \u00f3leo de argan para o cabelo? - MyCapil \u2714\ufe0f","description":"Neste artigo vamos falar sobre Quais s\u00e3o os benef\u00edcios do \u00f3leo de argan para o cabelo? . Visite nosso blog","robots":{"index":"index","follow":"follow","max-snippet":"max-snippet:-1","max-image-preview":"max-image-preview:large","max-video-preview":"max-video-preview:-1"},"canonical":"https:\/\/mycapil.com\/pt-br\/quais-sao-os-beneficios-do-oleo-de-argan-para-o-cabelo\/","og_locale":"pt_PT","og_type":"article","og_title":"Quais s\u00e3o os benef\u00edcios do \u00f3leo de argan para o cabelo? - MyCapil \u2714\ufe0f","og_description":"Neste artigo vamos falar sobre Quais s\u00e3o os benef\u00edcios do \u00f3leo de argan para o cabelo? . Visite nosso blog","og_url":"https:\/\/mycapil.com\/pt-br\/quais-sao-os-beneficios-do-oleo-de-argan-para-o-cabelo\/","og_site_name":"MyCapil","article_published_time":"2022-07-18T18:07:10+00:00","og_image":[{"width":2560,"height":1707,"url":"https:\/\/mycapil.com\/wp-content\/uploads\/2022\/07\/oleo-argan-3-scaled.jpg","type":"image\/jpeg"}],"author":"MyCapil","twitter_card":"summary_large_image","twitter_misc":{"Written by":"MyCapil","Est. reading time":"5 minutes"},"schema":{"@context":"https:\/\/schema.org","@graph":[{"@type":"Article","@id":"https:\/\/mycapil.com\/pt-br\/quais-sao-os-beneficios-do-oleo-de-argan-para-o-cabelo\/#article","isPartOf":{"@id":"https:\/\/mycapil.com\/pt-br\/quais-sao-os-beneficios-do-oleo-de-argan-para-o-cabelo\/"},"author":{"name":"MyCapil","@id":"https:\/\/mycapil.com\/pt-br\/#\/schema\/person\/edb7928a381976a0b94e47505ff847d5"},"headline":"Quais s\u00e3o os benef\u00edcios do \u00f3leo de argan para o cabelo?","datePublished":"2022-07-18T18:07:10+00:00","mainEntityOfPage":{"@id":"https:\/\/mycapil.com\/pt-br\/quais-sao-os-beneficios-do-oleo-de-argan-para-o-cabelo\/"},"wordCount":1043,"commentCount":0,"publisher":{"@id":"https:\/\/mycapil.com\/pt-br\/#organization"},"image":{"@id":"https:\/\/mycapil.com\/pt-br\/quais-sao-os-beneficios-do-oleo-de-argan-para-o-cabelo\/#primaryimage"},"thumbnailUrl":"https:\/\/mycapil.com\/wp-content\/uploads\/2022\/07\/oleo-argan-3-scaled.jpg","articleSection":["Not\u00edcia"],"inLanguage":"pt","potentialAction":[{"@type":"CommentAction","name":"Comment","target":["https:\/\/mycapil.com\/pt-br\/quais-sao-os-beneficios-do-oleo-de-argan-para-o-cabelo\/#respond"]}]},{"@type":"WebPage","@id":"https:\/\/mycapil.com\/pt-br\/quais-sao-os-beneficios-do-oleo-de-argan-para-o-cabelo\/","url":"https:\/\/mycapil.com\/pt-br\/quais-sao-os-beneficios-do-oleo-de-argan-para-o-cabelo\/","name":"Quais s\u00e3o os benef\u00edcios do \u00f3leo de argan para o cabelo? - MyCapil \u2714\ufe0f","isPartOf":{"@id":"https:\/\/mycapil.com\/pt-br\/#website"},"primaryImageOfPage":{"@id":"https:\/\/mycapil.com\/pt-br\/quais-sao-os-beneficios-do-oleo-de-argan-para-o-cabelo\/#primaryimage"},"image":{"@id":"https:\/\/mycapil.com\/pt-br\/quais-sao-os-beneficios-do-oleo-de-argan-para-o-cabelo\/#primaryimage"},"thumbnailUrl":"https:\/\/mycapil.com\/wp-content\/uploads\/2022\/07\/oleo-argan-3-scaled.jpg","datePublished":"2022-07-18T18:07:10+00:00","description":"Neste artigo vamos falar sobre Quais s\u00e3o os benef\u00edcios do \u00f3leo de argan para o cabelo? . Visite nosso blog","breadcrumb":{"@id":"https:\/\/mycapil.com\/pt-br\/quais-sao-os-beneficios-do-oleo-de-argan-para-o-cabelo\/#breadcrumb"},"inLanguage":"pt","potentialAction":[{"@type":"ReadAction","target":["https:\/\/mycapil.com\/pt-br\/quais-sao-os-beneficios-do-oleo-de-argan-para-o-cabelo\/"]}]},{"@type":"ImageObject","inLanguage":"pt","@id":"https:\/\/mycapil.com\/pt-br\/quais-sao-os-beneficios-do-oleo-de-argan-para-o-cabelo\/#primaryimage","url":"https:\/\/mycapil.com\/wp-content\/uploads\/2022\/07\/oleo-argan-3-scaled.jpg","contentUrl":"https:\/\/mycapil.com\/wp-content\/uploads\/2022\/07\/oleo-argan-3-scaled.jpg","width":2560,"height":1707},{"@type":"BreadcrumbList","@id":"https:\/\/mycapil.com\/pt-br\/quais-sao-os-beneficios-do-oleo-de-argan-para-o-cabelo\/#breadcrumb","itemListElement":[{"@type":"ListItem","position":1,"name":"Home","item":"https:\/\/mycapil.com\/pt-br\/"},{"@type":"ListItem","position":2,"name":"Quais s\u00e3o os benef\u00edcios do \u00f3leo de argan para o cabelo?"}]},{"@type":"WebSite","@id":"https:\/\/mycapil.com\/pt-br\/#website","url":"https:\/\/mycapil.com\/pt-br\/","name":"MyCapil","description":"Alopecia, queda de cabelo, capilar","publisher":{"@id":"https:\/\/mycapil.com\/pt-br\/#organization"},"potentialAction":[{"@type":"SearchAction","target":{"@type":"EntryPoint","urlTemplate":"https:\/\/mycapil.com\/pt-br\/?s={search_term_string}"},"query-input":{"@type":"PropertyValueSpecification","valueRequired":true,"valueName":"search_term_string"}}],"inLanguage":"pt"},{"@type":"Organization","@id":"https:\/\/mycapil.com\/pt-br\/#organization","name":"MyCapil","url":"https:\/\/mycapil.com\/pt-br\/","logo":{"@type":"ImageObject","inLanguage":"pt","@id":"https:\/\/mycapil.com\/pt-br\/#\/schema\/logo\/image\/","url":"https:\/\/mycapil.com\/wp-content\/uploads\/2020\/02\/Mycapil3.png","contentUrl":"https:\/\/mycapil.com\/wp-content\/uploads\/2020\/02\/Mycapil3.png","width":339,"height":113,"caption":"MyCapil"},"image":{"@id":"https:\/\/mycapil.com\/pt-br\/#\/schema\/logo\/image\/"}},{"@type":"Person","@id":"https:\/\/mycapil.com\/pt-br\/#\/schema\/person\/edb7928a381976a0b94e47505ff847d5","name":"MyCapil","image":{"@type":"ImageObject","inLanguage":"pt","@id":"https:\/\/mycapil.com\/pt-br\/#\/schema\/person\/image\/","url":"https:\/\/secure.gravatar.com\/avatar\/7d6a4dd75e3893e11a15320ce302770387ef8f0b488173747313e3e308c679b0?s=96&d=mm&r=g","contentUrl":"https:\/\/secure.gravatar.com\/avatar\/7d6a4dd75e3893e11a15320ce302770387ef8f0b488173747313e3e308c679b0?s=96&d=mm&r=g","caption":"MyCapil"}}]}},"_links":{"self":[{"href":"https:\/\/mycapil.com\/pt-br\/wp-json\/wp\/v2\/posts\/8302","targetHints":{"allow":["GET"]}}],"collection":[{"href":"https:\/\/mycapil.com\/pt-br\/wp-json\/wp\/v2\/posts"}],"about":[{"href":"https:\/\/mycapil.com\/pt-br\/wp-json\/wp\/v2\/types\/post"}],"author":[{"embeddable":true,"href":"https:\/\/mycapil.com\/pt-br\/wp-json\/wp\/v2\/users\/2"}],"replies":[{"embeddable":true,"href":"https:\/\/mycapil.com\/pt-br\/wp-json\/wp\/v2\/comments?post=8302"}],"version-history":[{"count":2,"href":"https:\/\/mycapil.com\/pt-br\/wp-json\/wp\/v2\/posts\/8302\/revisions"}],"predecessor-version":[{"id":8319,"href":"https:\/\/mycapil.com\/pt-br\/wp-json\/wp\/v2\/posts\/8302\/revisions\/8319"}],"wp:featuredmedia":[{"embeddable":true,"href":"https:\/\/mycapil.com\/pt-br\/wp-json\/wp\/v2\/media\/8308"}],"wp:attachment":[{"href":"https:\/\/mycapil.com\/pt-br\/wp-json\/wp\/v2\/media?parent=8302"}],"wp:term":[{"taxonomy":"category","embeddable":true,"href":"https:\/\/mycapil.com\/pt-br\/wp-json\/wp\/v2\/categories?post=8302"},{"taxonomy":"post_tag","embeddable":true,"href":"https:\/\/mycapil.com\/pt-br\/wp-json\/wp\/v2\/tags?post=8302"}],"curies":[{"name":"wp","href":"https:\/\/api.w.org\/{rel}","templated":true}]}}