{"id":8376,"date":"2022-08-02T20:18:54","date_gmt":"2022-08-03T00:18:54","guid":{"rendered":"https:\/\/mycapil.com\/?p=8376"},"modified":"2022-08-02T20:18:54","modified_gmt":"2022-08-03T00:18:54","slug":"os-melhores-cortes-de-cabelo-para-rostos-redondos","status":"publish","type":"post","link":"https:\/\/mycapil.com\/pt-br\/os-melhores-cortes-de-cabelo-para-rostos-redondos\/","title":{"rendered":"Os melhores cortes de cabelo para rostos redondos"},"content":{"rendered":"<p><span style=\"font-weight: 400\">Na hora de cortar o cabelo, devemos observar alguns fatores que podem favorecer ou n\u00e3o o resultado final. Um dos principais com certeza \u00e9 o formato do rosto, afinal \u00e9 o que ser\u00e1 emoldurado pelo novo visual dos fios.\u00a0<\/span><\/p>\n<p><span style=\"font-weight: 400\">O rosto redondo \u00e9 uma forma facial bastante comum em homens e mulheres, caracterizado pelas bochechas salientes e a testa e o queixo mais curtos e arredondados. A linha da largura do rosto \u00e9 proporcional ao comprimento. \u00c9 importante ressaltar que o rosto redondo n\u00e3o tem rela\u00e7\u00e3o com o peso da pessoa, podendo uma mulher magra ter esse formato.<\/span><\/p>\n<p><span style=\"font-weight: 400\">O corte de cabelo para rosto redondo precisa equilibrar as propor\u00e7\u00f5es dessa forma, por isso o corte reto deve ser evitado. A dica \u00e9 investir em estilos repicados, desfiados e assim\u00e9tricos. Para ajudar nessa escolha na hora de renovar o visual, confira alguns <a href=\"https:\/\/www.capilclinic.com.br\/melhores-tipos-cortes-cabelo-mulheres-acordo-com-seu-rosto\/\">cortes de cabelo<\/a> para mulheres com o rosto arredondado, com op\u00e7\u00f5es para todos os gostos, desde os curtinhos at\u00e9 os bem longos.\u00a0<\/span><\/p>\n<h2><span style=\"font-weight: 400\">Como identificar o formato do rosto<\/span><\/h2>\n<p><img loading=\"lazy\" decoding=\"async\" class=\"alignnone size-large wp-image-8377\" src=\"https:\/\/mycapil.com\/wp-content\/uploads\/2022\/08\/rosto-redondo-2-1024x963.jpg\" alt=\"\" width=\"696\" height=\"655\" srcset=\"https:\/\/mycapil.com\/wp-content\/uploads\/2022\/08\/rosto-redondo-2-1024x963.jpg 1024w, https:\/\/mycapil.com\/wp-content\/uploads\/2022\/08\/rosto-redondo-2-300x282.jpg 300w, https:\/\/mycapil.com\/wp-content\/uploads\/2022\/08\/rosto-redondo-2-768x723.jpg 768w, https:\/\/mycapil.com\/wp-content\/uploads\/2022\/08\/rosto-redondo-2-1536x1445.jpg 1536w, https:\/\/mycapil.com\/wp-content\/uploads\/2022\/08\/rosto-redondo-2-2048x1927.jpg 2048w, https:\/\/mycapil.com\/wp-content\/uploads\/2022\/08\/rosto-redondo-2-150x141.jpg 150w, https:\/\/mycapil.com\/wp-content\/uploads\/2022\/08\/rosto-redondo-2-696x655.jpg 696w, https:\/\/mycapil.com\/wp-content\/uploads\/2022\/08\/rosto-redondo-2-1068x1005.jpg 1068w, https:\/\/mycapil.com\/wp-content\/uploads\/2022\/08\/rosto-redondo-2-1920x1807.jpg 1920w, https:\/\/mycapil.com\/wp-content\/uploads\/2022\/08\/rosto-redondo-2-446x420.jpg 446w\" sizes=\"auto, (max-width: 696px) 100vw, 696px\" \/><\/p>\n<p><span style=\"font-weight: 400\">Para saber qual o formato do seu rosto, voc\u00ea deve prender o cabelo todo para tr\u00e1s e tirar uma foto da face. Observe a foto e imagine duas linhas que dividem o rosto: uma na vertical, dividindo o rosto nos lados esquerdo e direito, e outra na horizontal, que divide o rosto em cima e em baixo.<\/span><\/p>\n<p><span style=\"font-weight: 400\">Outra forma de identificar o formato do rosto \u00e9 prendendo o cabelo e ficando em frente a um espelho, com uma boa ilumina\u00e7\u00e3o. Em seguida, use um batom, um l\u00e1pis de maquiagem, um giz ou uma caneta para quadro banco e desenhe o contorno do rosto no espelho, sem as orelhas, ficando o mais im\u00f3vel que conseguir e sem inclinar a cabe\u00e7a para a frente.<\/span><\/p>\n<p><span style=\"font-weight: 400\">Os principais formatos de rosto s\u00e3o: redondo, quadrado, oval, cora\u00e7\u00e3o, retangular e diamante.<\/span><\/p>\n<h2><span style=\"font-weight: 400\">Os melhores cortes de cabelo para rosto redondo\u00a0<\/span><\/h2>\n<p><span style=\"font-weight: 400\">Para suavizar as formas do rosto redondo, que apesar da beleza da simetria incomoda muitas mulheres, o segredo est\u00e1 em acertar o corte de cabelo para real\u00e7ar e destacar as caracter\u00edsticas mais importantes e ao mesmo tempo ocultar alguns detalhes.<\/span><\/p>\n<p><span style=\"font-weight: 400\">A dica essencial \u00e9 desconstruir, pois cortes muito definidos tendem a acentuar o formato do rosto. Invista em cortes leves e escalas que descobrem a face mas sem escond\u00ea-la, destacando tra\u00e7os relevantes como o nariz e a testa.\u00a0<\/span><\/p>\n<h3><span style=\"font-weight: 400\">1. Pixie cut com franja lateral<\/span><\/h3>\n<p><span style=\"font-weight: 400\">Esse corte de cabelo ajuda a alongar o rosto redondo, valoriza e equilibra as propor\u00e7\u00f5es faciais. Entretanto, o pixie cut deve ser feito cuidadosamente para n\u00e3o ressaltar as bochechas e o queixo. Uma das vers\u00f5es do corte ideal para esse tipo de rosto \u00e9 o com franja lateral, principalmente na vers\u00e3o longa para disfar\u00e7ar os \u00e2ngulos arredondados.<\/span><\/p>\n<h3><span style=\"font-weight: 400\">2. Short bob desfiado abaixo do queixo\u00a0<\/span><\/h3>\n<p><span style=\"font-weight: 400\">O short bob \u00e9 um corte de cabelo curto que virou tend\u00eancia para quem tem o rosto redondo por criar um efeito de afinamento. A dica \u00e9 cortar os fios abaixo da linha do queixo, em uma altura at\u00e9 o pesco\u00e7o para causar a impress\u00e3o do rosto mais fino e alongado. Desfiar as pontas pode ajudar a criar mais leveza no rosto arredondado.<\/span><\/p>\n<h3><span style=\"font-weight: 400\">3. Long bob\u00a0<\/span><\/h3>\n<p><span style=\"font-weight: 400\">O long bob \u00e9 um corte de cabelo atemporal para quem possui rosto redondo. De comprimento m\u00e9dio, possui as pontas da frente alongadas e a base cortada na altura do ombro. \u00c9 um corte ideal para equilibrar e trazer harmonia ao contorno do rosto.<\/span><\/p>\n<h3><span style=\"font-weight: 400\">4. Chanel de bico\u00a0<\/span><\/h3>\n<p><span style=\"font-weight: 400\">\u00c9 o corte de cabelo curto mais moderno e democr\u00e1tico que combina com todos os formatos de rosto, principalmente o redondo. Por ser assim\u00e9trico e ter as pontas da frente levemente mais longas, com a base aparada na altura do queixo, o chanel de bico causa o efeito de um rosto mais afinado e longo, disfar\u00e7ando as bochechas e equilibrando as propor\u00e7\u00f5es faciais.<\/span><\/p>\n<h3><span style=\"font-weight: 400\">5. Corte em camadas\u00a0<\/span><\/h3>\n<p><span style=\"font-weight: 400\">O corte em camadas \u00e9 ideal para quem tem o rosto redondo e quer manter o cabelo longo, pois n\u00e3o tira o comprimento dos fios. As gradua\u00e7\u00f5es do corte definem e distribuem o volume nos cabelos cacheados e crespos. J\u00e1 nas madeixas lisas e onduladas, esse estilo d\u00e1 leveza e movimento.<\/span><\/p>\n<h3><span style=\"font-weight: 400\">6. Corte degrad\u00ea\u00a0<\/span><\/h3>\n<p><span style=\"font-weight: 400\">O corte degrad\u00ea \u00e9 uma tend\u00eancia sofisticada e que d\u00e1 leveza ao rosto redondo, podendo ser feito em todos os comprimentos de cabelo. As gradua\u00e7\u00f5es do efeito degrad\u00ea tira a aten\u00e7\u00e3o das bochechas e direciona para as camadas do comprimento e pontas.<\/span><\/p>\n<h3><span style=\"font-weight: 400\">7. Franjas<\/span><\/h3>\n<p><span style=\"font-weight: 400\">A franja para quem possui o rosto no formato redondo \u00e9 perfeita para emoldurar a face e complementar com estilo o corte de cabelo. A curtain bangs, franja cortina dividida ao meio, causa um efeito degrad\u00ea que traz leveza e balan\u00e7o aos fios, al\u00e9m de deixar o rosto mais alongado.<\/span><\/p>\n<h3><span style=\"font-weight: 400\">8. Corte reto m\u00e9dio\u00a0<\/span><\/h3>\n<p><span style=\"font-weight: 400\">O cabelo liso para esse tipo de corte fica mais f\u00e1cil de usar, sendo que o segredo \u00e9 o que chama de desconstruir. A utiliza\u00e7\u00e3o de produtos que promovem textura e volume aos fios\u00a0 finos e grossos, d\u00e3o o movimento certo para deixar o rosto delineado.<\/span><\/p>\n<h2><span style=\"font-weight: 400\">Acess\u00f3rios e penteados para o rosto redondo<\/span><\/h2>\n<p><span style=\"font-weight: 400\">Al\u00e9m dos cortes de cabelo, existem acess\u00f3rios e penteados que podem ser usados por mulheres que t\u00eam o rosto arredondado e querem disfar\u00e7ar o formato. Tiaras, len\u00e7os e\u00a0 bandanas s\u00e3o alguns deles, pois esses acess\u00f3rios roubam a aten\u00e7\u00e3o da face.<\/span><\/p>\n<p><span style=\"font-weight: 400\">Quantos aos penteados, seguem algumas sugest\u00f5es:<\/span><\/p>\n<ul>\n<li style=\"font-weight: 400\"><span style=\"font-weight: 400\">Coque alto com franja aberta<\/span><\/li>\n<li style=\"font-weight: 400\"><span style=\"font-weight: 400\">Tran\u00e7a lateral<\/span><\/li>\n<li style=\"font-weight: 400\"><span style=\"font-weight: 400\">Dois coques pequenos com cabelos soltos<\/span><\/li>\n<li style=\"font-weight: 400\"><span style=\"font-weight: 400\">Dividido ao meio com cabelo liso<\/span><\/li>\n<li style=\"font-weight: 400\"><span style=\"font-weight: 400\">Coque alto com len\u00e7o<\/span><\/li>\n<li style=\"font-weight: 400\"><span style=\"font-weight: 400\">Tiara com cabelo solto<\/span><\/li>\n<\/ul>\n","protected":false},"excerpt":{"rendered":"<p>Na hora de cortar o cabelo, devemos observar alguns fatores que podem favorecer ou n\u00e3o o resultado final. Um dos principais com certeza \u00e9 o formato do rosto, afinal \u00e9 o que ser\u00e1 emoldurado pelo novo visual dos fios.\u00a0 O rosto redondo \u00e9 uma forma facial bastante comum em homens e mulheres, caracterizado pelas bochechas [&hellip;]<\/p>\n","protected":false},"author":2,"featured_media":8382,"comment_status":"open","ping_status":"open","sticky":false,"template":"","format":"standard","meta":{"footnotes":""},"categories":[56],"tags":[],"class_list":{"0":"post-8376","1":"post","2":"type-post","3":"status-publish","4":"format-standard","5":"has-post-thumbnail","7":"category-noticia"},"yoast_head":"<!-- This site is optimized with the Yoast SEO plugin v25.9 - https:\/\/yoast.com\/wordpress\/plugins\/seo\/ -->\n<title>Os melhores cortes de cabelo para rostos redondos - MyCapil \u2714\ufe0f<\/title>\n<meta name=\"description\" content=\"Neste artigo vamos falar sobre Os melhores cortes de cabelo para rostos redondos . Visite nosso blog\" \/>\n<meta name=\"robots\" content=\"index, follow, max-snippet:-1, max-image-preview:large, max-video-preview:-1\" \/>\n<link rel=\"canonical\" href=\"https:\/\/mycapil.com\/pt-br\/os-melhores-cortes-de-cabelo-para-rostos-redondos\/\" \/>\n<meta property=\"og:locale\" content=\"pt_PT\" \/>\n<meta property=\"og:type\" content=\"article\" \/>\n<meta property=\"og:title\" content=\"Os melhores cortes de cabelo para rostos redondos - MyCapil \u2714\ufe0f\" \/>\n<meta property=\"og:description\" content=\"Neste artigo vamos falar sobre Os melhores cortes de cabelo para rostos redondos . Visite nosso blog\" \/>\n<meta property=\"og:url\" content=\"https:\/\/mycapil.com\/pt-br\/os-melhores-cortes-de-cabelo-para-rostos-redondos\/\" \/>\n<meta property=\"og:site_name\" content=\"MyCapil\" \/>\n<meta property=\"article:published_time\" content=\"2022-08-03T00:18:54+00:00\" \/>\n<meta property=\"og:image\" content=\"https:\/\/mycapil.com\/wp-content\/uploads\/2022\/08\/rosto-redondo-3-scaled.jpg\" \/>\n\t<meta property=\"og:image:width\" content=\"2560\" \/>\n\t<meta property=\"og:image:height\" content=\"1707\" \/>\n\t<meta property=\"og:image:type\" content=\"image\/jpeg\" \/>\n<meta name=\"author\" content=\"MyCapil\" \/>\n<meta name=\"twitter:card\" content=\"summary_large_image\" \/>\n<meta name=\"twitter:label1\" content=\"Written by\" \/>\n\t<meta name=\"twitter:data1\" content=\"MyCapil\" \/>\n\t<meta name=\"twitter:label2\" content=\"Est. reading time\" \/>\n\t<meta name=\"twitter:data2\" content=\"5 minutes\" \/>\n<script type=\"application\/ld+json\" class=\"yoast-schema-graph\">{\"@context\":\"https:\/\/schema.org\",\"@graph\":[{\"@type\":\"Article\",\"@id\":\"https:\/\/mycapil.com\/pt-br\/os-melhores-cortes-de-cabelo-para-rostos-redondos\/#article\",\"isPartOf\":{\"@id\":\"https:\/\/mycapil.com\/pt-br\/os-melhores-cortes-de-cabelo-para-rostos-redondos\/\"},\"author\":{\"name\":\"MyCapil\",\"@id\":\"https:\/\/mycapil.com\/pt-br\/#\/schema\/person\/edb7928a381976a0b94e47505ff847d5\"},\"headline\":\"Os melhores cortes de cabelo para rostos redondos\",\"datePublished\":\"2022-08-03T00:18:54+00:00\",\"mainEntityOfPage\":{\"@id\":\"https:\/\/mycapil.com\/pt-br\/os-melhores-cortes-de-cabelo-para-rostos-redondos\/\"},\"wordCount\":954,\"commentCount\":0,\"publisher\":{\"@id\":\"https:\/\/mycapil.com\/pt-br\/#organization\"},\"image\":{\"@id\":\"https:\/\/mycapil.com\/pt-br\/os-melhores-cortes-de-cabelo-para-rostos-redondos\/#primaryimage\"},\"thumbnailUrl\":\"https:\/\/mycapil.com\/wp-content\/uploads\/2022\/08\/rosto-redondo-3-scaled.jpg\",\"articleSection\":[\"Not\u00edcia\"],\"inLanguage\":\"pt\",\"potentialAction\":[{\"@type\":\"CommentAction\",\"name\":\"Comment\",\"target\":[\"https:\/\/mycapil.com\/pt-br\/os-melhores-cortes-de-cabelo-para-rostos-redondos\/#respond\"]}]},{\"@type\":\"WebPage\",\"@id\":\"https:\/\/mycapil.com\/pt-br\/os-melhores-cortes-de-cabelo-para-rostos-redondos\/\",\"url\":\"https:\/\/mycapil.com\/pt-br\/os-melhores-cortes-de-cabelo-para-rostos-redondos\/\",\"name\":\"Os melhores cortes de cabelo para rostos redondos - MyCapil \u2714\ufe0f\",\"isPartOf\":{\"@id\":\"https:\/\/mycapil.com\/pt-br\/#website\"},\"primaryImageOfPage\":{\"@id\":\"https:\/\/mycapil.com\/pt-br\/os-melhores-cortes-de-cabelo-para-rostos-redondos\/#primaryimage\"},\"image\":{\"@id\":\"https:\/\/mycapil.com\/pt-br\/os-melhores-cortes-de-cabelo-para-rostos-redondos\/#primaryimage\"},\"thumbnailUrl\":\"https:\/\/mycapil.com\/wp-content\/uploads\/2022\/08\/rosto-redondo-3-scaled.jpg\",\"datePublished\":\"2022-08-03T00:18:54+00:00\",\"description\":\"Neste artigo vamos falar sobre Os melhores cortes de cabelo para rostos redondos . Visite nosso blog\",\"breadcrumb\":{\"@id\":\"https:\/\/mycapil.com\/pt-br\/os-melhores-cortes-de-cabelo-para-rostos-redondos\/#breadcrumb\"},\"inLanguage\":\"pt\",\"potentialAction\":[{\"@type\":\"ReadAction\",\"target\":[\"https:\/\/mycapil.com\/pt-br\/os-melhores-cortes-de-cabelo-para-rostos-redondos\/\"]}]},{\"@type\":\"ImageObject\",\"inLanguage\":\"pt\",\"@id\":\"https:\/\/mycapil.com\/pt-br\/os-melhores-cortes-de-cabelo-para-rostos-redondos\/#primaryimage\",\"url\":\"https:\/\/mycapil.com\/wp-content\/uploads\/2022\/08\/rosto-redondo-3-scaled.jpg\",\"contentUrl\":\"https:\/\/mycapil.com\/wp-content\/uploads\/2022\/08\/rosto-redondo-3-scaled.jpg\",\"width\":2560,\"height\":1707},{\"@type\":\"BreadcrumbList\",\"@id\":\"https:\/\/mycapil.com\/pt-br\/os-melhores-cortes-de-cabelo-para-rostos-redondos\/#breadcrumb\",\"itemListElement\":[{\"@type\":\"ListItem\",\"position\":1,\"name\":\"Home\",\"item\":\"https:\/\/mycapil.com\/pt-br\/\"},{\"@type\":\"ListItem\",\"position\":2,\"name\":\"Os melhores cortes de cabelo para rostos redondos\"}]},{\"@type\":\"WebSite\",\"@id\":\"https:\/\/mycapil.com\/pt-br\/#website\",\"url\":\"https:\/\/mycapil.com\/pt-br\/\",\"name\":\"MyCapil\",\"description\":\"Alopecia, queda de cabelo, capilar\",\"publisher\":{\"@id\":\"https:\/\/mycapil.com\/pt-br\/#organization\"},\"potentialAction\":[{\"@type\":\"SearchAction\",\"target\":{\"@type\":\"EntryPoint\",\"urlTemplate\":\"https:\/\/mycapil.com\/pt-br\/?s={search_term_string}\"},\"query-input\":{\"@type\":\"PropertyValueSpecification\",\"valueRequired\":true,\"valueName\":\"search_term_string\"}}],\"inLanguage\":\"pt\"},{\"@type\":\"Organization\",\"@id\":\"https:\/\/mycapil.com\/pt-br\/#organization\",\"name\":\"MyCapil\",\"url\":\"https:\/\/mycapil.com\/pt-br\/\",\"logo\":{\"@type\":\"ImageObject\",\"inLanguage\":\"pt\",\"@id\":\"https:\/\/mycapil.com\/pt-br\/#\/schema\/logo\/image\/\",\"url\":\"https:\/\/mycapil.com\/wp-content\/uploads\/2020\/02\/Mycapil3.png\",\"contentUrl\":\"https:\/\/mycapil.com\/wp-content\/uploads\/2020\/02\/Mycapil3.png\",\"width\":339,\"height\":113,\"caption\":\"MyCapil\"},\"image\":{\"@id\":\"https:\/\/mycapil.com\/pt-br\/#\/schema\/logo\/image\/\"}},{\"@type\":\"Person\",\"@id\":\"https:\/\/mycapil.com\/pt-br\/#\/schema\/person\/edb7928a381976a0b94e47505ff847d5\",\"name\":\"MyCapil\",\"image\":{\"@type\":\"ImageObject\",\"inLanguage\":\"pt\",\"@id\":\"https:\/\/mycapil.com\/pt-br\/#\/schema\/person\/image\/\",\"url\":\"https:\/\/secure.gravatar.com\/avatar\/7d6a4dd75e3893e11a15320ce302770387ef8f0b488173747313e3e308c679b0?s=96&d=mm&r=g\",\"contentUrl\":\"https:\/\/secure.gravatar.com\/avatar\/7d6a4dd75e3893e11a15320ce302770387ef8f0b488173747313e3e308c679b0?s=96&d=mm&r=g\",\"caption\":\"MyCapil\"}}]}<\/script>\n<!-- \/ Yoast SEO plugin. -->","yoast_head_json":{"title":"Os melhores cortes de cabelo para rostos redondos - MyCapil \u2714\ufe0f","description":"Neste artigo vamos falar sobre Os melhores cortes de cabelo para rostos redondos . Visite nosso blog","robots":{"index":"index","follow":"follow","max-snippet":"max-snippet:-1","max-image-preview":"max-image-preview:large","max-video-preview":"max-video-preview:-1"},"canonical":"https:\/\/mycapil.com\/pt-br\/os-melhores-cortes-de-cabelo-para-rostos-redondos\/","og_locale":"pt_PT","og_type":"article","og_title":"Os melhores cortes de cabelo para rostos redondos - MyCapil \u2714\ufe0f","og_description":"Neste artigo vamos falar sobre Os melhores cortes de cabelo para rostos redondos . Visite nosso blog","og_url":"https:\/\/mycapil.com\/pt-br\/os-melhores-cortes-de-cabelo-para-rostos-redondos\/","og_site_name":"MyCapil","article_published_time":"2022-08-03T00:18:54+00:00","og_image":[{"width":2560,"height":1707,"url":"https:\/\/mycapil.com\/wp-content\/uploads\/2022\/08\/rosto-redondo-3-scaled.jpg","type":"image\/jpeg"}],"author":"MyCapil","twitter_card":"summary_large_image","twitter_misc":{"Written by":"MyCapil","Est. reading time":"5 minutes"},"schema":{"@context":"https:\/\/schema.org","@graph":[{"@type":"Article","@id":"https:\/\/mycapil.com\/pt-br\/os-melhores-cortes-de-cabelo-para-rostos-redondos\/#article","isPartOf":{"@id":"https:\/\/mycapil.com\/pt-br\/os-melhores-cortes-de-cabelo-para-rostos-redondos\/"},"author":{"name":"MyCapil","@id":"https:\/\/mycapil.com\/pt-br\/#\/schema\/person\/edb7928a381976a0b94e47505ff847d5"},"headline":"Os melhores cortes de cabelo para rostos redondos","datePublished":"2022-08-03T00:18:54+00:00","mainEntityOfPage":{"@id":"https:\/\/mycapil.com\/pt-br\/os-melhores-cortes-de-cabelo-para-rostos-redondos\/"},"wordCount":954,"commentCount":0,"publisher":{"@id":"https:\/\/mycapil.com\/pt-br\/#organization"},"image":{"@id":"https:\/\/mycapil.com\/pt-br\/os-melhores-cortes-de-cabelo-para-rostos-redondos\/#primaryimage"},"thumbnailUrl":"https:\/\/mycapil.com\/wp-content\/uploads\/2022\/08\/rosto-redondo-3-scaled.jpg","articleSection":["Not\u00edcia"],"inLanguage":"pt","potentialAction":[{"@type":"CommentAction","name":"Comment","target":["https:\/\/mycapil.com\/pt-br\/os-melhores-cortes-de-cabelo-para-rostos-redondos\/#respond"]}]},{"@type":"WebPage","@id":"https:\/\/mycapil.com\/pt-br\/os-melhores-cortes-de-cabelo-para-rostos-redondos\/","url":"https:\/\/mycapil.com\/pt-br\/os-melhores-cortes-de-cabelo-para-rostos-redondos\/","name":"Os melhores cortes de cabelo para rostos redondos - MyCapil \u2714\ufe0f","isPartOf":{"@id":"https:\/\/mycapil.com\/pt-br\/#website"},"primaryImageOfPage":{"@id":"https:\/\/mycapil.com\/pt-br\/os-melhores-cortes-de-cabelo-para-rostos-redondos\/#primaryimage"},"image":{"@id":"https:\/\/mycapil.com\/pt-br\/os-melhores-cortes-de-cabelo-para-rostos-redondos\/#primaryimage"},"thumbnailUrl":"https:\/\/mycapil.com\/wp-content\/uploads\/2022\/08\/rosto-redondo-3-scaled.jpg","datePublished":"2022-08-03T00:18:54+00:00","description":"Neste artigo vamos falar sobre Os melhores cortes de cabelo para rostos redondos . Visite nosso blog","breadcrumb":{"@id":"https:\/\/mycapil.com\/pt-br\/os-melhores-cortes-de-cabelo-para-rostos-redondos\/#breadcrumb"},"inLanguage":"pt","potentialAction":[{"@type":"ReadAction","target":["https:\/\/mycapil.com\/pt-br\/os-melhores-cortes-de-cabelo-para-rostos-redondos\/"]}]},{"@type":"ImageObject","inLanguage":"pt","@id":"https:\/\/mycapil.com\/pt-br\/os-melhores-cortes-de-cabelo-para-rostos-redondos\/#primaryimage","url":"https:\/\/mycapil.com\/wp-content\/uploads\/2022\/08\/rosto-redondo-3-scaled.jpg","contentUrl":"https:\/\/mycapil.com\/wp-content\/uploads\/2022\/08\/rosto-redondo-3-scaled.jpg","width":2560,"height":1707},{"@type":"BreadcrumbList","@id":"https:\/\/mycapil.com\/pt-br\/os-melhores-cortes-de-cabelo-para-rostos-redondos\/#breadcrumb","itemListElement":[{"@type":"ListItem","position":1,"name":"Home","item":"https:\/\/mycapil.com\/pt-br\/"},{"@type":"ListItem","position":2,"name":"Os melhores cortes de cabelo para rostos redondos"}]},{"@type":"WebSite","@id":"https:\/\/mycapil.com\/pt-br\/#website","url":"https:\/\/mycapil.com\/pt-br\/","name":"MyCapil","description":"Alopecia, queda de cabelo, capilar","publisher":{"@id":"https:\/\/mycapil.com\/pt-br\/#organization"},"potentialAction":[{"@type":"SearchAction","target":{"@type":"EntryPoint","urlTemplate":"https:\/\/mycapil.com\/pt-br\/?s={search_term_string}"},"query-input":{"@type":"PropertyValueSpecification","valueRequired":true,"valueName":"search_term_string"}}],"inLanguage":"pt"},{"@type":"Organization","@id":"https:\/\/mycapil.com\/pt-br\/#organization","name":"MyCapil","url":"https:\/\/mycapil.com\/pt-br\/","logo":{"@type":"ImageObject","inLanguage":"pt","@id":"https:\/\/mycapil.com\/pt-br\/#\/schema\/logo\/image\/","url":"https:\/\/mycapil.com\/wp-content\/uploads\/2020\/02\/Mycapil3.png","contentUrl":"https:\/\/mycapil.com\/wp-content\/uploads\/2020\/02\/Mycapil3.png","width":339,"height":113,"caption":"MyCapil"},"image":{"@id":"https:\/\/mycapil.com\/pt-br\/#\/schema\/logo\/image\/"}},{"@type":"Person","@id":"https:\/\/mycapil.com\/pt-br\/#\/schema\/person\/edb7928a381976a0b94e47505ff847d5","name":"MyCapil","image":{"@type":"ImageObject","inLanguage":"pt","@id":"https:\/\/mycapil.com\/pt-br\/#\/schema\/person\/image\/","url":"https:\/\/secure.gravatar.com\/avatar\/7d6a4dd75e3893e11a15320ce302770387ef8f0b488173747313e3e308c679b0?s=96&d=mm&r=g","contentUrl":"https:\/\/secure.gravatar.com\/avatar\/7d6a4dd75e3893e11a15320ce302770387ef8f0b488173747313e3e308c679b0?s=96&d=mm&r=g","caption":"MyCapil"}}]}},"_links":{"self":[{"href":"https:\/\/mycapil.com\/pt-br\/wp-json\/wp\/v2\/posts\/8376","targetHints":{"allow":["GET"]}}],"collection":[{"href":"https:\/\/mycapil.com\/pt-br\/wp-json\/wp\/v2\/posts"}],"about":[{"href":"https:\/\/mycapil.com\/pt-br\/wp-json\/wp\/v2\/types\/post"}],"author":[{"embeddable":true,"href":"https:\/\/mycapil.com\/pt-br\/wp-json\/wp\/v2\/users\/2"}],"replies":[{"embeddable":true,"href":"https:\/\/mycapil.com\/pt-br\/wp-json\/wp\/v2\/comments?post=8376"}],"version-history":[{"count":1,"href":"https:\/\/mycapil.com\/pt-br\/wp-json\/wp\/v2\/posts\/8376\/revisions"}],"predecessor-version":[{"id":8387,"href":"https:\/\/mycapil.com\/pt-br\/wp-json\/wp\/v2\/posts\/8376\/revisions\/8387"}],"wp:featuredmedia":[{"embeddable":true,"href":"https:\/\/mycapil.com\/pt-br\/wp-json\/wp\/v2\/media\/8382"}],"wp:attachment":[{"href":"https:\/\/mycapil.com\/pt-br\/wp-json\/wp\/v2\/media?parent=8376"}],"wp:term":[{"taxonomy":"category","embeddable":true,"href":"https:\/\/mycapil.com\/pt-br\/wp-json\/wp\/v2\/categories?post=8376"},{"taxonomy":"post_tag","embeddable":true,"href":"https:\/\/mycapil.com\/pt-br\/wp-json\/wp\/v2\/tags?post=8376"}],"curies":[{"name":"wp","href":"https:\/\/api.w.org\/{rel}","templated":true}]}}