{"id":8791,"date":"2022-09-09T08:51:13","date_gmt":"2022-09-09T12:51:13","guid":{"rendered":"https:\/\/mycapil.com\/?p=8791"},"modified":"2022-09-09T08:51:13","modified_gmt":"2022-09-09T12:51:13","slug":"o-que-e-botox-capilar-e-para-que-serve","status":"publish","type":"post","link":"https:\/\/mycapil.com\/pt-br\/o-que-e-botox-capilar-e-para-que-serve\/","title":{"rendered":"O que \u00e9 botox capilar e para que serve?"},"content":{"rendered":"<p><span style=\"font-weight: 400\">Certamente voc\u00ea j\u00e1 ouviu falar sobre o botox capilar, n\u00e3o \u00e9 mesmo? Mas, botox nos cabelos? Assim como \u00e9 feito na pele? Calma, n\u00e3o se trata da mesma coisa, apenas foi dado o mesmo nome em raz\u00e3o da capacidade do tratamento de renovar os fios e corrigir alguns danos, assim como acontece no procedimento est\u00e9tico para a pele.<\/span><\/p>\n<p><span style=\"font-weight: 400\">O botox capilar \u00e9 um tratamento intensivo que rep\u00f5e massa e nutrientes aos fios, proporcionando hidrata\u00e7\u00e3o, brilho, suavidade e um efeito de redu\u00e7\u00e3o de volume e alinhamento, eliminando o frizz e as pontas duplas. Enquanto no botox para minimizar as rugas \u00e9 utilizada a toxina botul\u00ednica, na t\u00e9cnica aplicada nos cabelos s\u00e3o usados produtos que misturam ingredientes como a queratina, o \u00e1cido gliox\u00edlico e a carbociste\u00edna, al\u00e9m de outras vitaminas e prote\u00ednas.\u00a0<\/span><\/p>\n<p><span style=\"font-weight: 400\">Mas, ser\u00e1 que esse tratamento realmente funciona? Fique por dentro de mais informa\u00e7\u00f5es sobre o botox capilar, para que serve e quem pode fazer.<\/span><\/p>\n<h2><span style=\"font-weight: 400\">Quem pode fazer botox capilar?<\/span><\/h2>\n<p><span style=\"font-weight: 400\">Essa poderosa hidrata\u00e7\u00e3o, t\u00e3o querida pelos sal\u00f5es de beleza e inspirada no tratamento est\u00e9tico, \u00e9 indicada para qualquer tipo e formato de cabelo, sendo especialmente recomendada para quem usa com frequ\u00eancia fontes de calor como secador e chapinha e se submete a qu\u00edmicas como escova progressiva e colora\u00e7\u00e3o.\u00a0<\/span><\/p>\n<p><span style=\"font-weight: 400\">Tais procedimentos agridem muito os cabelos, deixando os fios ressecados, danificados, fr\u00e1geis e quebradi\u00e7os. O botox capilar \u00e9 um grande aliado nesse momento, pois \u00e9 um produto \u00e0 base de importantes prote\u00ednas e vitaminas que reconstroem a fibra do cabelo, sela as cut\u00edculas, fortalece, d\u00e1 mais resist\u00eancia e flexibilidade aos fios.\u00a0<\/span><\/p>\n<p><span style=\"font-weight: 400\">Nos cabelos ondulados, cacheados ou crespos, principalmente, o alto poder de hidrata\u00e7\u00e3o do botox capilar reduz o volume e o frizz, causando um alinhamento sem tirar a defini\u00e7\u00e3o dos fios.O tratamento n\u00e3o \u00e9 indicado para crian\u00e7as e adolescentes, pois como o cabelo na inf\u00e2ncia e na puberdade ainda est\u00e1 em processo de forma\u00e7\u00e3o, a estrutura dos fios muda bastante.<\/span><\/p>\n<h2><span style=\"font-weight: 400\">Para que serve o botox capilar?<\/span><\/h2>\n<p><img loading=\"lazy\" decoding=\"async\" class=\"alignnone size-large wp-image-8792\" src=\"https:\/\/mycapil.com\/wp-content\/uploads\/2022\/09\/botox-capilar-4-1024x684.jpg\" alt=\"\" width=\"696\" height=\"465\" srcset=\"https:\/\/mycapil.com\/wp-content\/uploads\/2022\/09\/botox-capilar-4-1024x684.jpg 1024w, https:\/\/mycapil.com\/wp-content\/uploads\/2022\/09\/botox-capilar-4-300x200.jpg 300w, https:\/\/mycapil.com\/wp-content\/uploads\/2022\/09\/botox-capilar-4-768x513.jpg 768w, https:\/\/mycapil.com\/wp-content\/uploads\/2022\/09\/botox-capilar-4-1536x1025.jpg 1536w, https:\/\/mycapil.com\/wp-content\/uploads\/2022\/09\/botox-capilar-4-2048x1367.jpg 2048w, https:\/\/mycapil.com\/wp-content\/uploads\/2022\/09\/botox-capilar-4-150x100.jpg 150w, https:\/\/mycapil.com\/wp-content\/uploads\/2022\/09\/botox-capilar-4-696x465.jpg 696w, https:\/\/mycapil.com\/wp-content\/uploads\/2022\/09\/botox-capilar-4-1068x713.jpg 1068w, https:\/\/mycapil.com\/wp-content\/uploads\/2022\/09\/botox-capilar-4-1920x1282.jpg 1920w, https:\/\/mycapil.com\/wp-content\/uploads\/2022\/09\/botox-capilar-4-629x420.jpg 629w\" sizes=\"auto, (max-width: 696px) 100vw, 696px\" \/><\/p>\n<p><span style=\"font-weight: 400\">Confira alguns benef\u00edcios do botox capilar para os fios:<\/span><\/p>\n<ul>\n<li style=\"font-weight: 400\"><span style=\"font-weight: 400\">Poderosa hidrata\u00e7\u00e3o\u00a0<\/span><\/li>\n<li style=\"font-weight: 400\"><span style=\"font-weight: 400\">Redu\u00e7\u00e3o de volume do cabelo<\/span><\/li>\n<li style=\"font-weight: 400\"><span style=\"font-weight: 400\">Reestrutura\u00e7\u00e3o do fio<\/span><\/li>\n<li style=\"font-weight: 400\"><span style=\"font-weight: 400\">Resultado natural<\/span><\/li>\n<li style=\"font-weight: 400\"><span style=\"font-weight: 400\">Melhora da resist\u00eancia dos fios<\/span><\/li>\n<li style=\"font-weight: 400\"><span style=\"font-weight: 400\">Auxilia no fortalecimento e crescimento do cabelo<\/span><\/li>\n<li style=\"font-weight: 400\"><span style=\"font-weight: 400\">Mais brilho e vitalidade aos fios<\/span><\/li>\n<li style=\"font-weight: 400\"><span style=\"font-weight: 400\">Acaba com o frizz e as pontas duplas<\/span><\/li>\n<\/ul>\n<h2><span style=\"font-weight: 400\">D\u00favidas frequentes sobre o botox capilar<\/span><\/h2>\n<p><span style=\"font-weight: 400\">Trouxemos aqui respostas para algumas perguntas feitas com frequ\u00eancia com rela\u00e7\u00e3o ao botox capilar. Esclare\u00e7a suas d\u00favidas e tenha maior seguran\u00e7a e certeza para fazer o tratamento.<\/span><\/p>\n<ol>\n<li style=\"font-weight: 400\">\n<h3><span style=\"font-weight: 400\">O botox capilar tem formol?<\/span><\/h3>\n<\/li>\n<\/ol>\n<p><span style=\"font-weight: 400\">O botox para os cabelos n\u00e3o possui formol em sua composi\u00e7\u00e3o, uma vez que seu objetivo \u00e9 hidratar os fios, o que \u00e9 feito com nutrientes e <\/span><a href=\"https:\/\/mycapil.com\/pt-br\/melhores-vitaminas-cabelo\/\"><span style=\"font-weight: 400\">vitaminas<\/span><\/a><span style=\"font-weight: 400\"> essenciais para a sa\u00fade capilar.<\/span><\/p>\n<p><span style=\"font-weight: 400\">Entretanto, algumas marcas de produtos para esse tratamento ainda colocam uma pequena quantidade de formol para ajudar no o alisamento dos fios. A ANVISA &#8211; Ag\u00eancia Nacional de Vigil\u00e2ncia Sanit\u00e1ria &#8211; j\u00e1 estabeleceu que o formol s\u00f3 pode ser utilizado nos cosm\u00e9ticos em pequenas concentra\u00e7\u00f5es, portanto \u00e9 importante observar com aten\u00e7\u00e3o os r\u00f3tulos dos produtos na hora de comprar e buscar por profissionais de sua confian\u00e7a.\u00a0<\/span><\/p>\n<ol start=\"2\">\n<li>\n<h3><span style=\"font-weight: 400\"> Botox capilar alisa o cabelo?<\/span><\/h3>\n<\/li>\n<\/ol>\n<p><span style=\"font-weight: 400\">O botox propriamente, que n\u00e3o possui formol em sua f\u00f3rmula, n\u00e3o alisa os fios. O aspecto mais liso dos cabelos ap\u00f3s o tratamento ocorre por causa da hidrata\u00e7\u00e3o intensa, o que provoca diminui\u00e7\u00e3o do volume, alinhamento e mais brilho aos fios, causando a impress\u00e3o de ficarem mais lisos.<\/span><\/p>\n<ol start=\"3\">\n<li>\n<h3><span style=\"font-weight: 400\"> Qual a diferen\u00e7a entre o botox e a escova progressiva?<\/span><\/h3>\n<\/li>\n<\/ol>\n<p><span style=\"font-weight: 400\">A diferen\u00e7a \u00e9 que a escova progressiva cont\u00e9m formol na composi\u00e7\u00e3o e a finalidade \u00e9 alisar os fios, enquanto que o botox n\u00e3o. A presen\u00e7a do formol agride o cabelo, principalmente em grande quantidade. O botox capilar \u00e9 um tratamento de hidrata\u00e7\u00e3o, um repositor de queratina para reparar os fios.<\/span><\/p>\n<ol start=\"4\">\n<li>\n<h3><span style=\"font-weight: 400\"> Como saber se o procedimento \u00e9 realmente botox?<\/span><\/h3>\n<\/li>\n<\/ol>\n<p><span style=\"font-weight: 400\">Para esclarecer essa d\u00favida \u00e9 preciso verificar a f\u00f3rmula do produto utilizado para saber se possui formol e se a finalidade \u00e9 preencher os fios. Observe o r\u00f3tulo antes de comprar e caso fa\u00e7a o tratamento em sal\u00e3o procure por um profissional de confian\u00e7a, com refer\u00eancias e \u00e9tica.<\/span><\/p>\n<ol start=\"5\">\n<li>\n<h3><span style=\"font-weight: 400\"> O cabelo volta \u00e0 estrutura normal depois?<\/span><\/h3>\n<\/li>\n<\/ol>\n<p><span style=\"font-weight: 400\">Sim, o fio retoma a sua estrutura normal ap\u00f3s passado o efeito do botox capilar. O tempo e a quantidade de lavagens do cabelo s\u00e3o fatores que diminuem a dura\u00e7\u00e3o do botox. Al\u00e9m disso, conforme as madeixas crescem, elas retornam ao aspecto natural.<\/span><\/p>\n<ol start=\"6\">\n<li>\n<h3><span style=\"font-weight: 400\"> Quanto tempo dura o botox capilar?<\/span><\/h3>\n<\/li>\n<\/ol>\n<p><span style=\"font-weight: 400\">O tempo de dura\u00e7\u00e3o do botox varia de acordo com o produto utilizado, mas normalmente o tratamento dura em m\u00e9dia 30 dias. Entretanto, quem costuma lavar muito os cabelos a dura\u00e7\u00e3o pode ser menor, uma vez que as lavagens v\u00e3o diminuindo o efeito do produto.<\/span><\/p>\n<ol start=\"7\">\n<li>\n<h3><span style=\"font-weight: 400\"> Como fazer para o botox capilar durar por mais tempo?<\/span><\/h3>\n<\/li>\n<\/ol>\n<p><span style=\"font-weight: 400\">Existem algumas a\u00e7\u00f5es que podem prolongar a dura\u00e7\u00e3o do botox capilar, como por exemplo n\u00e3o usar shampoos antirres\u00edduos e sim os espec\u00edficos para o procedimento, sem sal e que tenha pH baixo, secar os cabelos com frequ\u00eancia, hidratar os cabelos no m\u00ednimo quinzenalmente com m\u00e1scara ou ampola de tratamento.<\/span><\/p>\n<ol start=\"8\">\n<li>\n<h3><span style=\"font-weight: 400\"> O botox capilar pode dar errado?<\/span><\/h3>\n<\/li>\n<\/ol>\n<p><span style=\"font-weight: 400\">Normalmente n\u00e3o d\u00e1 errado por se tratar de um tratamento e n\u00e3o ter qu\u00edmica na f\u00f3rmula. Todavia, \u00e9 preciso se valer de alguns cuidados, pois infelizmente h\u00e1 sal\u00f5es que para lucrar mais vendem escova progressiva com o nome da t\u00e9cnica. Caso a pessoa tenha uma rea\u00e7\u00e3o al\u00e9rgica ao formol o resultado pode ser muito ruim. <\/span><\/p>\n<p><span style=\"font-weight: 400\">O botox capilar possui uma certa quantidade de prote\u00edna na composi\u00e7\u00e3o, por isso \u00e9 importante usar a dosagem correta j\u00e1 que o produto em excesso deixa os fios mais grossos e enrijecidos, causando um efeito contr\u00e1rio ao esperado.<\/span><\/p>\n","protected":false},"excerpt":{"rendered":"<p>Certamente voc\u00ea j\u00e1 ouviu falar sobre o botox capilar, n\u00e3o \u00e9 mesmo? Mas, botox nos cabelos? Assim como \u00e9 feito na pele? Calma, n\u00e3o se trata da mesma coisa, apenas foi dado o mesmo nome em raz\u00e3o da capacidade do tratamento de renovar os fios e corrigir alguns danos, assim como acontece no procedimento est\u00e9tico [&hellip;]<\/p>\n","protected":false},"author":2,"featured_media":8797,"comment_status":"open","ping_status":"open","sticky":false,"template":"","format":"standard","meta":{"footnotes":""},"categories":[56],"tags":[],"class_list":{"0":"post-8791","1":"post","2":"type-post","3":"status-publish","4":"format-standard","5":"has-post-thumbnail","7":"category-noticia"},"yoast_head":"<!-- This site is optimized with the Yoast SEO plugin v25.9 - https:\/\/yoast.com\/wordpress\/plugins\/seo\/ -->\n<title>O que \u00e9 botox capilar e para que serve? - MyCapil \u2714\ufe0f<\/title>\n<meta name=\"description\" content=\"Neste artigo vamos falar sobre O que \u00e9 botox capilar e para que serve? . Visite nosso blog\" \/>\n<meta name=\"robots\" content=\"index, follow, max-snippet:-1, max-image-preview:large, max-video-preview:-1\" \/>\n<link rel=\"canonical\" href=\"https:\/\/mycapil.com\/pt-br\/o-que-e-botox-capilar-e-para-que-serve\/\" \/>\n<meta property=\"og:locale\" content=\"pt_PT\" \/>\n<meta property=\"og:type\" content=\"article\" \/>\n<meta property=\"og:title\" content=\"O que \u00e9 botox capilar e para que serve? - MyCapil \u2714\ufe0f\" \/>\n<meta property=\"og:description\" content=\"Neste artigo vamos falar sobre O que \u00e9 botox capilar e para que serve? . Visite nosso blog\" \/>\n<meta property=\"og:url\" content=\"https:\/\/mycapil.com\/pt-br\/o-que-e-botox-capilar-e-para-que-serve\/\" \/>\n<meta property=\"og:site_name\" content=\"MyCapil\" \/>\n<meta property=\"article:published_time\" content=\"2022-09-09T12:51:13+00:00\" \/>\n<meta property=\"og:image\" content=\"https:\/\/mycapil.com\/wp-content\/uploads\/2022\/09\/botox-capilar-1-scaled.jpg\" \/>\n\t<meta property=\"og:image:width\" content=\"2560\" \/>\n\t<meta property=\"og:image:height\" content=\"1677\" \/>\n\t<meta property=\"og:image:type\" content=\"image\/jpeg\" \/>\n<meta name=\"author\" content=\"MyCapil\" \/>\n<meta name=\"twitter:card\" content=\"summary_large_image\" \/>\n<meta name=\"twitter:label1\" content=\"Written by\" \/>\n\t<meta name=\"twitter:data1\" content=\"MyCapil\" \/>\n\t<meta name=\"twitter:label2\" content=\"Est. reading time\" \/>\n\t<meta name=\"twitter:data2\" content=\"5 minutes\" \/>\n<script type=\"application\/ld+json\" class=\"yoast-schema-graph\">{\"@context\":\"https:\/\/schema.org\",\"@graph\":[{\"@type\":\"Article\",\"@id\":\"https:\/\/mycapil.com\/pt-br\/o-que-e-botox-capilar-e-para-que-serve\/#article\",\"isPartOf\":{\"@id\":\"https:\/\/mycapil.com\/pt-br\/o-que-e-botox-capilar-e-para-que-serve\/\"},\"author\":{\"name\":\"MyCapil\",\"@id\":\"https:\/\/mycapil.com\/pt-br\/#\/schema\/person\/edb7928a381976a0b94e47505ff847d5\"},\"headline\":\"O que \u00e9 botox capilar e para que serve?\",\"datePublished\":\"2022-09-09T12:51:13+00:00\",\"mainEntityOfPage\":{\"@id\":\"https:\/\/mycapil.com\/pt-br\/o-que-e-botox-capilar-e-para-que-serve\/\"},\"wordCount\":1025,\"commentCount\":0,\"publisher\":{\"@id\":\"https:\/\/mycapil.com\/pt-br\/#organization\"},\"image\":{\"@id\":\"https:\/\/mycapil.com\/pt-br\/o-que-e-botox-capilar-e-para-que-serve\/#primaryimage\"},\"thumbnailUrl\":\"https:\/\/mycapil.com\/wp-content\/uploads\/2022\/09\/botox-capilar-1-scaled.jpg\",\"articleSection\":[\"Not\u00edcia\"],\"inLanguage\":\"pt\",\"potentialAction\":[{\"@type\":\"CommentAction\",\"name\":\"Comment\",\"target\":[\"https:\/\/mycapil.com\/pt-br\/o-que-e-botox-capilar-e-para-que-serve\/#respond\"]}]},{\"@type\":\"WebPage\",\"@id\":\"https:\/\/mycapil.com\/pt-br\/o-que-e-botox-capilar-e-para-que-serve\/\",\"url\":\"https:\/\/mycapil.com\/pt-br\/o-que-e-botox-capilar-e-para-que-serve\/\",\"name\":\"O que \u00e9 botox capilar e para que serve? - MyCapil \u2714\ufe0f\",\"isPartOf\":{\"@id\":\"https:\/\/mycapil.com\/pt-br\/#website\"},\"primaryImageOfPage\":{\"@id\":\"https:\/\/mycapil.com\/pt-br\/o-que-e-botox-capilar-e-para-que-serve\/#primaryimage\"},\"image\":{\"@id\":\"https:\/\/mycapil.com\/pt-br\/o-que-e-botox-capilar-e-para-que-serve\/#primaryimage\"},\"thumbnailUrl\":\"https:\/\/mycapil.com\/wp-content\/uploads\/2022\/09\/botox-capilar-1-scaled.jpg\",\"datePublished\":\"2022-09-09T12:51:13+00:00\",\"description\":\"Neste artigo vamos falar sobre O que \u00e9 botox capilar e para que serve? . Visite nosso blog\",\"breadcrumb\":{\"@id\":\"https:\/\/mycapil.com\/pt-br\/o-que-e-botox-capilar-e-para-que-serve\/#breadcrumb\"},\"inLanguage\":\"pt\",\"potentialAction\":[{\"@type\":\"ReadAction\",\"target\":[\"https:\/\/mycapil.com\/pt-br\/o-que-e-botox-capilar-e-para-que-serve\/\"]}]},{\"@type\":\"ImageObject\",\"inLanguage\":\"pt\",\"@id\":\"https:\/\/mycapil.com\/pt-br\/o-que-e-botox-capilar-e-para-que-serve\/#primaryimage\",\"url\":\"https:\/\/mycapil.com\/wp-content\/uploads\/2022\/09\/botox-capilar-1-scaled.jpg\",\"contentUrl\":\"https:\/\/mycapil.com\/wp-content\/uploads\/2022\/09\/botox-capilar-1-scaled.jpg\",\"width\":2560,\"height\":1677},{\"@type\":\"BreadcrumbList\",\"@id\":\"https:\/\/mycapil.com\/pt-br\/o-que-e-botox-capilar-e-para-que-serve\/#breadcrumb\",\"itemListElement\":[{\"@type\":\"ListItem\",\"position\":1,\"name\":\"Home\",\"item\":\"https:\/\/mycapil.com\/pt-br\/\"},{\"@type\":\"ListItem\",\"position\":2,\"name\":\"O que \u00e9 botox capilar e para que serve?\"}]},{\"@type\":\"WebSite\",\"@id\":\"https:\/\/mycapil.com\/pt-br\/#website\",\"url\":\"https:\/\/mycapil.com\/pt-br\/\",\"name\":\"MyCapil\",\"description\":\"Alopecia, queda de cabelo, capilar\",\"publisher\":{\"@id\":\"https:\/\/mycapil.com\/pt-br\/#organization\"},\"potentialAction\":[{\"@type\":\"SearchAction\",\"target\":{\"@type\":\"EntryPoint\",\"urlTemplate\":\"https:\/\/mycapil.com\/pt-br\/?s={search_term_string}\"},\"query-input\":{\"@type\":\"PropertyValueSpecification\",\"valueRequired\":true,\"valueName\":\"search_term_string\"}}],\"inLanguage\":\"pt\"},{\"@type\":\"Organization\",\"@id\":\"https:\/\/mycapil.com\/pt-br\/#organization\",\"name\":\"MyCapil\",\"url\":\"https:\/\/mycapil.com\/pt-br\/\",\"logo\":{\"@type\":\"ImageObject\",\"inLanguage\":\"pt\",\"@id\":\"https:\/\/mycapil.com\/pt-br\/#\/schema\/logo\/image\/\",\"url\":\"https:\/\/mycapil.com\/wp-content\/uploads\/2020\/02\/Mycapil3.png\",\"contentUrl\":\"https:\/\/mycapil.com\/wp-content\/uploads\/2020\/02\/Mycapil3.png\",\"width\":339,\"height\":113,\"caption\":\"MyCapil\"},\"image\":{\"@id\":\"https:\/\/mycapil.com\/pt-br\/#\/schema\/logo\/image\/\"}},{\"@type\":\"Person\",\"@id\":\"https:\/\/mycapil.com\/pt-br\/#\/schema\/person\/edb7928a381976a0b94e47505ff847d5\",\"name\":\"MyCapil\",\"image\":{\"@type\":\"ImageObject\",\"inLanguage\":\"pt\",\"@id\":\"https:\/\/mycapil.com\/pt-br\/#\/schema\/person\/image\/\",\"url\":\"https:\/\/secure.gravatar.com\/avatar\/7d6a4dd75e3893e11a15320ce302770387ef8f0b488173747313e3e308c679b0?s=96&d=mm&r=g\",\"contentUrl\":\"https:\/\/secure.gravatar.com\/avatar\/7d6a4dd75e3893e11a15320ce302770387ef8f0b488173747313e3e308c679b0?s=96&d=mm&r=g\",\"caption\":\"MyCapil\"}}]}<\/script>\n<!-- \/ Yoast SEO plugin. -->","yoast_head_json":{"title":"O que \u00e9 botox capilar e para que serve? - MyCapil \u2714\ufe0f","description":"Neste artigo vamos falar sobre O que \u00e9 botox capilar e para que serve? . Visite nosso blog","robots":{"index":"index","follow":"follow","max-snippet":"max-snippet:-1","max-image-preview":"max-image-preview:large","max-video-preview":"max-video-preview:-1"},"canonical":"https:\/\/mycapil.com\/pt-br\/o-que-e-botox-capilar-e-para-que-serve\/","og_locale":"pt_PT","og_type":"article","og_title":"O que \u00e9 botox capilar e para que serve? - MyCapil \u2714\ufe0f","og_description":"Neste artigo vamos falar sobre O que \u00e9 botox capilar e para que serve? . Visite nosso blog","og_url":"https:\/\/mycapil.com\/pt-br\/o-que-e-botox-capilar-e-para-que-serve\/","og_site_name":"MyCapil","article_published_time":"2022-09-09T12:51:13+00:00","og_image":[{"width":2560,"height":1677,"url":"https:\/\/mycapil.com\/wp-content\/uploads\/2022\/09\/botox-capilar-1-scaled.jpg","type":"image\/jpeg"}],"author":"MyCapil","twitter_card":"summary_large_image","twitter_misc":{"Written by":"MyCapil","Est. reading time":"5 minutes"},"schema":{"@context":"https:\/\/schema.org","@graph":[{"@type":"Article","@id":"https:\/\/mycapil.com\/pt-br\/o-que-e-botox-capilar-e-para-que-serve\/#article","isPartOf":{"@id":"https:\/\/mycapil.com\/pt-br\/o-que-e-botox-capilar-e-para-que-serve\/"},"author":{"name":"MyCapil","@id":"https:\/\/mycapil.com\/pt-br\/#\/schema\/person\/edb7928a381976a0b94e47505ff847d5"},"headline":"O que \u00e9 botox capilar e para que serve?","datePublished":"2022-09-09T12:51:13+00:00","mainEntityOfPage":{"@id":"https:\/\/mycapil.com\/pt-br\/o-que-e-botox-capilar-e-para-que-serve\/"},"wordCount":1025,"commentCount":0,"publisher":{"@id":"https:\/\/mycapil.com\/pt-br\/#organization"},"image":{"@id":"https:\/\/mycapil.com\/pt-br\/o-que-e-botox-capilar-e-para-que-serve\/#primaryimage"},"thumbnailUrl":"https:\/\/mycapil.com\/wp-content\/uploads\/2022\/09\/botox-capilar-1-scaled.jpg","articleSection":["Not\u00edcia"],"inLanguage":"pt","potentialAction":[{"@type":"CommentAction","name":"Comment","target":["https:\/\/mycapil.com\/pt-br\/o-que-e-botox-capilar-e-para-que-serve\/#respond"]}]},{"@type":"WebPage","@id":"https:\/\/mycapil.com\/pt-br\/o-que-e-botox-capilar-e-para-que-serve\/","url":"https:\/\/mycapil.com\/pt-br\/o-que-e-botox-capilar-e-para-que-serve\/","name":"O que \u00e9 botox capilar e para que serve? - MyCapil \u2714\ufe0f","isPartOf":{"@id":"https:\/\/mycapil.com\/pt-br\/#website"},"primaryImageOfPage":{"@id":"https:\/\/mycapil.com\/pt-br\/o-que-e-botox-capilar-e-para-que-serve\/#primaryimage"},"image":{"@id":"https:\/\/mycapil.com\/pt-br\/o-que-e-botox-capilar-e-para-que-serve\/#primaryimage"},"thumbnailUrl":"https:\/\/mycapil.com\/wp-content\/uploads\/2022\/09\/botox-capilar-1-scaled.jpg","datePublished":"2022-09-09T12:51:13+00:00","description":"Neste artigo vamos falar sobre O que \u00e9 botox capilar e para que serve? . Visite nosso blog","breadcrumb":{"@id":"https:\/\/mycapil.com\/pt-br\/o-que-e-botox-capilar-e-para-que-serve\/#breadcrumb"},"inLanguage":"pt","potentialAction":[{"@type":"ReadAction","target":["https:\/\/mycapil.com\/pt-br\/o-que-e-botox-capilar-e-para-que-serve\/"]}]},{"@type":"ImageObject","inLanguage":"pt","@id":"https:\/\/mycapil.com\/pt-br\/o-que-e-botox-capilar-e-para-que-serve\/#primaryimage","url":"https:\/\/mycapil.com\/wp-content\/uploads\/2022\/09\/botox-capilar-1-scaled.jpg","contentUrl":"https:\/\/mycapil.com\/wp-content\/uploads\/2022\/09\/botox-capilar-1-scaled.jpg","width":2560,"height":1677},{"@type":"BreadcrumbList","@id":"https:\/\/mycapil.com\/pt-br\/o-que-e-botox-capilar-e-para-que-serve\/#breadcrumb","itemListElement":[{"@type":"ListItem","position":1,"name":"Home","item":"https:\/\/mycapil.com\/pt-br\/"},{"@type":"ListItem","position":2,"name":"O que \u00e9 botox capilar e para que serve?"}]},{"@type":"WebSite","@id":"https:\/\/mycapil.com\/pt-br\/#website","url":"https:\/\/mycapil.com\/pt-br\/","name":"MyCapil","description":"Alopecia, queda de cabelo, capilar","publisher":{"@id":"https:\/\/mycapil.com\/pt-br\/#organization"},"potentialAction":[{"@type":"SearchAction","target":{"@type":"EntryPoint","urlTemplate":"https:\/\/mycapil.com\/pt-br\/?s={search_term_string}"},"query-input":{"@type":"PropertyValueSpecification","valueRequired":true,"valueName":"search_term_string"}}],"inLanguage":"pt"},{"@type":"Organization","@id":"https:\/\/mycapil.com\/pt-br\/#organization","name":"MyCapil","url":"https:\/\/mycapil.com\/pt-br\/","logo":{"@type":"ImageObject","inLanguage":"pt","@id":"https:\/\/mycapil.com\/pt-br\/#\/schema\/logo\/image\/","url":"https:\/\/mycapil.com\/wp-content\/uploads\/2020\/02\/Mycapil3.png","contentUrl":"https:\/\/mycapil.com\/wp-content\/uploads\/2020\/02\/Mycapil3.png","width":339,"height":113,"caption":"MyCapil"},"image":{"@id":"https:\/\/mycapil.com\/pt-br\/#\/schema\/logo\/image\/"}},{"@type":"Person","@id":"https:\/\/mycapil.com\/pt-br\/#\/schema\/person\/edb7928a381976a0b94e47505ff847d5","name":"MyCapil","image":{"@type":"ImageObject","inLanguage":"pt","@id":"https:\/\/mycapil.com\/pt-br\/#\/schema\/person\/image\/","url":"https:\/\/secure.gravatar.com\/avatar\/7d6a4dd75e3893e11a15320ce302770387ef8f0b488173747313e3e308c679b0?s=96&d=mm&r=g","contentUrl":"https:\/\/secure.gravatar.com\/avatar\/7d6a4dd75e3893e11a15320ce302770387ef8f0b488173747313e3e308c679b0?s=96&d=mm&r=g","caption":"MyCapil"}}]}},"_links":{"self":[{"href":"https:\/\/mycapil.com\/pt-br\/wp-json\/wp\/v2\/posts\/8791","targetHints":{"allow":["GET"]}}],"collection":[{"href":"https:\/\/mycapil.com\/pt-br\/wp-json\/wp\/v2\/posts"}],"about":[{"href":"https:\/\/mycapil.com\/pt-br\/wp-json\/wp\/v2\/types\/post"}],"author":[{"embeddable":true,"href":"https:\/\/mycapil.com\/pt-br\/wp-json\/wp\/v2\/users\/2"}],"replies":[{"embeddable":true,"href":"https:\/\/mycapil.com\/pt-br\/wp-json\/wp\/v2\/comments?post=8791"}],"version-history":[{"count":1,"href":"https:\/\/mycapil.com\/pt-br\/wp-json\/wp\/v2\/posts\/8791\/revisions"}],"predecessor-version":[{"id":8802,"href":"https:\/\/mycapil.com\/pt-br\/wp-json\/wp\/v2\/posts\/8791\/revisions\/8802"}],"wp:featuredmedia":[{"embeddable":true,"href":"https:\/\/mycapil.com\/pt-br\/wp-json\/wp\/v2\/media\/8797"}],"wp:attachment":[{"href":"https:\/\/mycapil.com\/pt-br\/wp-json\/wp\/v2\/media?parent=8791"}],"wp:term":[{"taxonomy":"category","embeddable":true,"href":"https:\/\/mycapil.com\/pt-br\/wp-json\/wp\/v2\/categories?post=8791"},{"taxonomy":"post_tag","embeddable":true,"href":"https:\/\/mycapil.com\/pt-br\/wp-json\/wp\/v2\/tags?post=8791"}],"curies":[{"name":"wp","href":"https:\/\/api.w.org\/{rel}","templated":true}]}}