{"id":8942,"date":"2022-09-24T13:12:35","date_gmt":"2022-09-24T17:12:35","guid":{"rendered":"https:\/\/mycapil.com\/?p=8942"},"modified":"2022-09-24T13:12:35","modified_gmt":"2022-09-24T17:12:35","slug":"o-que-sao-esfoliantes-capilares-e-como-usa-los","status":"publish","type":"post","link":"https:\/\/mycapil.com\/pt-br\/o-que-sao-esfoliantes-capilares-e-como-usa-los\/","title":{"rendered":"O que s\u00e3o esfoliantes capilares e como us\u00e1-los?"},"content":{"rendered":"<p><span style=\"font-weight: 400\">Voc\u00ea j\u00e1 usou esfoliante capilar alguma vez na sua vida? Se a resposta for n\u00e3o, fique tranquila, pois est\u00e1 entre a maioria das pessoas. Quando falamos em cuidados com os cabelos, s\u00f3 pensamos em m\u00e1scaras, cremes hidratantes e condicionadores. Saiba que o esfoliante \u00e9 um produto t\u00e3o importante e at\u00e9 mais que os outros para a sa\u00fade capilar.<\/span><\/p>\n<p><span style=\"font-weight: 400\">Assim como a pele precisa da esfolia\u00e7\u00e3o para remover as c\u00e9lulas mortas e renovar a derme, o couro cabeludo tamb\u00e9m necessita disso. O esfoliante capilar traz diversos benef\u00edcios n\u00e3o apenas para a pele da cabe\u00e7a, mas tamb\u00e9m para os cabelos.<\/span><\/p>\n<p><span style=\"font-weight: 400\">Entenda agora o que \u00e9 a esfolia\u00e7\u00e3o dos fios e como deve ser feito esse procedimento.<\/span><\/p>\n<h2><span style=\"font-weight: 400\">O que \u00e9 o esfoliante capilar?<\/span><\/h2>\n<p><span style=\"font-weight: 400\">O esfoliante capilar \u00e9 como um peeling do couro cabeludo para remover as impurezas dos fios provenientes de res\u00edduos de produtos aplicados ou da polui\u00e7\u00e3o, realizando uma limpeza profunda e intensa que n\u00e3o \u00e9 poss\u00edvel pela higieniza\u00e7\u00e3o com shampoo e condicionador.\u00a0<\/span><\/p>\n<p><span style=\"font-weight: 400\">A massagem que \u00e9 realizada no couro cabeludo durante a esfolia\u00e7\u00e3o estimula a circula\u00e7\u00e3o sangu\u00ednea no local, o que ajuda a restaurar a sa\u00fade e beleza dos cabelos e favorece o crescimento dos mesmos.<\/span><\/p>\n<h2><span style=\"font-weight: 400\">Benef\u00edcios da esfolia\u00e7\u00e3o capilar<\/span><\/h2>\n<ol>\n<li><span style=\"font-weight: 400\">Limpeza profunda: remove as c\u00e9lulas mortas e sujeiras acumuladas no couro cabeludo, n\u00e3o retiradas na lavagem com shampoos.<\/span><\/li>\n<li><span style=\"font-weight: 400\">Hidrata\u00e7\u00e3o e nutri\u00e7\u00e3o: com a limpeza profunda da esfolia\u00e7\u00e3o capilar, o couro cabeludo fica melhor preparado para absorver os nutrientes dos produtos para hidrata\u00e7\u00e3o e nutri\u00e7\u00e3o dos fios.<\/span><\/li>\n<li><span style=\"font-weight: 400\">Crescimento dos fios: ao estimular a circula\u00e7\u00e3o sangu\u00ednea do couro cabeludo os nutrientes chegam at\u00e9 os fol\u00edculos capilares, auxiliando no crescimento e evitando a queda de cabelo.<\/span><\/li>\n<li><span style=\"font-weight: 400\">Diminui\u00e7\u00e3o da oleosidade: o esfoliante remove res\u00edduos acumulados no couro cabeludo que obstruem os poros e causam a oleosidade nos cabelos.\u00a0<\/span><\/li>\n<li><span style=\"font-weight: 400\">Anticaspa: ao reduzir a oleosidade dos fios, a esfolia\u00e7\u00e3o capilar combate a caspa, normalmente provocada pelo excesso de sebo.\u00a0<\/span><\/li>\n<li><span style=\"font-weight: 400\">Equil\u00edbrio do pH do couro cabeludo: o esfoliante capilar auxilia na manuten\u00e7\u00e3o e equil\u00edbrio do pH da cabe\u00e7a.<\/span><\/li>\n<\/ol>\n<h2><span style=\"font-weight: 400\">Como usar o esfoliante capilar?<\/span><\/h2>\n<p><span style=\"font-weight: 400\">O esfoliante capilar pode ser encontrado no mercado para compra ou pode ser feito em casa. Existem algumas receitas caseiras para esfolia\u00e7\u00e3o do couro cabeludo, como apresentaremos a seguir.\u00a0<\/span><\/p>\n<p><span style=\"font-weight: 400\">A aplica\u00e7\u00e3o do esfoliante pode ser realizada tanto no cabelo molhado quanto seco. <\/span><span style=\"font-weight: 400\">Para o bom resultado desse tratamento, \u00e9 fundamental massagear bem o <a href=\"https:\/\/www.capilclinic.com.br\/como-cuidar-do-seu-couro-cabeludo\/\">couro cabeludo<\/a> quando passar o produto. Ap\u00f3s aplicar, enxaguar os cabelos com um shampoo espec\u00edfico para o tipo de fio e usar soro fisiol\u00f3gico para acalmar a pele de uma poss\u00edvel irrita\u00e7\u00e3o que \u00e9 normal ap\u00f3s a esfolia\u00e7\u00e3o.<\/span><\/p>\n<p><span style=\"font-weight: 400\">Confira 2 receitas caseiras e econ\u00f4micas de esfoliante capilar para voc\u00ea fazer em casa e se beneficiar com esse procedimento que deixa os cabelos bonitos e saud\u00e1veis.<\/span><\/p>\n<h3><span style=\"font-weight: 400\">Esfoliante com iogurte natural<\/span><\/h3>\n<p><span style=\"font-weight: 400\">Ingredientes:<\/span><\/p>\n<p><span style=\"font-weight: 400\">1 colher de a\u00e7\u00facar mascavo ou cristal<\/span><\/p>\n<p><span style=\"font-weight: 400\">1 colher de iogurte natural<\/span><\/p>\n<p><span style=\"font-weight: 400\">Modo de preparo:<\/span><\/p>\n<ul>\n<li style=\"font-weight: 400\"><span style=\"font-weight: 400\">misturar o iogurte com o a\u00e7\u00facar e passar no couro cabeludo \u00famido;<\/span><\/li>\n<li style=\"font-weight: 400\"><span style=\"font-weight: 400\">massagear a cabe\u00e7a fazendo movimentos circulares por 2 a 3 minutos;<\/span><\/li>\n<li style=\"font-weight: 400\"><span style=\"font-weight: 400\">enxaguar os cabelos retirando a mistura;<\/span><\/li>\n<li style=\"font-weight: 400\"><span style=\"font-weight: 400\">lavar os cabelos normalmente.<\/span><\/li>\n<\/ul>\n<h3><span style=\"font-weight: 400\">Esfoliante caseiro com babosa<\/span><\/h3>\n<p><span style=\"font-weight: 400\">Ingredientes:<\/span><\/p>\n<p><span style=\"font-weight: 400\">2 colheres de gel de babosa<\/span><\/p>\n<p><span style=\"font-weight: 400\">1 colher de a\u00e7\u00facar mascavo<\/span><\/p>\n<p><span style=\"font-weight: 400\">Modo de preparo:<\/span><\/p>\n<ul>\n<li style=\"font-weight: 400\"><span style=\"font-weight: 400\">misturar o gel de babosa com\u00a0 o a\u00e7\u00facar (pode substituir o a\u00e7\u00facar mascavo por a\u00e7\u00facar cristal);<\/span><\/li>\n<li style=\"font-weight: 400\"><span style=\"font-weight: 400\">aplicar a mistura no couro cabeludo;<\/span><\/li>\n<li style=\"font-weight: 400\"><span style=\"font-weight: 400\">aquecer uma toalha com \u00e1gua quente e enrolar na cabe\u00e7a;<\/span><\/li>\n<li style=\"font-weight: 400\"><span style=\"font-weight: 400\">aguardar por 25 a 30 minutos;<\/span><\/li>\n<li style=\"font-weight: 400\"><span style=\"font-weight: 400\">retirar a toalha e massagear por 3 ou 4 minutos;<\/span><\/li>\n<li style=\"font-weight: 400\"><span style=\"font-weight: 400\">lavar e finalizar como de costume.<\/span><\/li>\n<\/ul>\n<p><img loading=\"lazy\" decoding=\"async\" class=\"alignnone size-large wp-image-8943\" src=\"https:\/\/mycapil.com\/wp-content\/uploads\/2022\/09\/esfoliacao-3-1024x683.jpg\" alt=\"\" width=\"696\" height=\"464\" srcset=\"https:\/\/mycapil.com\/wp-content\/uploads\/2022\/09\/esfoliacao-3-1024x683.jpg 1024w, https:\/\/mycapil.com\/wp-content\/uploads\/2022\/09\/esfoliacao-3-300x200.jpg 300w, https:\/\/mycapil.com\/wp-content\/uploads\/2022\/09\/esfoliacao-3-768x512.jpg 768w, https:\/\/mycapil.com\/wp-content\/uploads\/2022\/09\/esfoliacao-3-1536x1024.jpg 1536w, https:\/\/mycapil.com\/wp-content\/uploads\/2022\/09\/esfoliacao-3-2048x1365.jpg 2048w, https:\/\/mycapil.com\/wp-content\/uploads\/2022\/09\/esfoliacao-3-150x100.jpg 150w, https:\/\/mycapil.com\/wp-content\/uploads\/2022\/09\/esfoliacao-3-696x464.jpg 696w, https:\/\/mycapil.com\/wp-content\/uploads\/2022\/09\/esfoliacao-3-1068x712.jpg 1068w, https:\/\/mycapil.com\/wp-content\/uploads\/2022\/09\/esfoliacao-3-1920x1280.jpg 1920w, https:\/\/mycapil.com\/wp-content\/uploads\/2022\/09\/esfoliacao-3-630x420.jpg 630w\" sizes=\"auto, (max-width: 696px) 100vw, 696px\" \/><\/p>\n<h3><span style=\"font-weight: 400\">Esfoliante caseiro com caf\u00e9<\/span><\/h3>\n<p><span style=\"font-weight: 400\">Ingredientes:<\/span><\/p>\n<p><span style=\"font-weight: 400\">1 colher (sopa) de borra de caf\u00e9<\/span><\/p>\n<p><span style=\"font-weight: 400\">2 colheres (sopa) de a\u00e7\u00facar cristal<\/span><\/p>\n<p><span style=\"font-weight: 400\">1 colher (sopa) de \u00e1gua<\/span><\/p>\n<p><span style=\"font-weight: 400\">Modo de preparo:<\/span><\/p>\n<ul>\n<li style=\"font-weight: 400\"><span style=\"font-weight: 400\">misturar bem os ingredientes at\u00e9 formar uma pasta;<\/span><\/li>\n<li style=\"font-weight: 400\"><span style=\"font-weight: 400\">aplicar no couro cabeludo massageando suavemente;<\/span><\/li>\n<li style=\"font-weight: 400\"><span style=\"font-weight: 400\">colocar uma touca na cabe\u00e7a e deixar agir por 5 minutos;<\/span><\/li>\n<li style=\"font-weight: 400\"><span style=\"font-weight: 400\">lavar e finalizar normalmente.<\/span><\/li>\n<\/ul>\n<h3><span style=\"font-weight: 400\">Esfoliante caseiro com maracuj\u00e1<\/span><\/h3>\n<p><span style=\"font-weight: 400\">Ingredientes:<\/span><\/p>\n<p><span style=\"font-weight: 400\">3 Maracuj\u00e1s<\/span><\/p>\n<p><span style=\"font-weight: 400\">200ml de shampoo<\/span><\/p>\n<p><span style=\"font-weight: 400\">Modo de preparo:<\/span><\/p>\n<ul>\n<li style=\"font-weight: 400\"><span style=\"font-weight: 400\">bater no liquidificador a polpa dos maracuj\u00e1s com um pouco de \u00e1gua at\u00e9 ficarem bem triturados\u00a0<\/span><\/li>\n<li style=\"font-weight: 400\"><span style=\"font-weight: 400\">coar e separar o suco<\/span><\/li>\n<li style=\"font-weight: 400\"><span style=\"font-weight: 400\">colocar para secar ao sol durante algumas horas o que ficar na peneira<\/span><\/li>\n<li style=\"font-weight: 400\"><span style=\"font-weight: 400\">depois que estiver bem seco, adicionar as sementes no shampoo<\/span><\/li>\n<\/ul>\n<h3><span style=\"font-weight: 400\">Com que frequ\u00eancia posso esfoliar o couro cabeludo?<\/span><\/h3>\n<p><span style=\"font-weight: 400\">O esfoliante capilar n\u00e3o deve ser usado diariamente para n\u00e3o agredir a pele da cabe\u00e7a.\u00a0<\/span><span style=\"font-weight: 400\">Procure pela orienta\u00e7\u00e3o de um profissional para avaliar a frequ\u00eancia necess\u00e1ria para o procedimento de acordo com as caracter\u00edsticas do seu couro cabeludo e cabelo.\u00a0<\/span><\/p>\n<p><span style=\"font-weight: 400\">A periodicidade para fazer a esfolia\u00e7\u00e3o capilar varia conforme o tipo de cabelo e o esfoliante que ser\u00e1 usado. Geralmente, a esfolia\u00e7\u00e3o caseira deve ser feita semanal ou quinzenalmente para obter um resultado eficaz. No caso de um esfoliante de sal\u00e3o de beleza, o intervalo recomendado entre as sess\u00f5es \u00e9 mensal, uma vez que o produto tem maior intensidade.<\/span><\/p>\n<p>&nbsp;<\/p>\n","protected":false},"excerpt":{"rendered":"<p>Voc\u00ea j\u00e1 usou esfoliante capilar alguma vez na sua vida? Se a resposta for n\u00e3o, fique tranquila, pois est\u00e1 entre a maioria das pessoas. Quando falamos em cuidados com os cabelos, s\u00f3 pensamos em m\u00e1scaras, cremes hidratantes e condicionadores. Saiba que o esfoliante \u00e9 um produto t\u00e3o importante e at\u00e9 mais que os outros para [&hellip;]<\/p>\n","protected":false},"author":2,"featured_media":8581,"comment_status":"open","ping_status":"open","sticky":false,"template":"","format":"standard","meta":{"footnotes":""},"categories":[56],"tags":[],"class_list":{"0":"post-8942","1":"post","2":"type-post","3":"status-publish","4":"format-standard","5":"has-post-thumbnail","7":"category-noticia"},"yoast_head":"<!-- This site is optimized with the Yoast SEO plugin v25.9 - https:\/\/yoast.com\/wordpress\/plugins\/seo\/ -->\n<title>O que s\u00e3o esfoliantes capilares e como us\u00e1-los? - MyCapil \u2714\ufe0f<\/title>\n<meta name=\"description\" content=\"Neste artigo vamos falar sobre O que s\u00e3o esfoliantes capilares e como us\u00e1-los? . Visite nosso blog\" \/>\n<meta name=\"robots\" content=\"index, follow, max-snippet:-1, max-image-preview:large, max-video-preview:-1\" \/>\n<link rel=\"canonical\" href=\"https:\/\/mycapil.com\/pt-br\/o-que-sao-esfoliantes-capilares-e-como-usa-los\/\" \/>\n<meta property=\"og:locale\" content=\"pt_PT\" \/>\n<meta property=\"og:type\" content=\"article\" \/>\n<meta property=\"og:title\" content=\"O que s\u00e3o esfoliantes capilares e como us\u00e1-los? - MyCapil \u2714\ufe0f\" \/>\n<meta property=\"og:description\" content=\"Neste artigo vamos falar sobre O que s\u00e3o esfoliantes capilares e como us\u00e1-los? . Visite nosso blog\" \/>\n<meta property=\"og:url\" content=\"https:\/\/mycapil.com\/pt-br\/o-que-sao-esfoliantes-capilares-e-como-usa-los\/\" \/>\n<meta property=\"og:site_name\" content=\"MyCapil\" \/>\n<meta property=\"article:published_time\" content=\"2022-09-24T17:12:35+00:00\" \/>\n<meta property=\"og:image\" content=\"https:\/\/mycapil.com\/wp-content\/uploads\/2022\/08\/healthy-hair-3.jpg\" \/>\n\t<meta property=\"og:image:width\" content=\"600\" \/>\n\t<meta property=\"og:image:height\" content=\"400\" \/>\n\t<meta property=\"og:image:type\" content=\"image\/jpeg\" \/>\n<meta name=\"author\" content=\"MyCapil\" \/>\n<meta name=\"twitter:card\" content=\"summary_large_image\" \/>\n<meta name=\"twitter:label1\" content=\"Written by\" \/>\n\t<meta name=\"twitter:data1\" content=\"MyCapil\" \/>\n\t<meta name=\"twitter:label2\" content=\"Est. reading time\" \/>\n\t<meta name=\"twitter:data2\" content=\"4 minutes\" \/>\n<script type=\"application\/ld+json\" class=\"yoast-schema-graph\">{\"@context\":\"https:\/\/schema.org\",\"@graph\":[{\"@type\":\"Article\",\"@id\":\"https:\/\/mycapil.com\/pt-br\/o-que-sao-esfoliantes-capilares-e-como-usa-los\/#article\",\"isPartOf\":{\"@id\":\"https:\/\/mycapil.com\/pt-br\/o-que-sao-esfoliantes-capilares-e-como-usa-los\/\"},\"author\":{\"name\":\"MyCapil\",\"@id\":\"https:\/\/mycapil.com\/pt-br\/#\/schema\/person\/edb7928a381976a0b94e47505ff847d5\"},\"headline\":\"O que s\u00e3o esfoliantes capilares e como us\u00e1-los?\",\"datePublished\":\"2022-09-24T17:12:35+00:00\",\"mainEntityOfPage\":{\"@id\":\"https:\/\/mycapil.com\/pt-br\/o-que-sao-esfoliantes-capilares-e-como-usa-los\/\"},\"wordCount\":859,\"commentCount\":0,\"publisher\":{\"@id\":\"https:\/\/mycapil.com\/pt-br\/#organization\"},\"image\":{\"@id\":\"https:\/\/mycapil.com\/pt-br\/o-que-sao-esfoliantes-capilares-e-como-usa-los\/#primaryimage\"},\"thumbnailUrl\":\"https:\/\/mycapil.com\/wp-content\/uploads\/2022\/08\/healthy-hair-3.jpg\",\"articleSection\":[\"Not\u00edcia\"],\"inLanguage\":\"pt\",\"potentialAction\":[{\"@type\":\"CommentAction\",\"name\":\"Comment\",\"target\":[\"https:\/\/mycapil.com\/pt-br\/o-que-sao-esfoliantes-capilares-e-como-usa-los\/#respond\"]}]},{\"@type\":\"WebPage\",\"@id\":\"https:\/\/mycapil.com\/pt-br\/o-que-sao-esfoliantes-capilares-e-como-usa-los\/\",\"url\":\"https:\/\/mycapil.com\/pt-br\/o-que-sao-esfoliantes-capilares-e-como-usa-los\/\",\"name\":\"O que s\u00e3o esfoliantes capilares e como us\u00e1-los? - MyCapil \u2714\ufe0f\",\"isPartOf\":{\"@id\":\"https:\/\/mycapil.com\/pt-br\/#website\"},\"primaryImageOfPage\":{\"@id\":\"https:\/\/mycapil.com\/pt-br\/o-que-sao-esfoliantes-capilares-e-como-usa-los\/#primaryimage\"},\"image\":{\"@id\":\"https:\/\/mycapil.com\/pt-br\/o-que-sao-esfoliantes-capilares-e-como-usa-los\/#primaryimage\"},\"thumbnailUrl\":\"https:\/\/mycapil.com\/wp-content\/uploads\/2022\/08\/healthy-hair-3.jpg\",\"datePublished\":\"2022-09-24T17:12:35+00:00\",\"description\":\"Neste artigo vamos falar sobre O que s\u00e3o esfoliantes capilares e como us\u00e1-los? . Visite nosso blog\",\"breadcrumb\":{\"@id\":\"https:\/\/mycapil.com\/pt-br\/o-que-sao-esfoliantes-capilares-e-como-usa-los\/#breadcrumb\"},\"inLanguage\":\"pt\",\"potentialAction\":[{\"@type\":\"ReadAction\",\"target\":[\"https:\/\/mycapil.com\/pt-br\/o-que-sao-esfoliantes-capilares-e-como-usa-los\/\"]}]},{\"@type\":\"ImageObject\",\"inLanguage\":\"pt\",\"@id\":\"https:\/\/mycapil.com\/pt-br\/o-que-sao-esfoliantes-capilares-e-como-usa-los\/#primaryimage\",\"url\":\"https:\/\/mycapil.com\/wp-content\/uploads\/2022\/08\/healthy-hair-3.jpg\",\"contentUrl\":\"https:\/\/mycapil.com\/wp-content\/uploads\/2022\/08\/healthy-hair-3.jpg\",\"width\":600,\"height\":400,\"caption\":\"healthy hair\"},{\"@type\":\"BreadcrumbList\",\"@id\":\"https:\/\/mycapil.com\/pt-br\/o-que-sao-esfoliantes-capilares-e-como-usa-los\/#breadcrumb\",\"itemListElement\":[{\"@type\":\"ListItem\",\"position\":1,\"name\":\"Home\",\"item\":\"https:\/\/mycapil.com\/pt-br\/\"},{\"@type\":\"ListItem\",\"position\":2,\"name\":\"O que s\u00e3o esfoliantes capilares e como us\u00e1-los?\"}]},{\"@type\":\"WebSite\",\"@id\":\"https:\/\/mycapil.com\/pt-br\/#website\",\"url\":\"https:\/\/mycapil.com\/pt-br\/\",\"name\":\"MyCapil\",\"description\":\"Alopecia, queda de cabelo, capilar\",\"publisher\":{\"@id\":\"https:\/\/mycapil.com\/pt-br\/#organization\"},\"potentialAction\":[{\"@type\":\"SearchAction\",\"target\":{\"@type\":\"EntryPoint\",\"urlTemplate\":\"https:\/\/mycapil.com\/pt-br\/?s={search_term_string}\"},\"query-input\":{\"@type\":\"PropertyValueSpecification\",\"valueRequired\":true,\"valueName\":\"search_term_string\"}}],\"inLanguage\":\"pt\"},{\"@type\":\"Organization\",\"@id\":\"https:\/\/mycapil.com\/pt-br\/#organization\",\"name\":\"MyCapil\",\"url\":\"https:\/\/mycapil.com\/pt-br\/\",\"logo\":{\"@type\":\"ImageObject\",\"inLanguage\":\"pt\",\"@id\":\"https:\/\/mycapil.com\/pt-br\/#\/schema\/logo\/image\/\",\"url\":\"https:\/\/mycapil.com\/wp-content\/uploads\/2020\/02\/Mycapil3.png\",\"contentUrl\":\"https:\/\/mycapil.com\/wp-content\/uploads\/2020\/02\/Mycapil3.png\",\"width\":339,\"height\":113,\"caption\":\"MyCapil\"},\"image\":{\"@id\":\"https:\/\/mycapil.com\/pt-br\/#\/schema\/logo\/image\/\"}},{\"@type\":\"Person\",\"@id\":\"https:\/\/mycapil.com\/pt-br\/#\/schema\/person\/edb7928a381976a0b94e47505ff847d5\",\"name\":\"MyCapil\",\"image\":{\"@type\":\"ImageObject\",\"inLanguage\":\"pt\",\"@id\":\"https:\/\/mycapil.com\/pt-br\/#\/schema\/person\/image\/\",\"url\":\"https:\/\/secure.gravatar.com\/avatar\/7d6a4dd75e3893e11a15320ce302770387ef8f0b488173747313e3e308c679b0?s=96&d=mm&r=g\",\"contentUrl\":\"https:\/\/secure.gravatar.com\/avatar\/7d6a4dd75e3893e11a15320ce302770387ef8f0b488173747313e3e308c679b0?s=96&d=mm&r=g\",\"caption\":\"MyCapil\"}}]}<\/script>\n<!-- \/ Yoast SEO plugin. -->","yoast_head_json":{"title":"O que s\u00e3o esfoliantes capilares e como us\u00e1-los? - MyCapil \u2714\ufe0f","description":"Neste artigo vamos falar sobre O que s\u00e3o esfoliantes capilares e como us\u00e1-los? . Visite nosso blog","robots":{"index":"index","follow":"follow","max-snippet":"max-snippet:-1","max-image-preview":"max-image-preview:large","max-video-preview":"max-video-preview:-1"},"canonical":"https:\/\/mycapil.com\/pt-br\/o-que-sao-esfoliantes-capilares-e-como-usa-los\/","og_locale":"pt_PT","og_type":"article","og_title":"O que s\u00e3o esfoliantes capilares e como us\u00e1-los? - MyCapil \u2714\ufe0f","og_description":"Neste artigo vamos falar sobre O que s\u00e3o esfoliantes capilares e como us\u00e1-los? . Visite nosso blog","og_url":"https:\/\/mycapil.com\/pt-br\/o-que-sao-esfoliantes-capilares-e-como-usa-los\/","og_site_name":"MyCapil","article_published_time":"2022-09-24T17:12:35+00:00","og_image":[{"width":600,"height":400,"url":"https:\/\/mycapil.com\/wp-content\/uploads\/2022\/08\/healthy-hair-3.jpg","type":"image\/jpeg"}],"author":"MyCapil","twitter_card":"summary_large_image","twitter_misc":{"Written by":"MyCapil","Est. reading time":"4 minutes"},"schema":{"@context":"https:\/\/schema.org","@graph":[{"@type":"Article","@id":"https:\/\/mycapil.com\/pt-br\/o-que-sao-esfoliantes-capilares-e-como-usa-los\/#article","isPartOf":{"@id":"https:\/\/mycapil.com\/pt-br\/o-que-sao-esfoliantes-capilares-e-como-usa-los\/"},"author":{"name":"MyCapil","@id":"https:\/\/mycapil.com\/pt-br\/#\/schema\/person\/edb7928a381976a0b94e47505ff847d5"},"headline":"O que s\u00e3o esfoliantes capilares e como us\u00e1-los?","datePublished":"2022-09-24T17:12:35+00:00","mainEntityOfPage":{"@id":"https:\/\/mycapil.com\/pt-br\/o-que-sao-esfoliantes-capilares-e-como-usa-los\/"},"wordCount":859,"commentCount":0,"publisher":{"@id":"https:\/\/mycapil.com\/pt-br\/#organization"},"image":{"@id":"https:\/\/mycapil.com\/pt-br\/o-que-sao-esfoliantes-capilares-e-como-usa-los\/#primaryimage"},"thumbnailUrl":"https:\/\/mycapil.com\/wp-content\/uploads\/2022\/08\/healthy-hair-3.jpg","articleSection":["Not\u00edcia"],"inLanguage":"pt","potentialAction":[{"@type":"CommentAction","name":"Comment","target":["https:\/\/mycapil.com\/pt-br\/o-que-sao-esfoliantes-capilares-e-como-usa-los\/#respond"]}]},{"@type":"WebPage","@id":"https:\/\/mycapil.com\/pt-br\/o-que-sao-esfoliantes-capilares-e-como-usa-los\/","url":"https:\/\/mycapil.com\/pt-br\/o-que-sao-esfoliantes-capilares-e-como-usa-los\/","name":"O que s\u00e3o esfoliantes capilares e como us\u00e1-los? - MyCapil \u2714\ufe0f","isPartOf":{"@id":"https:\/\/mycapil.com\/pt-br\/#website"},"primaryImageOfPage":{"@id":"https:\/\/mycapil.com\/pt-br\/o-que-sao-esfoliantes-capilares-e-como-usa-los\/#primaryimage"},"image":{"@id":"https:\/\/mycapil.com\/pt-br\/o-que-sao-esfoliantes-capilares-e-como-usa-los\/#primaryimage"},"thumbnailUrl":"https:\/\/mycapil.com\/wp-content\/uploads\/2022\/08\/healthy-hair-3.jpg","datePublished":"2022-09-24T17:12:35+00:00","description":"Neste artigo vamos falar sobre O que s\u00e3o esfoliantes capilares e como us\u00e1-los? . Visite nosso blog","breadcrumb":{"@id":"https:\/\/mycapil.com\/pt-br\/o-que-sao-esfoliantes-capilares-e-como-usa-los\/#breadcrumb"},"inLanguage":"pt","potentialAction":[{"@type":"ReadAction","target":["https:\/\/mycapil.com\/pt-br\/o-que-sao-esfoliantes-capilares-e-como-usa-los\/"]}]},{"@type":"ImageObject","inLanguage":"pt","@id":"https:\/\/mycapil.com\/pt-br\/o-que-sao-esfoliantes-capilares-e-como-usa-los\/#primaryimage","url":"https:\/\/mycapil.com\/wp-content\/uploads\/2022\/08\/healthy-hair-3.jpg","contentUrl":"https:\/\/mycapil.com\/wp-content\/uploads\/2022\/08\/healthy-hair-3.jpg","width":600,"height":400,"caption":"healthy hair"},{"@type":"BreadcrumbList","@id":"https:\/\/mycapil.com\/pt-br\/o-que-sao-esfoliantes-capilares-e-como-usa-los\/#breadcrumb","itemListElement":[{"@type":"ListItem","position":1,"name":"Home","item":"https:\/\/mycapil.com\/pt-br\/"},{"@type":"ListItem","position":2,"name":"O que s\u00e3o esfoliantes capilares e como us\u00e1-los?"}]},{"@type":"WebSite","@id":"https:\/\/mycapil.com\/pt-br\/#website","url":"https:\/\/mycapil.com\/pt-br\/","name":"MyCapil","description":"Alopecia, queda de cabelo, capilar","publisher":{"@id":"https:\/\/mycapil.com\/pt-br\/#organization"},"potentialAction":[{"@type":"SearchAction","target":{"@type":"EntryPoint","urlTemplate":"https:\/\/mycapil.com\/pt-br\/?s={search_term_string}"},"query-input":{"@type":"PropertyValueSpecification","valueRequired":true,"valueName":"search_term_string"}}],"inLanguage":"pt"},{"@type":"Organization","@id":"https:\/\/mycapil.com\/pt-br\/#organization","name":"MyCapil","url":"https:\/\/mycapil.com\/pt-br\/","logo":{"@type":"ImageObject","inLanguage":"pt","@id":"https:\/\/mycapil.com\/pt-br\/#\/schema\/logo\/image\/","url":"https:\/\/mycapil.com\/wp-content\/uploads\/2020\/02\/Mycapil3.png","contentUrl":"https:\/\/mycapil.com\/wp-content\/uploads\/2020\/02\/Mycapil3.png","width":339,"height":113,"caption":"MyCapil"},"image":{"@id":"https:\/\/mycapil.com\/pt-br\/#\/schema\/logo\/image\/"}},{"@type":"Person","@id":"https:\/\/mycapil.com\/pt-br\/#\/schema\/person\/edb7928a381976a0b94e47505ff847d5","name":"MyCapil","image":{"@type":"ImageObject","inLanguage":"pt","@id":"https:\/\/mycapil.com\/pt-br\/#\/schema\/person\/image\/","url":"https:\/\/secure.gravatar.com\/avatar\/7d6a4dd75e3893e11a15320ce302770387ef8f0b488173747313e3e308c679b0?s=96&d=mm&r=g","contentUrl":"https:\/\/secure.gravatar.com\/avatar\/7d6a4dd75e3893e11a15320ce302770387ef8f0b488173747313e3e308c679b0?s=96&d=mm&r=g","caption":"MyCapil"}}]}},"_links":{"self":[{"href":"https:\/\/mycapil.com\/pt-br\/wp-json\/wp\/v2\/posts\/8942","targetHints":{"allow":["GET"]}}],"collection":[{"href":"https:\/\/mycapil.com\/pt-br\/wp-json\/wp\/v2\/posts"}],"about":[{"href":"https:\/\/mycapil.com\/pt-br\/wp-json\/wp\/v2\/types\/post"}],"author":[{"embeddable":true,"href":"https:\/\/mycapil.com\/pt-br\/wp-json\/wp\/v2\/users\/2"}],"replies":[{"embeddable":true,"href":"https:\/\/mycapil.com\/pt-br\/wp-json\/wp\/v2\/comments?post=8942"}],"version-history":[{"count":1,"href":"https:\/\/mycapil.com\/pt-br\/wp-json\/wp\/v2\/posts\/8942\/revisions"}],"predecessor-version":[{"id":8948,"href":"https:\/\/mycapil.com\/pt-br\/wp-json\/wp\/v2\/posts\/8942\/revisions\/8948"}],"wp:featuredmedia":[{"embeddable":true,"href":"https:\/\/mycapil.com\/pt-br\/wp-json\/wp\/v2\/media\/8581"}],"wp:attachment":[{"href":"https:\/\/mycapil.com\/pt-br\/wp-json\/wp\/v2\/media?parent=8942"}],"wp:term":[{"taxonomy":"category","embeddable":true,"href":"https:\/\/mycapil.com\/pt-br\/wp-json\/wp\/v2\/categories?post=8942"},{"taxonomy":"post_tag","embeddable":true,"href":"https:\/\/mycapil.com\/pt-br\/wp-json\/wp\/v2\/tags?post=8942"}],"curies":[{"name":"wp","href":"https:\/\/api.w.org\/{rel}","templated":true}]}}